{"id":4606,"date":"2025-04-09T17:00:14","date_gmt":"2025-04-09T20:00:14","guid":{"rendered":"https:\/\/sebraepr.com.br\/soucuritiba\/?p=4606"},"modified":"2025-04-11T09:25:14","modified_gmt":"2025-04-11T12:25:14","slug":"lista-dos-selecionados-para-edicao-2025","status":"publish","type":"post","link":"https:\/\/sebraepr.com.br\/soucuritiba\/lista-dos-selecionados-para-edicao-2025\/","title":{"rendered":"Lista dos selecionados para Edi\u00e7\u00e3o 2025."},"content":{"rendered":"\n<p><\/p>\n\n\n\n<figure class=\"wp-block-table\"><table><tbody><tr><td><strong>RAZ\u00c3O SOCIAL<\/strong><\/td><td><strong>CRIATIVO<\/strong><\/td><\/tr><tr><td>Alba Valeria Patolea de Andrade<\/td><td>Alba Valeria Patolea de Andrade<\/td><\/tr><tr><td>Ana Nilcen Lima Cavalcante<\/td><td>Ana Nilcen Lima Cavalcante<\/td><\/tr><tr><td>Andr\u00e9a Alves<\/td><td>Caroline Alves Nogueira<\/td><\/tr><tr><td>Aparecida Fatima de Oliveira<\/td><td>Aparecida Fatima de Oliveira<\/td><\/tr><tr><td>Artur Barrera de Pieri<\/td><td>Artur Barrera de Pieri<\/td><\/tr><tr><td>Bianca Paiola Laurenti<\/td><td>Bianca Paiola Laurenti<\/td><\/tr><tr><td>Blooming Aromas<\/td><td>Edson Lu\u00eds Vieira<\/td><\/tr><tr><td>Chau\u00e1<\/td><td>Jana\u00edna Santos Valle Buzeti<\/td><\/tr><tr><td>Claudia Roriz Furiati Muller<\/td><td>Claudia Roriz Furiati Muller<\/td><\/tr><tr><td>Clayton Gronovicz<\/td><td>Clayton Gronovicz<\/td><\/tr><tr><td>D\u00e9bora Zempulski Jorgensen Blitzkow<\/td><td>Debora Zempulski Jorgensen Blitzkow<\/td><\/tr><tr><td>Edson Luiz Kaminsi<\/td><td>Edson Luiz Kaminski<\/td><\/tr><tr><td>F\u00e1brica Express Ltda<\/td><td>Andr\u00e9ia de Morais Menezes<\/td><\/tr><tr><td>Fernando Ant\u00f4nio de Oliveira Lopes<\/td><td>Fernando Lopes<\/td><\/tr><tr><td>Jussara Traven\u00e7olo Sampaio<\/td><td>Jussara Traven\u00e7olo Sampaio<\/td><\/tr><tr><td>Kazaxique Brindes e Presentes Personalizados<\/td><td>Adriana Laurindo de Oliveira<\/td><\/tr><tr><td>Li d Dan Personalizados<\/td><td>Elisangela Barbosa<\/td><\/tr><tr><td>Lyan Comercial Ltda<\/td><td>Daniela Sommer<\/td><\/tr><tr><td>Mamy Blue Croch\u00ea<\/td><td>Ana Daniela de Oliveira Chruscielski<\/td><\/tr><tr><td>Marcio Roberto Lenhardt<\/td><td>Maria Rosana Ceccon<\/td><\/tr><tr><td>Marcus Arthur Esper Me<\/td><td>Marcus Arthur Esper<\/td><\/tr><tr><td>Ns Decora\u00e7\u00e3o Criativa<\/td><td>Nicole da Silva<\/td><\/tr><tr><td>Ricardo Augusto Machuca Cavalcante<\/td><td>Ricardo Augusto Machuca Cavalcante<\/td><\/tr><tr><td>Sibeli Ramos Morais<\/td><td>Sibeli Ramos Morais<\/td><\/tr><tr><td>Velapontocom<\/td><td>Tathiana Ziemmer<\/td><\/tr><\/tbody><\/table><\/figure>\n\n\n\n<p>Os selecionados dever\u00e3o comparecer ao primeiro encontro de qualifica\u00e7\u00e3o do SouCuritiba a ser realizado:<\/p>\n\n\n\n<p>Dia: 16\/04\/25<\/p>\n\n\n\n<p>Hora: 19horas<\/p>\n\n\n\n<p>Local: SEBRAE\/PR \u2013 Rua Cyro Vellozo, 59 \u2013 Prado Velho, Curitiba.<\/p>\n\n\n\n<p>A falta ser\u00e1 entendida como desist\u00eancia da Jornada Criativa.<\/p>\n\n\n\n<p>Demais agendas ser\u00e3o enviadas pelo grupo exclusivo de whatsapp.<\/p>\n","protected":false},"excerpt":{"rendered":"<p>RAZ\u00c3O SOCIAL CRIATIVO Alba Valeria Patolea de Andrade Alba Valeria Patolea de Andrade Ana Nilcen Lima Cavalcante Ana Nilcen Lima Cavalcante Andr\u00e9a Alves Caroline Alves Nogueira Aparecida Fatima de Oliveira Aparecida Fatima de Oliveira Artur Barrera de Pieri Artur Barrera de Pieri Bianca Paiola Laurenti Bianca Paiola Laurenti Blooming Aromas Edson Lu\u00eds Vieira Chau\u00e1 Jana\u00edna [&hellip;]<\/p>\n","protected":false},"author":10,"featured_media":4626,"comment_status":"closed","ping_status":"closed","sticky":false,"template":"","format":"standard","meta":[],"categories":[3],"tags":[],"_links":{"self":[{"href":"https:\/\/sebraepr.com.br\/soucuritiba\/wp-json\/wp\/v2\/posts\/4606"}],"collection":[{"href":"https:\/\/sebraepr.com.br\/soucuritiba\/wp-json\/wp\/v2\/posts"}],"about":[{"href":"https:\/\/sebraepr.com.br\/soucuritiba\/wp-json\/wp\/v2\/types\/post"}],"author":[{"embeddable":true,"href":"https:\/\/sebraepr.com.br\/soucuritiba\/wp-json\/wp\/v2\/users\/10"}],"replies":[{"embeddable":true,"href":"https:\/\/sebraepr.com.br\/soucuritiba\/wp-json\/wp\/v2\/comments?post=4606"}],"version-history":[{"count":2,"href":"https:\/\/sebraepr.com.br\/soucuritiba\/wp-json\/wp\/v2\/posts\/4606\/revisions"}],"predecessor-version":[{"id":4627,"href":"https:\/\/sebraepr.com.br\/soucuritiba\/wp-json\/wp\/v2\/posts\/4606\/revisions\/4627"}],"wp:featuredmedia":[{"embeddable":true,"href":"https:\/\/sebraepr.com.br\/soucuritiba\/wp-json\/wp\/v2\/media\/4626"}],"wp:attachment":[{"href":"https:\/\/sebraepr.com.br\/soucuritiba\/wp-json\/wp\/v2\/media?parent=4606"}],"wp:term":[{"taxonomy":"category","embeddable":true,"href":"https:\/\/sebraepr.com.br\/soucuritiba\/wp-json\/wp\/v2\/categories?post=4606"},{"taxonomy":"post_tag","embeddable":true,"href":"https:\/\/sebraepr.com.br\/soucuritiba\/wp-json\/wp\/v2\/tags?post=4606"}],"curies":[{"name":"wp","href":"https:\/\/api.w.org\/{rel}","templated":true}]}}