{"id":4037,"date":"2024-05-03T14:28:38","date_gmt":"2024-05-03T17:28:38","guid":{"rendered":"https:\/\/sebraepr.com.br\/soucuritiba\/?p=4037"},"modified":"2024-10-10T11:55:39","modified_gmt":"2024-10-10T14:55:39","slug":"lista-dos-participantes-selecionados-para-a-edicao-2024","status":"publish","type":"post","link":"https:\/\/sebraepr.com.br\/soucuritiba\/lista-dos-participantes-selecionados-para-a-edicao-2024\/","title":{"rendered":"Lista dos Participantes Selecionados para a Edi\u00e7\u00e3o 2024"},"content":{"rendered":"\n<style type=\"text\/css\" data-created_by=\"avia_inline_auto\" id=\"style-css-av-m23f1457-5a2435900da75b508b9723c8c7f45f50\">\n#top .av-special-heading.av-m23f1457-5a2435900da75b508b9723c8c7f45f50{\npadding-bottom:10px;\n}\nbody .av-special-heading.av-m23f1457-5a2435900da75b508b9723c8c7f45f50 .av-special-heading-tag .heading-char{\nfont-size:25px;\n}\n.av-special-heading.av-m23f1457-5a2435900da75b508b9723c8c7f45f50 .av-subheading{\nfont-size:15px;\n}\n<\/style>\n<div  class='av-special-heading av-m23f1457-5a2435900da75b508b9723c8c7f45f50 av-special-heading-h2  avia-builder-el-0  el_before_av_heading  avia-builder-el-first '><h2 class='av-special-heading-tag'  itemprop=\"headline\"  >Lista dos participantes selecionados 2024<\/h2><div class=\"special-heading-border\"><div class=\"special-heading-inner-border\"><\/div><\/div><\/div>\n\n<style type=\"text\/css\" data-created_by=\"avia_inline_auto\" id=\"style-css-av-m23f1ugk-389382f15ac61f8a25f3cc80e0bb8a56\">\n#top .av-special-heading.av-m23f1ugk-389382f15ac61f8a25f3cc80e0bb8a56{\npadding-bottom:10px;\n}\nbody .av-special-heading.av-m23f1ugk-389382f15ac61f8a25f3cc80e0bb8a56 .av-special-heading-tag .heading-char{\nfont-size:25px;\n}\n.av-special-heading.av-m23f1ugk-389382f15ac61f8a25f3cc80e0bb8a56 .av-subheading{\nfont-size:15px;\n}\n<\/style>\n<div  class='av-special-heading av-m23f1ugk-389382f15ac61f8a25f3cc80e0bb8a56 av-special-heading-h3  avia-builder-el-1  el_after_av_heading  el_before_av_one_half '><h3 class='av-special-heading-tag'  itemprop=\"headline\"  >Veja a seguir a lista dos Criativos Selecionados<\/h3><div class=\"special-heading-border\"><div class=\"special-heading-inner-border\"><\/div><\/div><\/div>\n<div class='flex_column_table av-m23f5pfj-ddac56958fed1fbea46d709889518d19 sc-av_one_half av-equal-height-column-flextable'>\n<style type=\"text\/css\" data-created_by=\"avia_inline_auto\" id=\"style-css-av-m23f5pfj-ddac56958fed1fbea46d709889518d19\">\n.flex_column.av-m23f5pfj-ddac56958fed1fbea46d709889518d19{\npadding:20px 20px 20px 20px;\nbackground-color:#ffffff;\n}\n<\/style>\n<div class='flex_column av-m23f5pfj-ddac56958fed1fbea46d709889518d19 av_one_half  avia-builder-el-2  el_after_av_heading  el_before_av_one_half  first no_margin flex_column_table_cell av-equal-height-column av-align-top '   ><section  class='av_textblock_section av-m23f3uge-dc9e522f5210883b21cdc3262cc78444'  itemscope=\"itemscope\" itemtype=\"https:\/\/schema.org\/BlogPosting\" itemprop=\"blogPost\" ><div class='avia_textblock'  itemprop=\"text\" ><ul>\n<li>Adriana Gon\u00e7alves Metzger<\/li>\n<li>Alexandra Giovanna Camarosk<\/li>\n<li>Alice F\u00e1tima dos Santos<\/li>\n<li>Aloisio H Selhorst<\/li>\n<li>Ana Silvia Doring<\/li>\n<li>Anelise Bittencourt Gerceski<\/li>\n<li>B\u00e1rbara Vieira<\/li>\n<li>Bruno Yamada Zambenedetti<\/li>\n<li>Carolina Pereira Bastos<\/li>\n<li>Carolina Raeder Rempto<\/li>\n<li>Cristiane Aparecida Felix<\/li>\n<li>Danielle Cunha Pereira<\/li>\n<li>D\u00e9bora Z Jorgensen<\/li>\n<li>Desir\u00e9e Sessegolo<\/li>\n<li>Erika Iinuma<\/li>\n<li>Felix Proen\u00e7a Trindade<\/li>\n<li>Fl\u00e1via Cristiane Orso<\/li>\n<li>Ge\u00f3rgia Collete R S Cadamuro<\/li>\n<li>Giovanna Thais Martins Alves<\/li>\n<li>Gleyce Cruz da Silva Gomez<\/li>\n<li>Gloria Maria Gerber Vargas<\/li>\n<li>H\u00e9lio Gilson Broday<\/li>\n<li>Heloise Mileine Mara<\/li>\n<li>Jamille Figueiredo de Souza<\/li>\n<\/ul>\n<\/div><\/section><\/div>\n<style type=\"text\/css\" data-created_by=\"avia_inline_auto\" id=\"style-css-av-m23f5vgt-e23bd8e64e523226beb2304aabd30af0\">\n.flex_column.av-m23f5vgt-e23bd8e64e523226beb2304aabd30af0{\npadding:20px 20px 20px 20px;\nbackground-color:#ffffff;\n}\n<\/style>\n<div class='flex_column av-m23f5vgt-e23bd8e64e523226beb2304aabd30af0 av_one_half  avia-builder-el-4  el_after_av_one_half  el_before_av_textblock  no_margin flex_column_table_cell av-equal-height-column av-align-top '   ><section  class='av_textblock_section av-lvqxwav2-ac98d419337fac29c6ce2f247ebfbe4b'  itemscope=\"itemscope\" itemtype=\"https:\/\/schema.org\/BlogPosting\" itemprop=\"blogPost\" ><div class='avia_textblock'  itemprop=\"text\" ><ul>\n<li>Juliana Costa Pereira<\/li>\n<li>Jussara Maria de Souza<\/li>\n<li>Lara Drinko<\/li>\n<li>Larissa Magdalena Bertuca Vasconcelos<\/li>\n<li>Luanna Martins Turin<\/li>\n<li>M\u00e1rcia galvao simm<\/li>\n<li>Maria de F\u00e1tima de Souza Martins<\/li>\n<li>Maria Emilia Mendes Jayme<\/li>\n<li>Marilene da Silva Berriel Oliveira<\/li>\n<li>Maristela Dias Antoniacomi<\/li>\n<li>Maurelys Betancourt<\/li>\n<li>Nilcema do rocio ratim<\/li>\n<li>Patr\u00edcia Malenski Matosita<\/li>\n<li>Pedro Fernando Czarneski<\/li>\n<li>Rafael Cavalcante Da Fonseca<\/li>\n<li>Rosani Batista da Silva Am\u00e9rico<\/li>\n<li>Ruth Schneider M\u00fcller<\/li>\n<li>Tathiana Ziemmer<\/li>\n<li>Tatiane Ferraz<\/li>\n<li>Tiago Marian Cardoso<\/li>\n<li>Tinara Chaves<\/li>\n<li>Valeska Catani<\/li>\n<li>Vanessa Luhasievz<\/li>\n<li>Yuka Nakaba Waki<\/li>\n<\/ul>\n<\/div><\/section><\/div><\/div><!--close column table wrapper. Autoclose: 1 --><section  class='av_textblock_section av-m23f7w4m-36e05f40fb234e4788d3a4e3cc4bb418'  itemscope=\"itemscope\" itemtype=\"https:\/\/schema.org\/BlogPosting\" itemprop=\"blogPost\" ><div class='avia_textblock'  itemprop=\"text\" ><hr \/>\n<p><strong>IMPORTANTE:<\/strong> Todos os selecionados devem comparecer ao primeiro dia de atividades (Etapa 1) para a confirma\u00e7\u00e3o da participa\u00e7\u00e3o com a assinatura do Termo de Aceite do Regulamento.<\/p>\n<p><strong>Etapa 1<\/strong><\/p>\n<p>Dia: 14\/05<\/p>\n<p>Hora: das 19 \u00e0s 22 horas<\/p>\n<p>Local: Sebrae &#8211; Rua Cyro Vellozo, 59 &#8211; Prado Velho<\/p>\n<p><strong>Programa\u00e7\u00e3o:<\/strong><\/p>\n<p>&#8211; Abertura oficial<\/p>\n<p>&#8211; Palestra: Turismo, que neg\u00f3cio \u00e9 esse.<\/p>\n<p>&#8211; Palestra: Souvenir: materializa\u00e7\u00e3o das experi\u00eancias tur\u00edsticas<\/p>\n<p>&#8211; Casos de Sucesso SouCuritiba \u2013 Com Criativos convidados<\/p>\n<p>&#8211; Orienta\u00e7\u00f5es e agenda das pr\u00f3ximas etapas<\/p>\n<p>At\u00e9 l\u00e1!<\/p>\n<\/div><\/section><\/p>\n","protected":false},"excerpt":{"rendered":"","protected":false},"author":10,"featured_media":4044,"comment_status":"closed","ping_status":"closed","sticky":false,"template":"","format":"standard","meta":[],"categories":[3],"tags":[37,214,213],"_links":{"self":[{"href":"https:\/\/sebraepr.com.br\/soucuritiba\/wp-json\/wp\/v2\/posts\/4037"}],"collection":[{"href":"https:\/\/sebraepr.com.br\/soucuritiba\/wp-json\/wp\/v2\/posts"}],"about":[{"href":"https:\/\/sebraepr.com.br\/soucuritiba\/wp-json\/wp\/v2\/types\/post"}],"author":[{"embeddable":true,"href":"https:\/\/sebraepr.com.br\/soucuritiba\/wp-json\/wp\/v2\/users\/10"}],"replies":[{"embeddable":true,"href":"https:\/\/sebraepr.com.br\/soucuritiba\/wp-json\/wp\/v2\/comments?post=4037"}],"version-history":[{"count":12,"href":"https:\/\/sebraepr.com.br\/soucuritiba\/wp-json\/wp\/v2\/posts\/4037\/revisions"}],"predecessor-version":[{"id":4433,"href":"https:\/\/sebraepr.com.br\/soucuritiba\/wp-json\/wp\/v2\/posts\/4037\/revisions\/4433"}],"wp:featuredmedia":[{"embeddable":true,"href":"https:\/\/sebraepr.com.br\/soucuritiba\/wp-json\/wp\/v2\/media\/4044"}],"wp:attachment":[{"href":"https:\/\/sebraepr.com.br\/soucuritiba\/wp-json\/wp\/v2\/media?parent=4037"}],"wp:term":[{"taxonomy":"category","embeddable":true,"href":"https:\/\/sebraepr.com.br\/soucuritiba\/wp-json\/wp\/v2\/categories?post=4037"},{"taxonomy":"post_tag","embeddable":true,"href":"https:\/\/sebraepr.com.br\/soucuritiba\/wp-json\/wp\/v2\/tags?post=4037"}],"curies":[{"name":"wp","href":"https:\/\/api.w.org\/{rel}","templated":true}]}}