{"id":4424,"date":"2020-07-13T10:09:03","date_gmt":"2020-07-13T13:09:03","guid":{"rendered":"https:\/\/sebraepr.com.br\/sebraetec\/?p=4424"},"modified":"2020-07-13T10:14:45","modified_gmt":"2020-07-13T13:14:45","slug":"grafobox-embalagens-ltda","status":"publish","type":"post","link":"https:\/\/sebraepr.com.br\/sebraetec\/grafobox-embalagens-ltda\/","title":{"rendered":"Grafobox Embalagens LTDA"},"content":{"rendered":"\n<style type=\"text\/css\" data-created_by=\"avia_inline_auto\" id=\"style-css-av-6jtoab-68957e1082cd4a5ec966ff66737b67d8\">\n.flex_column.av-6jtoab-68957e1082cd4a5ec966ff66737b67d8{\nborder-radius:0px 0px 0px 0px;\n-webkit-border-radius:0px 0px 0px 0px;\n-moz-border-radius:0px 0px 0px 0px;\n}\n<\/style>\n<div class='flex_column av-6jtoab-68957e1082cd4a5ec966ff66737b67d8 av_one_full  avia-builder-el-0  el_before_av_one_full  avia-builder-el-first  first flex_column_div av-zero-column-padding '   ><style type=\"text\/css\" data-created_by=\"avia_inline_auto\" id=\"style-css-av-kcewilx6-c35d6b38dec25e52dd2fa4c1559398c2\">\n.avia-image-container.av-kcewilx6-c35d6b38dec25e52dd2fa4c1559398c2 .av-image-caption-overlay-center{\ncolor:#ffffff;\n}\n<\/style>\n<div  class='avia-image-container av-kcewilx6-c35d6b38dec25e52dd2fa4c1559398c2 av-styling- avia-align-  avia-builder-el-1  avia-builder-el-no-sibling '  itemprop=\"image\" itemscope=\"itemscope\" itemtype=\"https:\/\/schema.org\/ImageObject\" ><div class=\"avia-image-container-inner\"><div class=\"avia-image-overlay-wrap\"><img class='wp-image-4290 avia-img-lazy-loading-not-4290 avia_image' src=\"https:\/\/sebraepr.com.br\/sebraetec\/wp-content\/uploads\/2020\/07\/Categoria-Produ\u00e7\u00e3o-e-Qualidade.png\" alt='' title='Categoria Produ\u00e7\u00e3o e Qualidade'  height=\"146\" width=\"1000\"  itemprop=\"thumbnailUrl\" srcset=\"https:\/\/sebraepr.com.br\/sebraetec\/wp-content\/uploads\/2020\/07\/Categoria-Produ\u00e7\u00e3o-e-Qualidade.png 1000w, https:\/\/sebraepr.com.br\/sebraetec\/wp-content\/uploads\/2020\/07\/Categoria-Produ\u00e7\u00e3o-e-Qualidade-300x44.png 300w, https:\/\/sebraepr.com.br\/sebraetec\/wp-content\/uploads\/2020\/07\/Categoria-Produ\u00e7\u00e3o-e-Qualidade-768x112.png 768w, https:\/\/sebraepr.com.br\/sebraetec\/wp-content\/uploads\/2020\/07\/Categoria-Produ\u00e7\u00e3o-e-Qualidade-705x103.png 705w\" sizes=\"(max-width: 1000px) 100vw, 1000px\" \/><\/div><\/div><\/div><\/div>\n\n<style type=\"text\/css\" data-created_by=\"avia_inline_auto\" id=\"style-css-av-4lhyb7-a104e1e551150bc8ac3c0f9b724fb63e\">\n.flex_column.av-4lhyb7-a104e1e551150bc8ac3c0f9b724fb63e{\nborder-radius:0px 0px 0px 0px;\n-webkit-border-radius:0px 0px 0px 0px;\n-moz-border-radius:0px 0px 0px 0px;\n}\n<\/style>\n<div class='flex_column av-4lhyb7-a104e1e551150bc8ac3c0f9b724fb63e av_one_full  avia-builder-el-2  el_after_av_one_full  el_before_av_two_fifth  first flex_column_div av-zero-column-padding column-top-margin'   ><style type=\"text\/css\" data-created_by=\"avia_inline_auto\" id=\"style-css-av-kckiv0kq-47946a4a26e6913d8f9531c4ed3a6a3e\">\n#top .av-special-heading.av-kckiv0kq-47946a4a26e6913d8f9531c4ed3a6a3e{\npadding-bottom:10px;\n}\nbody .av-special-heading.av-kckiv0kq-47946a4a26e6913d8f9531c4ed3a6a3e .av-special-heading-tag .heading-char{\nfont-size:25px;\n}\n.av-special-heading.av-kckiv0kq-47946a4a26e6913d8f9531c4ed3a6a3e .av-subheading{\nfont-size:15px;\n}\n<\/style>\n<div  class='av-special-heading av-kckiv0kq-47946a4a26e6913d8f9531c4ed3a6a3e av-special-heading-h3 blockquote modern-quote  avia-builder-el-3  avia-builder-el-no-sibling '><h3 class='av-special-heading-tag'  itemprop=\"headline\"  >Grafobox Embalagens LTDA<\/h3><div class=\"special-heading-border\"><div class=\"special-heading-inner-border\"><\/div><\/div><\/div><\/div><div class='flex_column_table av-28a6hv-fcab1298044f6e031625f5908c34b3de sc-av_two_fifth av-equal-height-column-flextable'>\n<style type=\"text\/css\" data-created_by=\"avia_inline_auto\" id=\"style-css-av-28a6hv-fcab1298044f6e031625f5908c34b3de\">\n.flex_column.av-28a6hv-fcab1298044f6e031625f5908c34b3de{\nborder-radius:0px 0px 0px 0px;\n-webkit-border-radius:0px 0px 0px 0px;\n-moz-border-radius:0px 0px 0px 0px;\n}\n<\/style>\n<div class='flex_column av-28a6hv-fcab1298044f6e031625f5908c34b3de av_two_fifth  avia-builder-el-4  el_after_av_one_full  el_before_av_three_fifth  first flex_column_table_cell av-equal-height-column av-align-middle av-zero-column-padding column-top-margin'   ><style type=\"text\/css\" data-created_by=\"avia_inline_auto\" id=\"style-css-av-kcewmxbw-f0ff549ff40cec490d50fb8eea25abdf\">\n#top .av_textblock_section.av-kcewmxbw-f0ff549ff40cec490d50fb8eea25abdf .avia_textblock{\nfont-size:20px;\n}\n<\/style>\n<section  class='av_textblock_section av-kcewmxbw-f0ff549ff40cec490d50fb8eea25abdf'  itemscope=\"itemscope\" itemtype=\"https:\/\/schema.org\/BlogPosting\" itemprop=\"blogPost\" ><div class='avia_textblock av_inherit_color'  itemprop=\"text\" ><p>Empresa de embalagens inova em seu neg\u00f3cio e v\u00ea lucro crescer entre 5 e 10% ao m\u00eas.<\/p>\n<\/div><\/section><\/div><div class='av-flex-placeholder'><\/div>\n<style type=\"text\/css\" data-created_by=\"avia_inline_auto\" id=\"style-css-av-28a6hv-1c12214bd3360947c6a35ade7f028856\">\n.flex_column.av-28a6hv-1c12214bd3360947c6a35ade7f028856{\nborder-radius:0px 0px 0px 0px;\n-webkit-border-radius:0px 0px 0px 0px;\n-moz-border-radius:0px 0px 0px 0px;\n}\n<\/style>\n<div class='flex_column av-28a6hv-1c12214bd3360947c6a35ade7f028856 av_three_fifth  avia-builder-el-6  el_after_av_two_fifth  el_before_av_one_full  flex_column_table_cell av-equal-height-column av-align-middle av-zero-column-padding column-top-margin'   ><style type=\"text\/css\" data-created_by=\"avia_inline_auto\" id=\"style-css-av-kcewmxbw-6453aadbded18a01eb49019a21c6353b\">\n#top .av_textblock_section.av-kcewmxbw-6453aadbded18a01eb49019a21c6353b .avia_textblock{\nfont-size:20px;\ncolor:#f58220;\n}\n<\/style>\n<section  class='av_textblock_section av-kcewmxbw-6453aadbded18a01eb49019a21c6353b'  itemscope=\"itemscope\" itemtype=\"https:\/\/schema.org\/BlogPosting\" itemprop=\"blogPost\" ><div class='avia_textblock av_inherit_color'  itemprop=\"text\" ><p>COM ALGUMAS MUDAN\u00c7AS NOS PROCESSOS E ORIENTA\u00c7\u00d5ES SOBRE REGULARIZA\u00c7\u00d5ES, A GRAFOBOX EMBALAGENS LTDA P\u00d4DE AMPLIAR SEUS ATENDIMENTOS COM CERTIFICA\u00c7\u00c3O E QUALIDADE GARANTIDA.<\/p>\n<\/div><\/section><\/div><\/div><!--close column table wrapper. Autoclose: 1 -->\n<style type=\"text\/css\" data-created_by=\"avia_inline_auto\" id=\"style-css-av-2ocvtv-956707348d9658f69c69f25a11f54c8d\">\n.flex_column.av-2ocvtv-956707348d9658f69c69f25a11f54c8d{\nborder-radius:0px 0px 0px 0px;\n-webkit-border-radius:0px 0px 0px 0px;\n-moz-border-radius:0px 0px 0px 0px;\n}\n<\/style>\n<div class='flex_column av-2ocvtv-956707348d9658f69c69f25a11f54c8d av_one_full  avia-builder-el-8  el_after_av_three_fifth  el_before_av_one_fourth  first flex_column_div av-zero-column-padding '   ><p><section  class='av_textblock_section av-kceucd50-c13c828285c3a90823ab28657a677d8e'  itemscope=\"itemscope\" itemtype=\"https:\/\/schema.org\/BlogPosting\" itemprop=\"blogPost\" ><div class='avia_textblock'  itemprop=\"text\" ><p>A empresa <strong>GRAFOBOX EMBALAGENS LTDA<\/strong>, localizada na cidade Tel\u00eamaco Borba, atua no mercado no ramo de papel cart\u00e3o, micro-ondulado e kraft para linhas industriais, farmac\u00eautica, aliment\u00edcia e lojista. Com a implanta\u00e7\u00e3o de inova\u00e7\u00f5es no neg\u00f3cio atrav\u00e9s das solu\u00e7\u00f5es ofertadas pelo Sebraetec, a marca viu o seu lucro crescer 5 a 10% no m\u00eas do servi\u00e7o a partir de um grande aumento em vendas e indica\u00e7\u00f5es de novos clientes.<\/p>\n<\/div><\/section><br \/>\n\n<style type=\"text\/css\" data-created_by=\"avia_inline_auto\" id=\"style-css-av-kcexgamr-db854bc35340023f1c11dfe12f7f9945\">\n.avia-image-container.av-kcexgamr-db854bc35340023f1c11dfe12f7f9945 .av-image-caption-overlay-center{\ncolor:#ffffff;\n}\n<\/style>\n<div  class='avia-image-container av-kcexgamr-db854bc35340023f1c11dfe12f7f9945 av-styling- avia-align-center  avia-builder-el-10  el_after_av_textblock  el_before_av_textblock '  itemprop=\"image\" itemscope=\"itemscope\" itemtype=\"https:\/\/schema.org\/ImageObject\" ><div class=\"avia-image-container-inner\"><div class=\"avia-image-overlay-wrap\"><img class='wp-image-4425 avia-img-lazy-loading-not-4425 avia_image' src=\"https:\/\/sebraepr.com.br\/sebraetec\/wp-content\/uploads\/2020\/07\/grafobox01.jpg\" alt='' title='grafobox01'  height=\"618\" width=\"600\"  itemprop=\"thumbnailUrl\" srcset=\"https:\/\/sebraepr.com.br\/sebraetec\/wp-content\/uploads\/2020\/07\/grafobox01.jpg 600w, https:\/\/sebraepr.com.br\/sebraetec\/wp-content\/uploads\/2020\/07\/grafobox01-291x300.jpg 291w, https:\/\/sebraepr.com.br\/sebraetec\/wp-content\/uploads\/2020\/07\/grafobox01-36x36.jpg 36w\" sizes=\"(max-width: 600px) 100vw, 600px\" \/><\/div><\/div><\/div><br \/>\n<section  class='av_textblock_section av-kceucd50-c13c828285c3a90823ab28657a677d8e'  itemscope=\"itemscope\" itemtype=\"https:\/\/schema.org\/BlogPosting\" itemprop=\"blogPost\" ><div class='avia_textblock'  itemprop=\"text\" ><p>A inova\u00e7\u00e3o come\u00e7ou com ensaios de migra\u00e7\u00e3o total e espec\u00edfica de metais para embalagens, que foi modernizada para melhor atender seus clientes e possibilitou o fornecimento de embalagens para a Brasil Cacau.<\/p>\n<p>O subs\u00eddio de 70% foi essencial para prosseguir com o servi\u00e7o e levou \u00e0 solicita\u00e7\u00e3o de um novo aux\u00edlio do programa Sebraetec: o servi\u00e7o de Boas pr\u00e1ticas de Fabrica\u00e7\u00e3o para Empresas de Alimentos e Bebidas.<\/p>\n<\/div><\/section><\/p><\/div><div class='flex_column_table av-4kcstv-f7c90a7a2d8f2e4c83c05777ee7994ad sc-av_one_fourth av-equal-height-column-flextable'>\n<style type=\"text\/css\" data-created_by=\"avia_inline_auto\" id=\"style-css-av-4kcstv-f7c90a7a2d8f2e4c83c05777ee7994ad\">\n.flex_column.av-4kcstv-f7c90a7a2d8f2e4c83c05777ee7994ad{\nborder-radius:0px 0px 0px 0px;\n-webkit-border-radius:0px 0px 0px 0px;\n-moz-border-radius:0px 0px 0px 0px;\n}\n<\/style>\n<div class='flex_column av-4kcstv-f7c90a7a2d8f2e4c83c05777ee7994ad av_one_fourth  avia-builder-el-12  el_after_av_one_full  el_before_av_one_half  first flex_column_table_cell av-equal-height-column av-align-middle av-zero-column-padding column-top-margin'   ><\/div><div class='av-flex-placeholder'><\/div>\n<style type=\"text\/css\" data-created_by=\"avia_inline_auto\" id=\"style-css-av-747yr-fec0d5955e81ca0fca6fb9262677fd56\">\n.flex_column.av-747yr-fec0d5955e81ca0fca6fb9262677fd56{\nborder-radius:0px 0px 0px 0px;\n-webkit-border-radius:0px 0px 0px 0px;\n-moz-border-radius:0px 0px 0px 0px;\n}\n<\/style>\n<div class='flex_column av-747yr-fec0d5955e81ca0fca6fb9262677fd56 av_one_half  avia-builder-el-13  el_after_av_one_fourth  el_before_av_one_fourth  flex_column_table_cell av-equal-height-column av-align-middle av-zero-column-padding column-top-margin'   ><section  class='av_textblock_section av-kceuclmt-a995460eef06902e9fcbe3971f1442d5'  itemscope=\"itemscope\" itemtype=\"https:\/\/schema.org\/BlogPosting\" itemprop=\"blogPost\" ><div class='avia_textblock'  itemprop=\"text\" ><p><img loading=\"lazy\" src=\"https:\/\/sebraepr.com.br\/sebraetec\/wp-content\/uploads\/2020\/07\/as-pro1.png\" alt=\"\" width=\"31\" height=\"31\" \/><br \/>\nN\u00f3s precis\u00e1vamos de um laudo de migra\u00e7\u00e3o, do qual n\u00f3s n\u00e3o t\u00ednhamos conhecimento. Quase perdemos um cliente potencial que exigia esse documento, mas foi quando recorremos ao Sebraetec que nos orientou e indicou como poder\u00edamos regularizar.<br \/>\n<img loading=\"lazy\" class=\"alignright\" src=\"https:\/\/sebraepr.com.br\/sebraetec\/wp-content\/uploads\/2020\/07\/as-pro2.png\" alt=\"\" width=\"31\" height=\"31\" \/><\/p>\n<p>explicou o empres\u00e1rio Luciano Kossar.<\/p>\n<\/div><\/section><\/div><div class='av-flex-placeholder'><\/div>\n<style type=\"text\/css\" data-created_by=\"avia_inline_auto\" id=\"style-css-av-4kcstv-9a1c6d207aaedfe102eb4769a4dc7c94\">\n.flex_column.av-4kcstv-9a1c6d207aaedfe102eb4769a4dc7c94{\nborder-radius:0px 0px 0px 0px;\n-webkit-border-radius:0px 0px 0px 0px;\n-moz-border-radius:0px 0px 0px 0px;\n}\n<\/style>\n<div class='flex_column av-4kcstv-9a1c6d207aaedfe102eb4769a4dc7c94 av_one_fourth  avia-builder-el-15  el_after_av_one_half  avia-builder-el-last  flex_column_table_cell av-equal-height-column av-align-middle av-zero-column-padding column-top-margin'   ><\/div><\/div><!--close column table wrapper. Autoclose: 1 --><\/p>\n","protected":false},"excerpt":{"rendered":"<p>Empresa de embalagens inova em seu neg\u00f3cio e v\u00ea lucro crescer entre 5 e 10% ao m\u00eas.<\/p>\n","protected":false},"author":1,"featured_media":4425,"comment_status":"closed","ping_status":"closed","sticky":false,"template":"","format":"standard","meta":[],"categories":[21,27],"tags":[41],"_links":{"self":[{"href":"https:\/\/sebraepr.com.br\/sebraetec\/wp-json\/wp\/v2\/posts\/4424"}],"collection":[{"href":"https:\/\/sebraepr.com.br\/sebraetec\/wp-json\/wp\/v2\/posts"}],"about":[{"href":"https:\/\/sebraepr.com.br\/sebraetec\/wp-json\/wp\/v2\/types\/post"}],"author":[{"embeddable":true,"href":"https:\/\/sebraepr.com.br\/sebraetec\/wp-json\/wp\/v2\/users\/1"}],"replies":[{"embeddable":true,"href":"https:\/\/sebraepr.com.br\/sebraetec\/wp-json\/wp\/v2\/comments?post=4424"}],"version-history":[{"count":8,"href":"https:\/\/sebraepr.com.br\/sebraetec\/wp-json\/wp\/v2\/posts\/4424\/revisions"}],"predecessor-version":[{"id":4433,"href":"https:\/\/sebraepr.com.br\/sebraetec\/wp-json\/wp\/v2\/posts\/4424\/revisions\/4433"}],"wp:featuredmedia":[{"embeddable":true,"href":"https:\/\/sebraepr.com.br\/sebraetec\/wp-json\/wp\/v2\/media\/4425"}],"wp:attachment":[{"href":"https:\/\/sebraepr.com.br\/sebraetec\/wp-json\/wp\/v2\/media?parent=4424"}],"wp:term":[{"taxonomy":"category","embeddable":true,"href":"https:\/\/sebraepr.com.br\/sebraetec\/wp-json\/wp\/v2\/categories?post=4424"},{"taxonomy":"post_tag","embeddable":true,"href":"https:\/\/sebraepr.com.br\/sebraetec\/wp-json\/wp\/v2\/tags?post=4424"}],"curies":[{"name":"wp","href":"https:\/\/api.w.org\/{rel}","templated":true}]}}