{"id":4362,"date":"2020-07-09T16:04:21","date_gmt":"2020-07-09T19:04:21","guid":{"rendered":"https:\/\/sebraepr.com.br\/sebraetec\/?p=4362"},"modified":"2020-07-09T16:27:53","modified_gmt":"2020-07-09T19:27:53","slug":"ceramica-e-madeireira-sao-luiz-ltda","status":"publish","type":"post","link":"https:\/\/sebraepr.com.br\/sebraetec\/ceramica-e-madeireira-sao-luiz-ltda\/","title":{"rendered":"Cer\u00e2mica e Madeireira S\u00e3o Luiz LTDA"},"content":{"rendered":"\n<style type=\"text\/css\" data-created_by=\"avia_inline_auto\" id=\"style-css-av-6jtoab-68957e1082cd4a5ec966ff66737b67d8\">\n.flex_column.av-6jtoab-68957e1082cd4a5ec966ff66737b67d8{\nborder-radius:0px 0px 0px 0px;\n-webkit-border-radius:0px 0px 0px 0px;\n-moz-border-radius:0px 0px 0px 0px;\n}\n<\/style>\n<div class='flex_column av-6jtoab-68957e1082cd4a5ec966ff66737b67d8 av_one_full  avia-builder-el-0  el_before_av_one_full  avia-builder-el-first  first flex_column_div av-zero-column-padding '   ><style type=\"text\/css\" data-created_by=\"avia_inline_auto\" id=\"style-css-av-kcewilx6-c35d6b38dec25e52dd2fa4c1559398c2\">\n.avia-image-container.av-kcewilx6-c35d6b38dec25e52dd2fa4c1559398c2 .av-image-caption-overlay-center{\ncolor:#ffffff;\n}\n<\/style>\n<div  class='avia-image-container av-kcewilx6-c35d6b38dec25e52dd2fa4c1559398c2 av-styling- avia-align-  avia-builder-el-1  avia-builder-el-no-sibling '  itemprop=\"image\" itemscope=\"itemscope\" itemtype=\"https:\/\/schema.org\/ImageObject\" ><div class=\"avia-image-container-inner\"><div class=\"avia-image-overlay-wrap\"><img class='wp-image-4290 avia-img-lazy-loading-not-4290 avia_image' src=\"https:\/\/sebraepr.com.br\/sebraetec\/wp-content\/uploads\/2020\/07\/Categoria-Produ\u00e7\u00e3o-e-Qualidade.png\" alt='' title='Categoria Produ\u00e7\u00e3o e Qualidade'  height=\"146\" width=\"1000\"  itemprop=\"thumbnailUrl\" srcset=\"https:\/\/sebraepr.com.br\/sebraetec\/wp-content\/uploads\/2020\/07\/Categoria-Produ\u00e7\u00e3o-e-Qualidade.png 1000w, https:\/\/sebraepr.com.br\/sebraetec\/wp-content\/uploads\/2020\/07\/Categoria-Produ\u00e7\u00e3o-e-Qualidade-300x44.png 300w, https:\/\/sebraepr.com.br\/sebraetec\/wp-content\/uploads\/2020\/07\/Categoria-Produ\u00e7\u00e3o-e-Qualidade-768x112.png 768w, https:\/\/sebraepr.com.br\/sebraetec\/wp-content\/uploads\/2020\/07\/Categoria-Produ\u00e7\u00e3o-e-Qualidade-705x103.png 705w\" sizes=\"(max-width: 1000px) 100vw, 1000px\" \/><\/div><\/div><\/div><\/div>\n\n<style type=\"text\/css\" data-created_by=\"avia_inline_auto\" id=\"style-css-av-4lhyb7-a104e1e551150bc8ac3c0f9b724fb63e\">\n.flex_column.av-4lhyb7-a104e1e551150bc8ac3c0f9b724fb63e{\nborder-radius:0px 0px 0px 0px;\n-webkit-border-radius:0px 0px 0px 0px;\n-moz-border-radius:0px 0px 0px 0px;\n}\n<\/style>\n<div class='flex_column av-4lhyb7-a104e1e551150bc8ac3c0f9b724fb63e av_one_full  avia-builder-el-2  el_after_av_one_full  el_before_av_one_half  first flex_column_div av-zero-column-padding column-top-margin'   ><style type=\"text\/css\" data-created_by=\"avia_inline_auto\" id=\"style-css-av-kcf5txy4-9caec69c63878cf27449ea0ac92b50ca\">\n#top .av-special-heading.av-kcf5txy4-9caec69c63878cf27449ea0ac92b50ca{\npadding-bottom:10px;\n}\nbody .av-special-heading.av-kcf5txy4-9caec69c63878cf27449ea0ac92b50ca .av-special-heading-tag .heading-char{\nfont-size:25px;\n}\n.av-special-heading.av-kcf5txy4-9caec69c63878cf27449ea0ac92b50ca .av-subheading{\nfont-size:15px;\n}\n<\/style>\n<div  class='av-special-heading av-kcf5txy4-9caec69c63878cf27449ea0ac92b50ca av-special-heading-h3 blockquote modern-quote  avia-builder-el-3  avia-builder-el-no-sibling '><h3 class='av-special-heading-tag'  itemprop=\"headline\"  >Cer\u00e2mica e Madeireira S\u00e3o Luiz LTDA<\/h3><div class=\"special-heading-border\"><div class=\"special-heading-inner-border\"><\/div><\/div><\/div><\/div>\n<div class='flex_column_table av-28a6hv-fcab1298044f6e031625f5908c34b3de sc-av_one_half av-equal-height-column-flextable'>\n<style type=\"text\/css\" data-created_by=\"avia_inline_auto\" id=\"style-css-av-28a6hv-fcab1298044f6e031625f5908c34b3de\">\n.flex_column.av-28a6hv-fcab1298044f6e031625f5908c34b3de{\nborder-radius:0px 0px 0px 0px;\n-webkit-border-radius:0px 0px 0px 0px;\n-moz-border-radius:0px 0px 0px 0px;\n}\n<\/style>\n<div class='flex_column av-28a6hv-fcab1298044f6e031625f5908c34b3de av_one_half  avia-builder-el-4  el_after_av_one_full  el_before_av_one_half  first flex_column_table_cell av-equal-height-column av-align-middle av-zero-column-padding column-top-margin'   ><style type=\"text\/css\" data-created_by=\"avia_inline_auto\" id=\"style-css-av-kcewmxbw-f0ff549ff40cec490d50fb8eea25abdf\">\n#top .av_textblock_section.av-kcewmxbw-f0ff549ff40cec490d50fb8eea25abdf .avia_textblock{\nfont-size:20px;\n}\n<\/style>\n<section  class='av_textblock_section av-kcewmxbw-f0ff549ff40cec490d50fb8eea25abdf'  itemscope=\"itemscope\" itemtype=\"https:\/\/schema.org\/BlogPosting\" itemprop=\"blogPost\" ><div class='avia_textblock av_inherit_color'  itemprop=\"text\" ><p>Com aumento no valor agregado de seus produtos, Cer\u00e2mica e Madeireira S\u00e3o Luiz LTDA, V\u00ca SEU FATURAMENTO CRESCER ENTRE 12 e 15%.<\/p>\n<\/div><\/section><\/div><div class='av-flex-placeholder'><\/div>\n<style type=\"text\/css\" data-created_by=\"avia_inline_auto\" id=\"style-css-av-28a6hv-8456f2a64d5a4ad7a42a393e7f3b759b\">\n.flex_column.av-28a6hv-8456f2a64d5a4ad7a42a393e7f3b759b{\nborder-radius:0px 0px 0px 0px;\n-webkit-border-radius:0px 0px 0px 0px;\n-moz-border-radius:0px 0px 0px 0px;\n}\n<\/style>\n<div class='flex_column av-28a6hv-8456f2a64d5a4ad7a42a393e7f3b759b av_one_half  avia-builder-el-6  el_after_av_one_half  el_before_av_one_full  flex_column_table_cell av-equal-height-column av-align-middle av-zero-column-padding column-top-margin'   ><style type=\"text\/css\" data-created_by=\"avia_inline_auto\" id=\"style-css-av-kcewmxbw-28eecb13e4ca0a30f13185941ca6cdf3\">\n#top .av_textblock_section.av-kcewmxbw-28eecb13e4ca0a30f13185941ca6cdf3 .avia_textblock{\nfont-size:20px;\ncolor:#b75324;\n}\n<\/style>\n<section  class='av_textblock_section av-kcewmxbw-28eecb13e4ca0a30f13185941ca6cdf3'  itemscope=\"itemscope\" itemtype=\"https:\/\/schema.org\/BlogPosting\" itemprop=\"blogPost\" ><div class='avia_textblock av_inherit_color'  itemprop=\"text\" ><p>Com o Sebraetec a empresa do ramo de cer\u00e2mica vermelha e tijolos conseguiu maior credibilidade atrav\u00e9s de certifica\u00e7\u00e3o, e viabilizou a aplica\u00e7\u00e3o de processos que tornaram a marca refer\u00eancia do segmento no Paran\u00e1.<\/p>\n<\/div><\/section><\/div><\/div><!--close column table wrapper. Autoclose: 1 -->\n<style type=\"text\/css\" data-created_by=\"avia_inline_auto\" id=\"style-css-av-2ocvtv-956707348d9658f69c69f25a11f54c8d\">\n.flex_column.av-2ocvtv-956707348d9658f69c69f25a11f54c8d{\nborder-radius:0px 0px 0px 0px;\n-webkit-border-radius:0px 0px 0px 0px;\n-moz-border-radius:0px 0px 0px 0px;\n}\n<\/style>\n<div class='flex_column av-2ocvtv-956707348d9658f69c69f25a11f54c8d av_one_full  avia-builder-el-8  el_after_av_one_half  el_before_av_one_third  first flex_column_div av-zero-column-padding column-top-margin'   ><p><section  class='av_textblock_section av-kceucd50-c13c828285c3a90823ab28657a677d8e'  itemscope=\"itemscope\" itemtype=\"https:\/\/schema.org\/BlogPosting\" itemprop=\"blogPost\" ><div class='avia_textblock'  itemprop=\"text\" ><p>Localizada em Pato Bragado, a empresa CER\u00c2MICA E MADEIREIRA S\u00c3O LUIZ LTDA iniciou suas atividades em 1963 e passou de gera\u00e7\u00e3o em gera\u00e7\u00e3o at\u00e9 1996, quando Reinaldo Jorge Scherer, atual s\u00f3cio-administrador, assumiu o comando com seus irm\u00e3os.<\/p>\n<p>Atuante no ramo de cer\u00e2mica vermelha e tijolos, a marca buscou as solu\u00e7\u00f5es do Sebraetec para obter maior reconhecimento e valor agregado a seus produtos, resultado que obteve ao ver seu faturamento aumentar em 12 a 15% ap\u00f3s alguns meses de ades\u00e3o ao programa.<\/p>\n<\/div><\/section><br \/>\n\n<style type=\"text\/css\" data-created_by=\"avia_inline_auto\" id=\"style-css-av-kcexgamr-025c171c9a3893ffd692fd75b69dc56d\">\n.avia-image-container.av-kcexgamr-025c171c9a3893ffd692fd75b69dc56d .av-image-caption-overlay-center{\ncolor:#ffffff;\n}\n<\/style>\n<div  class='avia-image-container av-kcexgamr-025c171c9a3893ffd692fd75b69dc56d av-styling- avia-align-center  avia-builder-el-10  el_after_av_textblock  avia-builder-el-last '  itemprop=\"image\" itemscope=\"itemscope\" itemtype=\"https:\/\/schema.org\/ImageObject\" ><div class=\"avia-image-container-inner\"><div class=\"avia-image-overlay-wrap\"><img class='wp-image-4363 avia-img-lazy-loading-not-4363 avia_image' src=\"https:\/\/sebraepr.com.br\/sebraetec\/wp-content\/uploads\/2020\/07\/sao-Luiz01.jpg\" alt='' title='sao Luiz01'  height=\"512\" width=\"568\"  itemprop=\"thumbnailUrl\" srcset=\"https:\/\/sebraepr.com.br\/sebraetec\/wp-content\/uploads\/2020\/07\/sao-Luiz01.jpg 568w, https:\/\/sebraepr.com.br\/sebraetec\/wp-content\/uploads\/2020\/07\/sao-Luiz01-300x270.jpg 300w\" sizes=\"(max-width: 568px) 100vw, 568px\" \/><\/div><\/div><\/div><\/p><\/div>\n<style type=\"text\/css\" data-created_by=\"avia_inline_auto\" id=\"style-css-av-2ocvtv-956707348d9658f69c69f25a11f54c8d\">\n.flex_column.av-2ocvtv-956707348d9658f69c69f25a11f54c8d{\nborder-radius:0px 0px 0px 0px;\n-webkit-border-radius:0px 0px 0px 0px;\n-moz-border-radius:0px 0px 0px 0px;\n}\n<\/style>\n<div class='flex_column av-2ocvtv-956707348d9658f69c69f25a11f54c8d av_one_third  avia-builder-el-11  el_after_av_one_full  el_before_av_one_third  first flex_column_div av-zero-column-padding column-top-margin'   ><\/div>\n<style type=\"text\/css\" data-created_by=\"avia_inline_auto\" id=\"style-css-av-2ocvtv-49a47b2f27ca0aaac4747ce5de5f66e5\">\n.flex_column.av-2ocvtv-49a47b2f27ca0aaac4747ce5de5f66e5{\nborder-radius:0px 0px 0px 0px;\n-webkit-border-radius:0px 0px 0px 0px;\n-moz-border-radius:0px 0px 0px 0px;\n}\n<\/style>\n<div class='flex_column av-2ocvtv-49a47b2f27ca0aaac4747ce5de5f66e5 av_one_third  avia-builder-el-12  el_after_av_one_third  el_before_av_one_third  flex_column_div av-zero-column-padding column-top-margin'   ><section  class='av_textblock_section av-kceucd50-c13c828285c3a90823ab28657a677d8e'  itemscope=\"itemscope\" itemtype=\"https:\/\/schema.org\/BlogPosting\" itemprop=\"blogPost\" ><div class='avia_textblock'  itemprop=\"text\" ><p><img loading=\"lazy\" src=\"https:\/\/sebraepr.com.br\/sebraetec\/wp-content\/uploads\/2020\/07\/as-pro1.png\" alt=\"\" width=\"21\" height=\"21\" \/><br \/>\nO Sebrae \u00e9 nosso parceiro!<br \/>\n<img loading=\"lazy\" class=\"alignright\" src=\"https:\/\/sebraepr.com.br\/sebraetec\/wp-content\/uploads\/2020\/07\/as-pro2.png\" alt=\"\" width=\"21\" height=\"21\" \/><br \/>\nReinaldo Jorge Scherer<\/p>\n<\/div><\/section><\/div>\n<style type=\"text\/css\" data-created_by=\"avia_inline_auto\" id=\"style-css-av-2ocvtv-49a47b2f27ca0aaac4747ce5de5f66e5\">\n.flex_column.av-2ocvtv-49a47b2f27ca0aaac4747ce5de5f66e5{\nborder-radius:0px 0px 0px 0px;\n-webkit-border-radius:0px 0px 0px 0px;\n-moz-border-radius:0px 0px 0px 0px;\n}\n<\/style>\n<div class='flex_column av-2ocvtv-49a47b2f27ca0aaac4747ce5de5f66e5 av_one_third  avia-builder-el-14  el_after_av_one_third  el_before_av_one_full  flex_column_div av-zero-column-padding column-top-margin'   ><\/div>\n<style type=\"text\/css\" data-created_by=\"avia_inline_auto\" id=\"style-css-av-2ocvtv-956707348d9658f69c69f25a11f54c8d\">\n.flex_column.av-2ocvtv-956707348d9658f69c69f25a11f54c8d{\nborder-radius:0px 0px 0px 0px;\n-webkit-border-radius:0px 0px 0px 0px;\n-moz-border-radius:0px 0px 0px 0px;\n}\n<\/style>\n<div class='flex_column av-2ocvtv-956707348d9658f69c69f25a11f54c8d av_one_full  avia-builder-el-15  el_after_av_one_third  el_before_av_one_half  first flex_column_div av-zero-column-padding column-top-margin'   ><section  class='av_textblock_section av-kceucd50-c13c828285c3a90823ab28657a677d8e'  itemscope=\"itemscope\" itemtype=\"https:\/\/schema.org\/BlogPosting\" itemprop=\"blogPost\" ><div class='avia_textblock'  itemprop=\"text\" ><p>Para atingir seus objetivos, a Cer\u00e2mica e Madeireira contratou o servi\u00e7o de Metrologia (ensaios, an\u00e1lises e testes) e Certifica\u00e7\u00e3o Compuls\u00f3ria de Produtos.<\/p>\n<p>O subs\u00eddio de 70% do valor oferecido pelo Sebrae foi fundamental, uma vez que a empresa n\u00e3o tinha todo o valor de investimento.<\/p>\n<\/div><\/section><\/div>\n<style type=\"text\/css\" data-created_by=\"avia_inline_auto\" id=\"style-css-av-747yr-136a1977259bf24b866c7d087ead87eb\">\n.flex_column.av-747yr-136a1977259bf24b866c7d087ead87eb{\nborder-radius:0px 0px 0px 0px;\n-webkit-border-radius:0px 0px 0px 0px;\n-moz-border-radius:0px 0px 0px 0px;\n}\n<\/style>\n<div class='flex_column av-747yr-136a1977259bf24b866c7d087ead87eb av_one_half  avia-builder-el-17  el_after_av_one_full  el_before_av_one_half  first flex_column_div av-zero-column-padding column-top-margin'   ><section  class='av_textblock_section av-kceuclmt-a995460eef06902e9fcbe3971f1442d5'  itemscope=\"itemscope\" itemtype=\"https:\/\/schema.org\/BlogPosting\" itemprop=\"blogPost\" ><div class='avia_textblock'  itemprop=\"text\" ><p><img loading=\"lazy\" class=\"\" src=\"https:\/\/sebraepr.com.br\/sebraetec\/wp-content\/uploads\/2020\/07\/as-pro1.png\" alt=\"\" width=\"31\" height=\"31\" \/><br \/>\nSab\u00edamos que t\u00ednhamos bons produtos e processos, mas faltava algo que pudesse comprovar isso. Foi em busca desse selo de qualidade que procuramos o Sebraetec, para viabilizar a comercializa\u00e7\u00e3o e termos novos parceiros com a garantia de nossos produtos.<br \/>\n<img loading=\"lazy\" class=\"alignright\" src=\"https:\/\/sebraepr.com.br\/sebraetec\/wp-content\/uploads\/2020\/07\/as-pro2.png\" alt=\"\" width=\"31\" height=\"31\" \/><\/p>\n<\/div><\/section><\/div>\n<style type=\"text\/css\" data-created_by=\"avia_inline_auto\" id=\"style-css-av-747yr-fec0d5955e81ca0fca6fb9262677fd56\">\n.flex_column.av-747yr-fec0d5955e81ca0fca6fb9262677fd56{\nborder-radius:0px 0px 0px 0px;\n-webkit-border-radius:0px 0px 0px 0px;\n-moz-border-radius:0px 0px 0px 0px;\n}\n<\/style>\n<div class='flex_column av-747yr-fec0d5955e81ca0fca6fb9262677fd56 av_one_half  avia-builder-el-19  el_after_av_one_half  el_before_av_two_fifth  flex_column_div av-zero-column-padding column-top-margin'   ><section  class='av_textblock_section av-kceuclmt-a995460eef06902e9fcbe3971f1442d5'  itemscope=\"itemscope\" itemtype=\"https:\/\/schema.org\/BlogPosting\" itemprop=\"blogPost\" ><div class='avia_textblock'  itemprop=\"text\" ><p>A coletividade tamb\u00e9m foi um resultado importante, por conquistarem parceiros ceramistas e obter o selo Terra Bruta. Foi um passo constru\u00eddo em padroniza\u00e7\u00e3o e conceito, e o mercado paga por esse valor diferenciado trazendo retorno efetivo ao faturamento.<\/p>\n<p>Hoje eles s\u00e3o considerados um dos melhores produtores de cer\u00e2mica no Paran\u00e1, e desejam sempre continuar clientes do Sebraetec.<\/p>\n<\/div><\/section><\/div>\n<style type=\"text\/css\" data-created_by=\"avia_inline_auto\" id=\"style-css-av-747yr-136a1977259bf24b866c7d087ead87eb\">\n.flex_column.av-747yr-136a1977259bf24b866c7d087ead87eb{\nborder-radius:0px 0px 0px 0px;\n-webkit-border-radius:0px 0px 0px 0px;\n-moz-border-radius:0px 0px 0px 0px;\n}\n<\/style>\n<div class='flex_column av-747yr-136a1977259bf24b866c7d087ead87eb av_two_fifth  avia-builder-el-21  el_after_av_one_half  el_before_av_three_fifth  first flex_column_div av-zero-column-padding column-top-margin'   ><style type=\"text\/css\" data-created_by=\"avia_inline_auto\" id=\"style-css-av-kcf6hj50-777af080a38b3023419efc46055c8ea2\">\n.avia-image-container.av-kcf6hj50-777af080a38b3023419efc46055c8ea2 .av-image-caption-overlay-center{\ncolor:#ffffff;\n}\n<\/style>\n<div  class='avia-image-container av-kcf6hj50-777af080a38b3023419efc46055c8ea2 av-styling- avia-align-center  avia-builder-el-22  avia-builder-el-no-sibling '  itemprop=\"image\" itemscope=\"itemscope\" itemtype=\"https:\/\/schema.org\/ImageObject\" ><div class=\"avia-image-container-inner\"><div class=\"avia-image-overlay-wrap\"><img class='wp-image-4378 avia-img-lazy-loading-not-4378 avia_image' src=\"https:\/\/sebraepr.com.br\/sebraetec\/wp-content\/uploads\/2020\/07\/sao-Luiz02.jpg\" alt='' title='sao Luiz02'  height=\"544\" width=\"600\"  itemprop=\"thumbnailUrl\" srcset=\"https:\/\/sebraepr.com.br\/sebraetec\/wp-content\/uploads\/2020\/07\/sao-Luiz02.jpg 600w, https:\/\/sebraepr.com.br\/sebraetec\/wp-content\/uploads\/2020\/07\/sao-Luiz02-300x272.jpg 300w\" sizes=\"(max-width: 600px) 100vw, 600px\" \/><\/div><\/div><\/div><\/div>\n<style type=\"text\/css\" data-created_by=\"avia_inline_auto\" id=\"style-css-av-747yr-fec0d5955e81ca0fca6fb9262677fd56\">\n.flex_column.av-747yr-fec0d5955e81ca0fca6fb9262677fd56{\nborder-radius:0px 0px 0px 0px;\n-webkit-border-radius:0px 0px 0px 0px;\n-moz-border-radius:0px 0px 0px 0px;\n}\n<\/style>\n<div class='flex_column av-747yr-fec0d5955e81ca0fca6fb9262677fd56 av_three_fifth  avia-builder-el-23  el_after_av_two_fifth  avia-builder-el-last  flex_column_div av-zero-column-padding column-top-margin'   ><section  class='av_textblock_section av-kceuclmt-a995460eef06902e9fcbe3971f1442d5'  itemscope=\"itemscope\" itemtype=\"https:\/\/schema.org\/BlogPosting\" itemprop=\"blogPost\" ><div class='avia_textblock'  itemprop=\"text\" ><p><img loading=\"lazy\" src=\"https:\/\/sebraepr.com.br\/sebraetec\/wp-content\/uploads\/2020\/07\/as-pro1.png\" alt=\"\" width=\"61\" height=\"61\" \/><br \/>\nO Sebrae salvou nossa empresa. Tivemos outra vis\u00e3o e foco porque possu\u00edmos um produto milenar, e temos mais consci\u00eancia atualmente. O Sebraetec ajudou muito em nossas conquistas, e na certifica\u00e7\u00e3o que proporcionou a credibilidade e a continuidade no nosso setor\u201d.<br \/>\n<img loading=\"lazy\" class=\"alignright\" src=\"https:\/\/sebraepr.com.br\/sebraetec\/wp-content\/uploads\/2020\/07\/as-pro2.png\" alt=\"\" width=\"61\" height=\"61\" \/><\/p>\n<\/div><\/section><\/div><\/p>\n","protected":false},"excerpt":{"rendered":"<p>Com o Sebraetec a empresa do ramo de cer\u00e2mica vermelha e tijolos conseguiu maior credibilidade atrav\u00e9s de certifica\u00e7\u00e3o<\/p>\n","protected":false},"author":1,"featured_media":4363,"comment_status":"closed","ping_status":"closed","sticky":false,"template":"","format":"standard","meta":[],"categories":[21,27],"tags":[33,35,37,36],"_links":{"self":[{"href":"https:\/\/sebraepr.com.br\/sebraetec\/wp-json\/wp\/v2\/posts\/4362"}],"collection":[{"href":"https:\/\/sebraepr.com.br\/sebraetec\/wp-json\/wp\/v2\/posts"}],"about":[{"href":"https:\/\/sebraepr.com.br\/sebraetec\/wp-json\/wp\/v2\/types\/post"}],"author":[{"embeddable":true,"href":"https:\/\/sebraepr.com.br\/sebraetec\/wp-json\/wp\/v2\/users\/1"}],"replies":[{"embeddable":true,"href":"https:\/\/sebraepr.com.br\/sebraetec\/wp-json\/wp\/v2\/comments?post=4362"}],"version-history":[{"count":16,"href":"https:\/\/sebraepr.com.br\/sebraetec\/wp-json\/wp\/v2\/posts\/4362\/revisions"}],"predecessor-version":[{"id":4386,"href":"https:\/\/sebraepr.com.br\/sebraetec\/wp-json\/wp\/v2\/posts\/4362\/revisions\/4386"}],"wp:featuredmedia":[{"embeddable":true,"href":"https:\/\/sebraepr.com.br\/sebraetec\/wp-json\/wp\/v2\/media\/4363"}],"wp:attachment":[{"href":"https:\/\/sebraepr.com.br\/sebraetec\/wp-json\/wp\/v2\/media?parent=4362"}],"wp:term":[{"taxonomy":"category","embeddable":true,"href":"https:\/\/sebraepr.com.br\/sebraetec\/wp-json\/wp\/v2\/categories?post=4362"},{"taxonomy":"post_tag","embeddable":true,"href":"https:\/\/sebraepr.com.br\/sebraetec\/wp-json\/wp\/v2\/tags?post=4362"}],"curies":[{"name":"wp","href":"https:\/\/api.w.org\/{rel}","templated":true}]}}