{"id":890,"date":"2023-07-20T09:40:21","date_gmt":"2023-07-20T12:40:21","guid":{"rendered":"https:\/\/sebraepr.com.br\/experienciasturisticas\/?p=890"},"modified":"2024-05-21T10:41:54","modified_gmt":"2024-05-21T13:41:54","slug":"imersao-com-yoga-na-furna-grande","status":"publish","type":"post","link":"https:\/\/sebraepr.com.br\/experienciasturisticas\/imersao-com-yoga-na-furna-grande\/","title":{"rendered":"Imers\u00e3o com Yoga na Furna Grande"},"content":{"rendered":"<div id='full_slider_1'  class='avia-fullwidth-slider main_color avia-shadow   avia-builder-el-0  el_before_av_one_full  avia-builder-el-first   container_wrap sidebar_right'  ><div   data-size='no scaling'  data-lightbox_size='large'  data-animation='slide'  data-conditional_play=''  data-ids='330'  data-video_counter='0'  data-autoplay='false'  data-bg_slider='false'  data-slide_height=''  data-handle='av_slideshow_full'  data-interval='5'  data-class=' '  data-el_id=''  data-css_id=''  data-scroll_down=''  data-control_layout='av-control-default'  data-custom_markup=''  data-perma_caption=''  data-autoplay_stopper=''  data-image_attachment=''  data-min_height='0px'  data-lazy_loading='disabled'  data-src=''  data-position='top left'  data-repeat='no-repeat'  data-attach='scroll'  data-stretch=''  class='avia-slideshow avia-slideshow-1  av-control-default av-default-height-applied avia-slideshow-no scaling av_slideshow_full   avia-slide-slider '  itemprop=\"image\" itemscope=\"itemscope\" itemtype=\"https:\/\/schema.org\/ImageObject\" ><ul class='avia-slideshow-inner ' style='padding-bottom: 9.4791666666667%;' ><li  class=' av-single-slide slide-1 ' ><div data-rel='slideshow-1' class='avia-slide-wrap '   ><img decoding=\"async\" class=\"wp-image-330 avia-img-lazy-loading-not-330\"  src=\"https:\/\/sebraepr.com.br\/experienciasturisticas\/wp-content\/uploads\/Top-Ecoturismo-Aventura-e-Natureza.png\" width=\"1920\" height=\"182\" title='Top Ecoturismo Aventura e Natureza' alt=''  itemprop=\"thumbnailUrl\" srcset=\"https:\/\/sebraepr.com.br\/experienciasturisticas\/wp-content\/uploads\/Top-Ecoturismo-Aventura-e-Natureza.png 1920w, https:\/\/sebraepr.com.br\/experienciasturisticas\/wp-content\/uploads\/Top-Ecoturismo-Aventura-e-Natureza-300x28.png 300w, https:\/\/sebraepr.com.br\/experienciasturisticas\/wp-content\/uploads\/Top-Ecoturismo-Aventura-e-Natureza-1030x98.png 1030w, https:\/\/sebraepr.com.br\/experienciasturisticas\/wp-content\/uploads\/Top-Ecoturismo-Aventura-e-Natureza-768x73.png 768w, https:\/\/sebraepr.com.br\/experienciasturisticas\/wp-content\/uploads\/Top-Ecoturismo-Aventura-e-Natureza-1536x146.png 1536w, https:\/\/sebraepr.com.br\/experienciasturisticas\/wp-content\/uploads\/Top-Ecoturismo-Aventura-e-Natureza-1500x142.png 1500w, https:\/\/sebraepr.com.br\/experienciasturisticas\/wp-content\/uploads\/Top-Ecoturismo-Aventura-e-Natureza-705x67.png 705w\" sizes=\"(max-width: 1920px) 100vw, 1920px\" \/><\/div><\/li><\/ul><\/div><\/div><div id='after_full_slider_1'  class='main_color av_default_container_wrap container_wrap sidebar_right'  ><div class='container av-section-cont-open' ><div class='template-page content  av-content-small alpha units'><div class='post-entry post-entry-type-page post-entry-890'><div class='entry-content-wrapper clearfix'>\n<div class='flex_column av-av_one_full-557fbd3e5c92d202a51a2c4f9e35573b av_one_full  avia-builder-el-1  el_after_av_slideshow_full  el_before_av_one_full  avia-builder-el-first  cultura first flex_column_div '   ><div   data-size='no scaling'  data-lightbox_size='large'  data-animation='slide'  data-conditional_play=''  data-ids='2900'  data-video_counter='0'  data-autoplay='false'  data-bg_slider='false'  data-slide_height=''  data-handle='av_slideshow'  data-interval='5'  data-class=' avia-builder-el-2  avia-builder-el-no-sibling  eco-banner '  data-el_id=''  data-css_id=''  data-scroll_down=''  data-control_layout='av-control-default'  data-custom_markup=''  data-perma_caption=''  data-autoplay_stopper=''  data-image_attachment=''  data-min_height='0px'  data-lazy_loading='disabled'  class='avia-slideshow avia-slideshow-2  av-control-default av-default-height-applied avia-slideshow-no scaling av_slideshow  avia-builder-el-2  avia-builder-el-no-sibling  eco-banner  avia-slide-slider '  itemprop=\"image\" itemscope=\"itemscope\" itemtype=\"https:\/\/schema.org\/ImageObject\" ><ul class='avia-slideshow-inner ' style='padding-bottom: 47%;' ><li  class=' av-single-slide slide-1 ' ><div data-rel='slideshow-2' class='avia-slide-wrap '   ><div class=\"avia-caption av-slideshow-caption\"><div class=\"avia-inner-caption\"><h2  class='avia-caption-title  '  itemprop=\"name\" >Imers\u00e3o com Yoga na Furna Grande<\/h2><div class='avia-caption-content  '  itemprop=\"description\"  ><p>Vamos para dentro?<\/p>\n<\/div><\/div><\/div><img decoding=\"async\" class=\"wp-image-2900 avia-img-lazy-loading-not-2900\"  src=\"https:\/\/sebraepr.com.br\/experienciasturisticas\/wp-content\/uploads\/Imersao-com-Yoga-na-Furna-Grande.jpg\" width=\"900\" height=\"423\" title='Imers\u00e3o com Yoga na Furna Grande' alt=''  itemprop=\"thumbnailUrl\" srcset=\"https:\/\/sebraepr.com.br\/experienciasturisticas\/wp-content\/uploads\/Imersao-com-Yoga-na-Furna-Grande.jpg 900w, https:\/\/sebraepr.com.br\/experienciasturisticas\/wp-content\/uploads\/Imersao-com-Yoga-na-Furna-Grande-300x141.jpg 300w, https:\/\/sebraepr.com.br\/experienciasturisticas\/wp-content\/uploads\/Imersao-com-Yoga-na-Furna-Grande-768x361.jpg 768w, https:\/\/sebraepr.com.br\/experienciasturisticas\/wp-content\/uploads\/Imersao-com-Yoga-na-Furna-Grande-705x331.jpg 705w\" sizes=\"(max-width: 900px) 100vw, 900px\" \/><\/div><\/li><\/ul><\/div><\/div><div class='flex_column av-1qv6ga-8b7b64c5863cd6d89fef08fa6f1b4eff av_one_full  avia-builder-el-3  el_after_av_one_full  el_before_av_one_half  ecotur first flex_column_div  av-animated-generic pop-up column-top-margin'   ><section class=\"av_textblock_section \"  itemscope=\"itemscope\" itemtype=\"https:\/\/schema.org\/BlogPosting\" itemprop=\"blogPost\" ><div class='avia_textblock  '   itemprop=\"text\" ><p><strong>Convidamos voc\u00ea e seu grupo a entrar conosco na Furna Grande, a maior furna de arenito do Brasil, e participar de uma Pr\u00e1tica de Yoga em seu interior. Essa experi\u00eancia re\u00fane aventura, contempla\u00e7\u00e3o e um contato \u00edntimo com a &#8220;sua pr\u00f3pria natureza&#8221;. Vamos para dentro?<\/strong><\/p>\n<\/div><\/section><\/div><\/p>\n<div class='flex_column_table av-1n2ti2-23f4dba633c92fbe0444b30c3b361122 sc-av_one_half av-equal-height-column-flextable'><div class='flex_column av-1n2ti2-23f4dba633c92fbe0444b30c3b361122 av_one_half  avia-builder-el-5  el_after_av_one_full  el_before_av_one_half  ecotur first flex_column_table_cell av-equal-height-column av-align-middle  av-animated-generic bottom-to-top column-top-margin'   ><section class=\"av_textblock_section \"  itemscope=\"itemscope\" itemtype=\"https:\/\/schema.org\/BlogPosting\" itemprop=\"blogPost\" ><div class='avia_textblock  '   itemprop=\"text\" ><p><strong>Dias e hor\u00e1rios de funcionamento:<\/strong> O produto \u00e9 ofertado o ano todo, mensalmente<br \/>\n<strong>O que a experi\u00eancia inclui:<\/strong> visita\u00e7\u00e3o autoguiada no Parque, das 9h \u00e0s 19h; &#8211; Imers\u00e3o na Furna Grande com condutor de turismo; &#8211; pr\u00e1tica de yoga (Iara Schmitz &#8211; Santosha Yoga); &#8211; operadora credenciada CADASTUR; &#8211; monitoramento de trilhas e atrativos; &#8211; seguro aventura; &#8211; EPI para aventura segura: perneiras e capacetes.<br \/>\nA Pr\u00e1tica de Yoga contempla: Posturas f\u00edsicas (\u00e1sanas); Exerc\u00edcios respirat\u00f3rios (pranayamas); Relaxamento e medita\u00e7\u00e3o.<br \/>\n<strong>Anteced\u00eancia para reserva: <\/strong>1 dia.<br \/>\n<strong>N\u00famero m\u00ednimo e m\u00e1ximo de pessoas: <\/strong>M\u00ednimo de 2 participantes e no m\u00e1ximo 10.<br \/>\n<strong>Indicado para: <\/strong>Interessados em experi\u00eancias aut\u00eanticas, praticantes de Yoga, pessoas que buscam conhecimento (autoconhecimento e da \u00e1rea natural visitada), pessoas que valorizam o bem-estar. Crian\u00e7as acima de 10 anos.<\/p>\n<\/div><\/section><\/div>\n<div class='av-flex-placeholder'><\/div><div class='flex_column av-1c8qai-23a06a6898ac9041cd16f7c6902c77d3 av_one_half  avia-builder-el-7  el_after_av_one_half  el_before_av_one_half  cultura flex_column_table_cell av-equal-height-column av-align-middle  av-animated-generic bottom-to-top column-top-margin'   ><style type=\"text\/css\" id=\"style-css-av-lkb4s6hk-130dcb67d877f4a49b57f8068dc38b3b\">\n.avia-image-container.av-lkb4s6hk-130dcb67d877f4a49b57f8068dc38b3b .av-image-caption-overlay-center{\ncolor:#ffffff;\n}\n<\/style>\n<div  class='avia-image-container av-lkb4s6hk-130dcb67d877f4a49b57f8068dc38b3b av-styling- avia-align-center  avia-builder-el-8  avia-builder-el-no-sibling  '  itemprop=\"image\" itemscope=\"itemscope\" itemtype=\"https:\/\/schema.org\/ImageObject\" ><div class=\"avia-image-container-inner\"><div class=\"avia-image-overlay-wrap\"><img decoding=\"async\" class='wp-image-866 avia-img-lazy-loading-not-866 avia_image' src=\"https:\/\/sebraepr.com.br\/experienciasturisticas\/wp-content\/uploads\/Refugio-das-Curucacas-Ecoturismo.png\" alt='' title='Ref\u00fagio das Curucacas Ecoturismo'  height=\"329\" width=\"550\"  itemprop=\"thumbnailUrl\" srcset=\"https:\/\/sebraepr.com.br\/experienciasturisticas\/wp-content\/uploads\/Refugio-das-Curucacas-Ecoturismo.png 550w, https:\/\/sebraepr.com.br\/experienciasturisticas\/wp-content\/uploads\/Refugio-das-Curucacas-Ecoturismo-300x179.png 300w\" sizes=\"(max-width: 550px) 100vw, 550px\" \/><\/div><\/div><\/div><\/div><\/div><!--close column table wrapper. Autoclose: 1 -->\n<div class='flex_column_table av-av_one_half-6618e81534d47b0291d7bacb07291774 sc-av_one_half av-equal-height-column-flextable'><div class='flex_column av-av_one_half-6618e81534d47b0291d7bacb07291774 av_one_half  avia-builder-el-9  el_after_av_one_half  el_before_av_one_half  imgarec first flex_column_table_cell av-equal-height-column av-align-top  av-animated-generic bottom-to-top column-top-margin'   ><style type=\"text\/css\" id=\"style-css-av-lwgg1yuj-bf11705f50f314df8bf4c97a74aac027\">\n.avia-image-container.av-lwgg1yuj-bf11705f50f314df8bf4c97a74aac027 .av-image-caption-overlay-center{\ncolor:#ffffff;\n}\n<\/style>\n<div  class='avia-image-container av-lwgg1yuj-bf11705f50f314df8bf4c97a74aac027 av-styling- avia-align-center  avia-builder-el-10  avia-builder-el-no-sibling  '  itemprop=\"image\" itemscope=\"itemscope\" itemtype=\"https:\/\/schema.org\/ImageObject\" ><div class=\"avia-image-container-inner\"><div class=\"avia-image-overlay-wrap\"><img decoding=\"async\" class='wp-image-2902 avia-img-lazy-loading-not-2902 avia_image' src=\"https:\/\/sebraepr.com.br\/experienciasturisticas\/wp-content\/uploads\/Imersao-com-Yoga-na-Furna-Grande2-1.jpg\" alt='' title='Imers\u00e3o com Yoga na Furna Grande2'  height=\"900\" width=\"681\"  itemprop=\"thumbnailUrl\" srcset=\"https:\/\/sebraepr.com.br\/experienciasturisticas\/wp-content\/uploads\/Imersao-com-Yoga-na-Furna-Grande2-1.jpg 681w, https:\/\/sebraepr.com.br\/experienciasturisticas\/wp-content\/uploads\/Imersao-com-Yoga-na-Furna-Grande2-1-227x300.jpg 227w, https:\/\/sebraepr.com.br\/experienciasturisticas\/wp-content\/uploads\/Imersao-com-Yoga-na-Furna-Grande2-1-533x705.jpg 533w\" sizes=\"(max-width: 681px) 100vw, 681px\" \/><\/div><\/div><\/div><\/div><div class='av-flex-placeholder'><\/div>\n<style type=\"text\/css\" id=\"style-css-av-14tnbm-a9958d51c8b76d712651970a20c4375c\">\n.flex_column.av-14tnbm-a9958d51c8b76d712651970a20c4375c{\nborder-radius:20px 20px 20px 20px;\n-webkit-border-radius:20px 20px 20px 20px;\n-moz-border-radius:20px 20px 20px 20px;\npadding:20px 20px 20px 20px;\nbackground-color:#1a8136;\n}\n<\/style>\n<div class='flex_column av-14tnbm-a9958d51c8b76d712651970a20c4375c av_one_half  avia-builder-el-11  el_after_av_one_half  avia-builder-el-last  cont-mapas flex_column_table_cell av-equal-height-column av-align-top  av-animated-generic bottom-to-top column-top-margin'   id=\"cont-mapas-li\"  ><p>\n<style type=\"text\/css\" id=\"style-css-av-lkb4t9mv-831dcfa838fdc5de677013844d5aaff0\">\n.avia-image-container.av-lkb4t9mv-831dcfa838fdc5de677013844d5aaff0 .av-image-caption-overlay-center{\ncolor:#ffffff;\n}\n<\/style>\n<div  class='avia-image-container av-lkb4t9mv-831dcfa838fdc5de677013844d5aaff0 av-styling- av-hover-grow avia-align-center  avia-builder-el-12  el_before_av_textblock  avia-builder-el-first  '  itemprop=\"image\" itemscope=\"itemscope\" itemtype=\"https:\/\/schema.org\/ImageObject\" ><div class=\"avia-image-container-inner\"><div class=\"avia-image-overlay-wrap\"><a href=\"https:\/\/sebraepr.com.br\/experienciasturisticas\/category\/locais\/campos-gerais\/\" class='avia_image' ><img decoding=\"async\" width=\"300\" height=\"206\" class='wp-image-247 avia-img-lazy-loading-not-247 avia_image' src=\"https:\/\/sebraepr.com.br\/experienciasturisticas\/wp-content\/uploads\/Parana-Campos-Gerais-300x206.png\" alt='' title='Paran\u00e1 Campos Gerais'  itemprop=\"thumbnailUrl\" srcset=\"https:\/\/sebraepr.com.br\/experienciasturisticas\/wp-content\/uploads\/Parana-Campos-Gerais-300x206.png 300w, https:\/\/sebraepr.com.br\/experienciasturisticas\/wp-content\/uploads\/Parana-Campos-Gerais.png 600w\" sizes=\"(max-width: 300px) 100vw, 300px\" \/><\/a><\/div><\/div><\/div><br \/>\n<section class=\"av_textblock_section \"  itemscope=\"itemscope\" itemtype=\"https:\/\/schema.org\/BlogPosting\" itemprop=\"blogPost\" ><div class='avia_textblock  av_inherit_color '  style='color:#ffffff; '  itemprop=\"text\" ><p><strong>Empresa:<\/strong> Ref\u00fagio das Curucacas Ecoturismo<br \/>\n<strong>Munic\u00edpio:<\/strong> Ponta Grossa<\/p>\n<\/div><\/section><br \/>\n<section class=\"av_textblock_section \"  itemscope=\"itemscope\" itemtype=\"https:\/\/schema.org\/BlogPosting\" itemprop=\"blogPost\" ><div class='avia_textblock  av_inherit_color '  style='color:#ffffff; '  itemprop=\"text\" ><p>\n<style type=\"text\/css\" id=\"style-css-av-zdoje-eb5406b5505c850b7c871270555b8dee\">\n.av_font_icon.av-zdoje-eb5406b5505c850b7c871270555b8dee .av-icon-char{\nfont-size:30px;\nline-height:30px;\n}\n<\/style>\n<span  class=\"av_font_icon av-zdoje-eb5406b5505c850b7c871270555b8dee avia_animate_when_visible av-icon-style- avia-icon-pos-left av-no-color avia-icon-animate \"><span class='av-icon-char' aria-hidden='true' data-av_icon='\ue842' data-av_iconfont='entypo-fontello' ><\/span><\/span> <a href=\"https:\/\/goo.gl\/maps\/r7pYiymeuiJxGMtPA\" target=\"_blank\" rel=\"noopener\">Povoado Passo do Pupo \u2013 Distrito de Itaiacoca<\/a><\/p>\n<p>\n<style type=\"text\/css\" id=\"style-css-av-ozlpu-ff37edebdf3beb10fbc52ea7d7fdd587\">\n.av_font_icon.av-ozlpu-ff37edebdf3beb10fbc52ea7d7fdd587 .av-icon-char{\nfont-size:30px;\nline-height:30px;\n}\n<\/style>\n<span  class=\"av_font_icon av-ozlpu-ff37edebdf3beb10fbc52ea7d7fdd587 avia_animate_when_visible av-icon-style- avia-icon-pos-left av-no-color avia-icon-animate \"><span class='av-icon-char' aria-hidden='true' data-av_icon='\ue8ac' data-av_iconfont='entypo-fontello' ><\/span><\/span> (42) 99930-5500<\/p>\n<p>\n<style type=\"text\/css\" id=\"style-css-av-1ym14b-c4fef0fdd65aa83b13875362f82c82e2\">\n.av_font_icon.av-1ym14b-c4fef0fdd65aa83b13875362f82c82e2 .av-icon-char{\nfont-size:30px;\nline-height:30px;\n}\n<\/style>\n<span  class=\"av_font_icon av-1ym14b-c4fef0fdd65aa83b13875362f82c82e2 avia_animate_when_visible av-icon-style- avia-icon-pos-left av-no-color avia-icon-animate \"><span class='av-icon-char' aria-hidden='true' data-av_icon='\uf232' data-av_iconfont='entypo-fontello' ><\/span><\/span> <a href=\"https:\/\/api.whatsapp.com\/send?phone=5542999305500&#038;text=Ol\u00e1!%20Vim%20pelo%20site%20de%20experi\u00eancias%20tur\u00edsticas%20e%20quero%20mais%20informa\u00e7\u00f5es\">5542999305500<\/a><\/p>\n<p>\n<style type=\"text\/css\" id=\"style-css-av-21zhu-3dfea8d7b1c319d0dbcd2b121043fa35\">\n.av_font_icon.av-21zhu-3dfea8d7b1c319d0dbcd2b121043fa35 .av-icon-char{\nfont-size:30px;\nline-height:30px;\n}\n<\/style>\n<span  class=\"av_font_icon av-21zhu-3dfea8d7b1c319d0dbcd2b121043fa35 avia_animate_when_visible av-icon-style- avia-icon-pos-left av-no-color avia-icon-animate \"><span class='av-icon-char' aria-hidden='true' data-av_icon='\ue909' data-av_iconfont='entypo-fontello' ><\/span><\/span><a href=\"https:\/\/www.instagram.com\/refugiodascurucacas\/\" target=\"_blank\" rel=\"noopener\">@refugiodascurucacas<\/a><\/p>\n<p>\n<style type=\"text\/css\" id=\"style-css-av-gw34a-1171a228c9d478709f156defa87cde3f\">\n.av_font_icon.av-gw34a-1171a228c9d478709f156defa87cde3f .av-icon-char{\nfont-size:30px;\nline-height:30px;\n}\n<\/style>\n<span  class=\"av_font_icon av-gw34a-1171a228c9d478709f156defa87cde3f avia_animate_when_visible av-icon-style- avia-icon-pos-left av-no-color avia-icon-animate \"><span class='av-icon-char' aria-hidden='true' data-av_icon='\ue8f3' data-av_iconfont='entypo-fontello' ><\/span><\/span><a href=\"https:\/\/www.facebook.com\/refugiodascurucacas\" target=\"_blank\" rel=\"noopener\">\/refugiodascurucacas<\/a><\/p>\n<p>\n<style type=\"text\/css\" id=\"style-css-av-7eozu-05deaf233595195828331a1901c84c5f\">\n.av_font_icon.av-7eozu-05deaf233595195828331a1901c84c5f .av-icon-char{\nfont-size:30px;\nline-height:30px;\n}\n<\/style>\n<span  class=\"av_font_icon av-7eozu-05deaf233595195828331a1901c84c5f avia_animate_when_visible av-icon-style- avia-icon-pos-left av-no-color avia-icon-animate \"><span class='av-icon-char' aria-hidden='true' data-av_icon='\ue8ad' data-av_iconfont='entypo-fontello' ><\/span><\/span><a href=\"https:\/\/refugiodascurucacas.com.br\/\" target=\"_blank\" rel=\"noopener\">refugiodascurucacas.com.br<\/a><\/p>\n<\/div><\/section><\/p><\/div><\/div><!--close column table wrapper. Autoclose: 1 --><\/p>\n","protected":false},"excerpt":{"rendered":"<p>Que tal praticar yoga no interior da maior furna de arenito do Brasil?<br \/>\nEmpresa: <strong>Ref\u00fagio das Curucacas Ecoturismo<\/strong><br \/>\nMunic\u00edpio: <strong>Ponta Grossa<\/strong><\/p>\n","protected":false},"author":2,"featured_media":2902,"comment_status":"closed","ping_status":"closed","sticky":false,"template":"","format":"standard","meta":{"footnotes":""},"categories":[21,4,12,8],"tags":[9,62],"class_list":["post-890","post","type-post","status-publish","format-standard","has-post-thumbnail","hentry","category-campos-gerais","category-ecoturismo-e-natureza","category-locais","category-segmentos","tag-natureza","tag-yoga"],"_links":{"self":[{"href":"https:\/\/sebraepr.com.br\/experienciasturisticas\/wp-json\/wp\/v2\/posts\/890","targetHints":{"allow":["GET"]}}],"collection":[{"href":"https:\/\/sebraepr.com.br\/experienciasturisticas\/wp-json\/wp\/v2\/posts"}],"about":[{"href":"https:\/\/sebraepr.com.br\/experienciasturisticas\/wp-json\/wp\/v2\/types\/post"}],"author":[{"embeddable":true,"href":"https:\/\/sebraepr.com.br\/experienciasturisticas\/wp-json\/wp\/v2\/users\/2"}],"replies":[{"embeddable":true,"href":"https:\/\/sebraepr.com.br\/experienciasturisticas\/wp-json\/wp\/v2\/comments?post=890"}],"version-history":[{"count":6,"href":"https:\/\/sebraepr.com.br\/experienciasturisticas\/wp-json\/wp\/v2\/posts\/890\/revisions"}],"predecessor-version":[{"id":4519,"href":"https:\/\/sebraepr.com.br\/experienciasturisticas\/wp-json\/wp\/v2\/posts\/890\/revisions\/4519"}],"wp:featuredmedia":[{"embeddable":true,"href":"https:\/\/sebraepr.com.br\/experienciasturisticas\/wp-json\/wp\/v2\/media\/2902"}],"wp:attachment":[{"href":"https:\/\/sebraepr.com.br\/experienciasturisticas\/wp-json\/wp\/v2\/media?parent=890"}],"wp:term":[{"taxonomy":"category","embeddable":true,"href":"https:\/\/sebraepr.com.br\/experienciasturisticas\/wp-json\/wp\/v2\/categories?post=890"},{"taxonomy":"post_tag","embeddable":true,"href":"https:\/\/sebraepr.com.br\/experienciasturisticas\/wp-json\/wp\/v2\/tags?post=890"}],"curies":[{"name":"wp","href":"https:\/\/api.w.org\/{rel}","templated":true}]}}