{"id":5139,"date":"2025-12-01T13:49:24","date_gmt":"2025-12-01T16:49:24","guid":{"rendered":"https:\/\/sebraepr.com.br\/experienciasturisticas\/?p=5139"},"modified":"2025-12-01T13:50:25","modified_gmt":"2025-12-01T16:50:25","slug":"memorias-do-cadeiao","status":"publish","type":"post","link":"https:\/\/sebraepr.com.br\/experienciasturisticas\/memorias-do-cadeiao\/","title":{"rendered":"Mem\u00f3rias do Cadei\u00e3o"},"content":{"rendered":"<div id='full_slider_1'  class='avia-fullwidth-slider main_color avia-shadow   avia-builder-el-0  el_before_av_one_full  avia-builder-el-first   container_wrap sidebar_right'  ><div   data-size='no scaling'  data-lightbox_size='large'  data-animation='slide'  data-conditional_play=''  data-ids='119'  data-video_counter='0'  data-autoplay='false'  data-bg_slider='false'  data-slide_height=''  data-handle='av_slideshow_full'  data-interval='5'  data-class=' '  data-el_id=''  data-css_id=''  data-scroll_down=''  data-control_layout='av-control-default'  data-custom_markup=''  data-perma_caption=''  data-autoplay_stopper=''  data-image_attachment=''  data-min_height='0px'  data-lazy_loading='disabled'  data-src=''  data-position='top left'  data-repeat='no-repeat'  data-attach='scroll'  data-stretch=''  class='avia-slideshow avia-slideshow-1  av-control-default av-default-height-applied avia-slideshow-no scaling av_slideshow_full   avia-slide-slider '  itemprop=\"image\" itemscope=\"itemscope\" itemtype=\"https:\/\/schema.org\/ImageObject\" ><ul class='avia-slideshow-inner ' style='padding-bottom: 9.4791666666667%;' ><li  class=' av-single-slide slide-1 ' ><div data-rel='slideshow-1' class='avia-slide-wrap '   ><img decoding=\"async\" class=\"wp-image-119 avia-img-lazy-loading-not-119\"  src=\"https:\/\/sebraepr.com.br\/experienciasturisticas\/wp-content\/uploads\/Top-Cultura-e-Historia.png\" width=\"1920\" height=\"182\" title='Top Cultura e Hist\u00f3ria' alt=''  itemprop=\"thumbnailUrl\" srcset=\"https:\/\/sebraepr.com.br\/experienciasturisticas\/wp-content\/uploads\/Top-Cultura-e-Historia.png 1920w, https:\/\/sebraepr.com.br\/experienciasturisticas\/wp-content\/uploads\/Top-Cultura-e-Historia-300x28.png 300w, https:\/\/sebraepr.com.br\/experienciasturisticas\/wp-content\/uploads\/Top-Cultura-e-Historia-1030x98.png 1030w, https:\/\/sebraepr.com.br\/experienciasturisticas\/wp-content\/uploads\/Top-Cultura-e-Historia-768x73.png 768w, https:\/\/sebraepr.com.br\/experienciasturisticas\/wp-content\/uploads\/Top-Cultura-e-Historia-1536x146.png 1536w, https:\/\/sebraepr.com.br\/experienciasturisticas\/wp-content\/uploads\/Top-Cultura-e-Historia-1500x142.png 1500w, https:\/\/sebraepr.com.br\/experienciasturisticas\/wp-content\/uploads\/Top-Cultura-e-Historia-705x67.png 705w\" sizes=\"(max-width: 1920px) 100vw, 1920px\" \/><\/div><\/li><\/ul><\/div><\/div><div id='after_full_slider_1'  class='main_color av_default_container_wrap container_wrap sidebar_right'  ><div class='container av-section-cont-open' ><div class='template-page content  av-content-small alpha units'><div class='post-entry post-entry-type-page post-entry-5139'><div class='entry-content-wrapper clearfix'>\n<div class='flex_column av-cfo5fn-caa510576df6d07ea8852fb4eb1e35e7 av_one_full  avia-builder-el-1  el_after_av_slideshow_full  el_before_av_one_full  avia-builder-el-first  cultura first flex_column_div '   ><div   data-size='no scaling'  data-lightbox_size='large'  data-animation='slide'  data-conditional_play=''  data-ids='5142'  data-video_counter='0'  data-autoplay='false'  data-bg_slider='false'  data-slide_height=''  data-handle='av_slideshow'  data-interval='5'  data-class=' avia-builder-el-2  avia-builder-el-no-sibling  cultura-banner '  data-el_id=''  data-css_id=''  data-scroll_down=''  data-control_layout='av-control-default'  data-custom_markup=''  data-perma_caption=''  data-autoplay_stopper=''  data-image_attachment=''  data-min_height='0px'  data-lazy_loading='disabled'  class='avia-slideshow avia-slideshow-2  av-control-default av-default-height-applied avia-slideshow-no scaling av_slideshow  avia-builder-el-2  avia-builder-el-no-sibling  cultura-banner  avia-slide-slider '  itemprop=\"image\" itemscope=\"itemscope\" itemtype=\"https:\/\/schema.org\/ImageObject\" ><ul class='avia-slideshow-inner ' style='padding-bottom: 66.69921875%;' ><li  class=' av-single-slide slide-1 ' ><div data-rel='slideshow-2' class='avia-slide-wrap '   ><div class=\"avia-caption av-slideshow-caption\"><div class=\"avia-inner-caption\"><h2  class='avia-caption-title  '  itemprop=\"name\" >Mem\u00f3rias do Cadei\u00e3o<\/h2><div class='avia-caption-content  '  itemprop=\"description\"  ><p>Visita Mediada pelo Sesc Cadei\u00e3o<\/p>\n<\/div><\/div><\/div><img decoding=\"async\" class=\"wp-image-5142 avia-img-lazy-loading-not-5142\"  src=\"https:\/\/sebraepr.com.br\/experienciasturisticas\/wp-content\/uploads\/Memorias-do-Cadeiao.jpg\" width=\"1024\" height=\"683\" title='Mem\u00f3rias do Cadei\u00e3o' alt=''  itemprop=\"thumbnailUrl\" srcset=\"https:\/\/sebraepr.com.br\/experienciasturisticas\/wp-content\/uploads\/Memorias-do-Cadeiao.jpg 1024w, https:\/\/sebraepr.com.br\/experienciasturisticas\/wp-content\/uploads\/Memorias-do-Cadeiao-300x200.jpg 300w, https:\/\/sebraepr.com.br\/experienciasturisticas\/wp-content\/uploads\/Memorias-do-Cadeiao-768x512.jpg 768w, https:\/\/sebraepr.com.br\/experienciasturisticas\/wp-content\/uploads\/Memorias-do-Cadeiao-705x470.jpg 705w\" sizes=\"(max-width: 1024px) 100vw, 1024px\" \/><\/div><\/li><\/ul><\/div><\/div>\n<div class='flex_column av-bj6qo3-b0e3c9217a6650fd0ec7becc9471b57e av_one_full  avia-builder-el-3  el_after_av_one_full  el_before_av_one_half  cultura first flex_column_div  av-animated-generic pop-up column-top-margin'   ><section class=\"av_textblock_section \"  itemscope=\"itemscope\" itemtype=\"https:\/\/schema.org\/BlogPosting\" itemprop=\"blogPost\" ><div class='avia_textblock  '   itemprop=\"text\" ><p><strong>Descubra o Sesc Cadei\u00e3o, antiga delegacia dos anos 40 transformada em espa\u00e7o cultural. Entre celas preservadas e mem\u00f3rias do passado, a visita mediada revela hist\u00f3rias que marcaram Londrina e mostram como o antigo e o novo se encontram em um mesmo lugar.<\/strong><\/p>\n<\/div><\/section><\/div>\n<div class='flex_column_table av-8uqio3-2363908430ffaf8e58a01555c2234162 sc-av_one_half av-equal-height-column-flextable'><div class='flex_column av-8uqio3-2363908430ffaf8e58a01555c2234162 av_one_half  avia-builder-el-5  el_after_av_one_full  el_before_av_one_half  cultura first flex_column_table_cell av-equal-height-column av-align-middle  av-animated-generic bottom-to-top column-top-margin'   ><section class=\"av_textblock_section \"  itemscope=\"itemscope\" itemtype=\"https:\/\/schema.org\/BlogPosting\" itemprop=\"blogPost\" ><div class='avia_textblock  '   itemprop=\"text\" ><p><strong>Dias e hor\u00e1rios de funcionamento:<\/strong> Ter\u00e7a a Sexta &#8211; 09:00 \u00e1s 21:00, S\u00e1bado e Domingo &#8211; 09:00 \u00e1s 18:00<br \/>\n<strong>O que a experi\u00eancia inclui: <\/strong>A experi\u00eancia inclui visita mediada, acesso \u00e0s antigas celas e espa\u00e7os restaurados, al\u00e9m de curiosidades sobre a hist\u00f3ria e transforma\u00e7\u00e3o do pr\u00e9dio em centro cultural. Um mergulho nas mem\u00f3rias de Londrina por meio da arte, da arquitetura e do patrim\u00f4nio local.<br \/>\n<strong>Anteced\u00eancia para reserva: <\/strong> Hor\u00e1rio agendado mediante a disponibilidade.<br \/>\n<strong>N\u00famero m\u00ednimo e m\u00e1ximo de pessoas: <\/strong> 4 a 30 pessoas.<br \/>\n<strong>Indicado para: <\/strong> Todos<\/p>\n<\/div><\/section><\/div>\n<div class='av-flex-placeholder'><\/div><div class='flex_column av-7nk5vn-2ae850f1867ef180c4646b8dabbb0f80 av_one_half  avia-builder-el-7  el_after_av_one_half  el_before_av_one_half  cultura flex_column_table_cell av-equal-height-column av-align-middle  av-animated-generic bottom-to-top column-top-margin'   ><style type=\"text\/css\" id=\"style-css-av-min9oj0k-020c740c603c15bb634f822133533a40\">\n.avia-image-container.av-min9oj0k-020c740c603c15bb634f822133533a40 .av-image-caption-overlay-center{\ncolor:#ffffff;\n}\n<\/style>\n<div  class='avia-image-container av-min9oj0k-020c740c603c15bb634f822133533a40 av-styling- avia-align-center  avia-builder-el-8  avia-builder-el-no-sibling  '  itemprop=\"image\" itemscope=\"itemscope\" itemtype=\"https:\/\/schema.org\/ImageObject\" ><div class=\"avia-image-container-inner\"><div class=\"avia-image-overlay-wrap\"><img decoding=\"async\" class='wp-image-5143 avia-img-lazy-loading-not-5143 avia_image' src=\"https:\/\/sebraepr.com.br\/experienciasturisticas\/wp-content\/uploads\/SESC.jpg\" alt='' title='SESC'  height=\"282\" width=\"547\"  itemprop=\"thumbnailUrl\" srcset=\"https:\/\/sebraepr.com.br\/experienciasturisticas\/wp-content\/uploads\/SESC.jpg 547w, https:\/\/sebraepr.com.br\/experienciasturisticas\/wp-content\/uploads\/SESC-300x155.jpg 300w\" sizes=\"(max-width: 547px) 100vw, 547px\" \/><\/div><\/div><\/div><\/div><\/div><!--close column table wrapper. Autoclose: 1 -->\n<div class='flex_column_table av-ng5rn-3762902b69dc96c2cea9bdeb7add6089 sc-av_one_half av-equal-height-column-flextable'><div class='flex_column av-ng5rn-3762902b69dc96c2cea9bdeb7add6089 av_one_half  avia-builder-el-9  el_after_av_one_half  el_before_av_one_half  imgarcu first flex_column_table_cell av-equal-height-column av-align-top  av-animated-generic bottom-to-top column-top-margin'   ><style type=\"text\/css\" id=\"style-css-av-min9os8g-0ae30d61be3bed19e26a1bc686fc58b9\">\n.avia-image-container.av-min9os8g-0ae30d61be3bed19e26a1bc686fc58b9 .av-image-caption-overlay-center{\ncolor:#ffffff;\n}\n<\/style>\n<div  class='avia-image-container av-min9os8g-0ae30d61be3bed19e26a1bc686fc58b9 av-styling- avia-align-center  avia-builder-el-10  avia-builder-el-no-sibling  '  itemprop=\"image\" itemscope=\"itemscope\" itemtype=\"https:\/\/schema.org\/ImageObject\" ><div class=\"avia-image-container-inner\"><div class=\"avia-image-overlay-wrap\"><img decoding=\"async\" class='wp-image-5141 avia-img-lazy-loading-not-5141 avia_image' src=\"https:\/\/sebraepr.com.br\/experienciasturisticas\/wp-content\/uploads\/Memorias-do-Cadeiao2.jpg\" alt='' title='Mem\u00f3rias do Cadei\u00e3o2'  height=\"658\" width=\"632\"  itemprop=\"thumbnailUrl\" srcset=\"https:\/\/sebraepr.com.br\/experienciasturisticas\/wp-content\/uploads\/Memorias-do-Cadeiao2.jpg 632w, https:\/\/sebraepr.com.br\/experienciasturisticas\/wp-content\/uploads\/Memorias-do-Cadeiao2-288x300.jpg 288w, https:\/\/sebraepr.com.br\/experienciasturisticas\/wp-content\/uploads\/Memorias-do-Cadeiao2-36x36.jpg 36w\" sizes=\"(max-width: 632px) 100vw, 632px\" \/><\/div><\/div><\/div><\/div>\n<div class='av-flex-placeholder'><\/div>\n<style type=\"text\/css\" id=\"style-css-av-3ri5j7-96e1c4bc92b1d68363cce25273d5a74c\">\n.flex_column.av-3ri5j7-96e1c4bc92b1d68363cce25273d5a74c{\nborder-radius:20px 20px 20px 20px;\n-webkit-border-radius:20px 20px 20px 20px;\n-moz-border-radius:20px 20px 20px 20px;\npadding:20px 20px 20px 20px;\nbackground-color:#808123;\n}\n<\/style>\n<div class='flex_column av-3ri5j7-96e1c4bc92b1d68363cce25273d5a74c av_one_half  avia-builder-el-11  el_after_av_one_half  avia-builder-el-last  cont-mapas flex_column_table_cell av-equal-height-column av-align-top  av-animated-generic bottom-to-top column-top-margin'   id=\"cont-mapas-li\"  ><p>\n<style type=\"text\/css\" id=\"style-css-av-1utdgz-d2109f5104779fe2709cf0cae02aca98\">\n.avia-image-container.av-1utdgz-d2109f5104779fe2709cf0cae02aca98 .av-image-caption-overlay-center{\ncolor:#ffffff;\n}\n<\/style>\n<div  class='avia-image-container av-1utdgz-d2109f5104779fe2709cf0cae02aca98 av-styling- av-hover-grow avia-align-center  avia-builder-el-12  el_before_av_textblock  avia-builder-el-first  '  itemprop=\"image\" itemscope=\"itemscope\" itemtype=\"https:\/\/schema.org\/ImageObject\" ><div class=\"avia-image-container-inner\"><div class=\"avia-image-overlay-wrap\"><a href=\"https:\/\/sebraepr.com.br\/experienciasturisticas\/category\/locais\/norte-do-parana\/\" class='avia_image' ><img decoding=\"async\" width=\"300\" height=\"206\" class='wp-image-265 avia-img-lazy-loading-not-265 avia_image' src=\"https:\/\/sebraepr.com.br\/experienciasturisticas\/wp-content\/uploads\/Parana-Norte-300x206.png\" alt='' title='Paran\u00e1 Norte'  itemprop=\"thumbnailUrl\" srcset=\"https:\/\/sebraepr.com.br\/experienciasturisticas\/wp-content\/uploads\/Parana-Norte-300x206.png 300w, https:\/\/sebraepr.com.br\/experienciasturisticas\/wp-content\/uploads\/Parana-Norte.png 600w\" sizes=\"(max-width: 300px) 100vw, 300px\" \/><\/a><\/div><\/div><\/div><br \/>\n<section class=\"av_textblock_section \"  itemscope=\"itemscope\" itemtype=\"https:\/\/schema.org\/BlogPosting\" itemprop=\"blogPost\" ><div class='avia_textblock  av_inherit_color '  style='color:#ffffff; '  itemprop=\"text\" ><p><strong>Empresa:<\/strong> Sesc Cadei\u00e3o<br \/>\n<strong>Munic\u00edpio:<\/strong> Londrina<\/p>\n<\/div><\/section><br \/>\n<section class=\"av_textblock_section \"  itemscope=\"itemscope\" itemtype=\"https:\/\/schema.org\/BlogPosting\" itemprop=\"blogPost\" ><div class='avia_textblock  av_inherit_color '  style='color:#ffffff; '  itemprop=\"text\" ><p>\n<style type=\"text\/css\" id=\"style-css-av-7cyv0r-8166ecba673612788353079aff6394b6\">\n.av_font_icon.av-7cyv0r-8166ecba673612788353079aff6394b6 .av-icon-char{\nfont-size:30px;\nline-height:30px;\n}\n<\/style>\n<span  class=\"av_font_icon av-7cyv0r-8166ecba673612788353079aff6394b6 avia_animate_when_visible av-icon-style- avia-icon-pos-left av-no-color avia-icon-animate \"><span class='av-icon-char' aria-hidden='true' data-av_icon='\ue842' data-av_iconfont='entypo-fontello' ><\/span><\/span> <a href=\"https:\/\/maps.app.goo.gl\/B7PZcAYENcYTMZdf7\" target=\"_blank\" rel=\"noopener\">Rua Sergipe, 52<\/a><\/p>\n<p>\n<style type=\"text\/css\" id=\"style-css-av-60joe3-199cc9eebfd14fb8361d18b27e92a695\">\n.av_font_icon.av-60joe3-199cc9eebfd14fb8361d18b27e92a695 .av-icon-char{\nfont-size:30px;\nline-height:30px;\n}\n<\/style>\n<span  class=\"av_font_icon av-60joe3-199cc9eebfd14fb8361d18b27e92a695 avia_animate_when_visible av-icon-style- avia-icon-pos-left av-no-color avia-icon-animate \"><span class='av-icon-char' aria-hidden='true' data-av_icon='\ue8ac' data-av_iconfont='entypo-fontello' ><\/span><\/span> (43) 3572-7700<\/p>\n<p>\n<style type=\"text\/css\" id=\"style-css-av-49gsuj-01de8f056e54bbbe18b75fb7684af85c\">\n.av_font_icon.av-49gsuj-01de8f056e54bbbe18b75fb7684af85c .av-icon-char{\nfont-size:30px;\nline-height:30px;\n}\n<\/style>\n<span  class=\"av_font_icon av-49gsuj-01de8f056e54bbbe18b75fb7684af85c avia_animate_when_visible av-icon-style- avia-icon-pos-left av-no-color avia-icon-animate \"><span class='av-icon-char' aria-hidden='true' data-av_icon='\uf232' data-av_iconfont='entypo-fontello' ><\/span><\/span> <a href=\"https:\/\/api.whatsapp.com\/send?phone=554335727700&amp;text=Ol\u00e1!%20Vim%20pelo%20site%20de%20experi\u00eancias%20tur\u00edsticas%20e%20quero%20mais%20informa\u00e7\u00f5es\">554335727700<\/a><\/p>\n<p>\n<style type=\"text\/css\" id=\"style-css-av-27b9gb-83120ea89eb2e4645603c7f8eea90faa\">\n.av_font_icon.av-27b9gb-83120ea89eb2e4645603c7f8eea90faa .av-icon-char{\nfont-size:30px;\nline-height:30px;\n}\n<\/style>\n<span  class=\"av_font_icon av-27b9gb-83120ea89eb2e4645603c7f8eea90faa avia_animate_when_visible av-icon-style- avia-icon-pos-left av-no-color avia-icon-animate \"><span class='av-icon-char' aria-hidden='true' data-av_icon='\ue8fe' data-av_iconfont='entypo-fontello' ><\/span><\/span><a href=\"http:\/\/www.sescpr.com.br\/\" target=\"_blank\" rel=\"noopener\">http:\/\/www.sescpr.com.br<\/a><\/p>\n<\/div><\/section><\/p><\/div><\/div><!--close column table wrapper. Autoclose: 1 -->\n","protected":false},"excerpt":{"rendered":"<p>Descubra o Sesc Cadei\u00e3o, antiga delegacia dos anos 40 transformada em espa\u00e7o cultural.<br \/>\nEmpresa: <strong>Sesc Cadei\u00e3o<\/strong><br \/>\nMunic\u00edpio: <strong>Londrina<\/strong><\/p>\n","protected":false},"author":2,"featured_media":5140,"comment_status":"closed","ping_status":"open","sticky":false,"template":"","format":"standard","meta":{"footnotes":""},"categories":[3,12,20,8],"tags":[133],"class_list":["post-5139","post","type-post","status-publish","format-standard","has-post-thumbnail","hentry","category-cultura-e-historia","category-locais","category-norte-do-parana","category-segmentos","tag-museu"],"_links":{"self":[{"href":"https:\/\/sebraepr.com.br\/experienciasturisticas\/wp-json\/wp\/v2\/posts\/5139","targetHints":{"allow":["GET"]}}],"collection":[{"href":"https:\/\/sebraepr.com.br\/experienciasturisticas\/wp-json\/wp\/v2\/posts"}],"about":[{"href":"https:\/\/sebraepr.com.br\/experienciasturisticas\/wp-json\/wp\/v2\/types\/post"}],"author":[{"embeddable":true,"href":"https:\/\/sebraepr.com.br\/experienciasturisticas\/wp-json\/wp\/v2\/users\/2"}],"replies":[{"embeddable":true,"href":"https:\/\/sebraepr.com.br\/experienciasturisticas\/wp-json\/wp\/v2\/comments?post=5139"}],"version-history":[{"count":3,"href":"https:\/\/sebraepr.com.br\/experienciasturisticas\/wp-json\/wp\/v2\/posts\/5139\/revisions"}],"predecessor-version":[{"id":5146,"href":"https:\/\/sebraepr.com.br\/experienciasturisticas\/wp-json\/wp\/v2\/posts\/5139\/revisions\/5146"}],"wp:featuredmedia":[{"embeddable":true,"href":"https:\/\/sebraepr.com.br\/experienciasturisticas\/wp-json\/wp\/v2\/media\/5140"}],"wp:attachment":[{"href":"https:\/\/sebraepr.com.br\/experienciasturisticas\/wp-json\/wp\/v2\/media?parent=5139"}],"wp:term":[{"taxonomy":"category","embeddable":true,"href":"https:\/\/sebraepr.com.br\/experienciasturisticas\/wp-json\/wp\/v2\/categories?post=5139"},{"taxonomy":"post_tag","embeddable":true,"href":"https:\/\/sebraepr.com.br\/experienciasturisticas\/wp-json\/wp\/v2\/tags?post=5139"}],"curies":[{"name":"wp","href":"https:\/\/api.w.org\/{rel}","templated":true}]}}