{"id":498,"date":"2023-07-12T11:36:55","date_gmt":"2023-07-12T14:36:55","guid":{"rendered":"https:\/\/sebraepr.com.br\/experienciasturisticas\/?p=498"},"modified":"2024-05-16T10:09:13","modified_gmt":"2024-05-16T13:09:13","slug":"conexao-natureza","status":"publish","type":"post","link":"https:\/\/sebraepr.com.br\/experienciasturisticas\/conexao-natureza\/","title":{"rendered":"Conex\u00e3o Natureza"},"content":{"rendered":"<div id='full_slider_1'  class='avia-fullwidth-slider main_color avia-shadow   avia-builder-el-0  el_before_av_one_full  avia-builder-el-first   container_wrap sidebar_right'  ><div   data-size='no scaling'  data-lightbox_size='large'  data-animation='slide'  data-conditional_play=''  data-ids='367'  data-video_counter='0'  data-autoplay='false'  data-bg_slider='false'  data-slide_height=''  data-handle='av_slideshow_full'  data-interval='5'  data-class=' '  data-el_id=''  data-css_id=''  data-scroll_down=''  data-control_layout='av-control-default'  data-custom_markup=''  data-perma_caption=''  data-autoplay_stopper=''  data-image_attachment=''  data-min_height='0px'  data-lazy_loading='disabled'  data-src=''  data-position='top left'  data-repeat='no-repeat'  data-attach='scroll'  data-stretch=''  class='avia-slideshow avia-slideshow-1  av-control-default av-default-height-applied avia-slideshow-no scaling av_slideshow_full   avia-slide-slider '  itemprop=\"image\" itemscope=\"itemscope\" itemtype=\"https:\/\/schema.org\/ImageObject\" ><ul class='avia-slideshow-inner ' style='padding-bottom: 9.4791666666667%;' ><li  class=' av-single-slide slide-1 ' ><div data-rel='slideshow-1' class='avia-slide-wrap '   ><img decoding=\"async\" class=\"wp-image-367 avia-img-lazy-loading-not-367\"  src=\"https:\/\/sebraepr.com.br\/experienciasturisticas\/wp-content\/uploads\/Top-Saude-e-Beleza.png\" width=\"1920\" height=\"182\" title='Top Sa\u00fade e Beleza' alt=''  itemprop=\"thumbnailUrl\" srcset=\"https:\/\/sebraepr.com.br\/experienciasturisticas\/wp-content\/uploads\/Top-Saude-e-Beleza.png 1920w, https:\/\/sebraepr.com.br\/experienciasturisticas\/wp-content\/uploads\/Top-Saude-e-Beleza-300x28.png 300w, https:\/\/sebraepr.com.br\/experienciasturisticas\/wp-content\/uploads\/Top-Saude-e-Beleza-1030x98.png 1030w, https:\/\/sebraepr.com.br\/experienciasturisticas\/wp-content\/uploads\/Top-Saude-e-Beleza-768x73.png 768w, https:\/\/sebraepr.com.br\/experienciasturisticas\/wp-content\/uploads\/Top-Saude-e-Beleza-1536x146.png 1536w, https:\/\/sebraepr.com.br\/experienciasturisticas\/wp-content\/uploads\/Top-Saude-e-Beleza-1500x142.png 1500w, https:\/\/sebraepr.com.br\/experienciasturisticas\/wp-content\/uploads\/Top-Saude-e-Beleza-705x67.png 705w\" sizes=\"(max-width: 1920px) 100vw, 1920px\" \/><\/div><\/li><\/ul><\/div><\/div><div id='after_full_slider_1'  class='main_color av_default_container_wrap container_wrap sidebar_right'  ><div class='container av-section-cont-open' ><div class='template-page content  av-content-small alpha units'><div class='post-entry post-entry-type-page post-entry-498'><div class='entry-content-wrapper clearfix'>\n<div class='flex_column av-av_one_full-557fbd3e5c92d202a51a2c4f9e35573b av_one_full  avia-builder-el-1  el_after_av_slideshow_full  el_before_av_one_full  avia-builder-el-first  cultura first flex_column_div '   ><div   data-size='no scaling'  data-lightbox_size='large'  data-animation='slide'  data-conditional_play=''  data-ids='2507'  data-video_counter='0'  data-autoplay='false'  data-bg_slider='false'  data-slide_height=''  data-handle='av_slideshow'  data-interval='5'  data-class=' avia-builder-el-2  avia-builder-el-no-sibling  saude-banner '  data-el_id=''  data-css_id=''  data-scroll_down=''  data-control_layout='av-control-default'  data-custom_markup=''  data-perma_caption=''  data-autoplay_stopper=''  data-image_attachment=''  data-min_height='0px'  data-lazy_loading='disabled'  class='avia-slideshow avia-slideshow-2  av-control-default av-default-height-applied avia-slideshow-no scaling av_slideshow  avia-builder-el-2  avia-builder-el-no-sibling  saude-banner  avia-slide-slider '  itemprop=\"image\" itemscope=\"itemscope\" itemtype=\"https:\/\/schema.org\/ImageObject\" ><ul class='avia-slideshow-inner ' style='padding-bottom: 47%;' ><li  class=' av-single-slide slide-1 ' ><div data-rel='slideshow-2' class='avia-slide-wrap '   ><div class=\"avia-caption av-slideshow-caption\"><div class=\"avia-inner-caption\"><h2  class='avia-caption-title  '  itemprop=\"name\" >Conex\u00e3o Natureza<\/h2><div class='avia-caption-content  '  itemprop=\"description\"  ><p>Um passeio de contato com a natureza para deixar todas as preocupa\u00e7\u00f5es de lado.<\/p>\n<\/div><\/div><\/div><img decoding=\"async\" class=\"wp-image-2507 avia-img-lazy-loading-not-2507\"  src=\"https:\/\/sebraepr.com.br\/experienciasturisticas\/wp-content\/uploads\/Conexao-Natureza.jpg\" width=\"900\" height=\"423\" title='Conex\u00e3o Natureza' alt=''  itemprop=\"thumbnailUrl\" srcset=\"https:\/\/sebraepr.com.br\/experienciasturisticas\/wp-content\/uploads\/Conexao-Natureza.jpg 900w, https:\/\/sebraepr.com.br\/experienciasturisticas\/wp-content\/uploads\/Conexao-Natureza-300x141.jpg 300w, https:\/\/sebraepr.com.br\/experienciasturisticas\/wp-content\/uploads\/Conexao-Natureza-768x361.jpg 768w, https:\/\/sebraepr.com.br\/experienciasturisticas\/wp-content\/uploads\/Conexao-Natureza-705x331.jpg 705w\" sizes=\"(max-width: 900px) 100vw, 900px\" \/><\/div><\/li><\/ul><\/div><\/div><div class='flex_column av-1gc4be-a77cd411c8ba201516c5177a527f5fdf av_one_full  avia-builder-el-3  el_after_av_one_full  el_before_av_one_half  saude first flex_column_div  av-animated-generic pop-up column-top-margin'   ><section class=\"av_textblock_section \"  itemscope=\"itemscope\" itemtype=\"https:\/\/schema.org\/BlogPosting\" itemprop=\"blogPost\" ><div class='avia_textblock  '   itemprop=\"text\" ><p><strong>Um passeio de contato com a natureza para deixar todas as preocupa\u00e7\u00f5es de lado. Vamos vivenciar uma medita\u00e7\u00e3o e um processo de relaxamento que somente a presen\u00e7a em meio \u00e0 Mata Atl\u00e2ntica pode oferecer. Ao final, uma bela degusta\u00e7\u00e3o de chopp ponta-grossense. Venha se conectar e viver o momento.<\/strong><\/p>\n<\/div><\/section><\/div><\/p>\n<div class='flex_column_table av-1b1liq-3445a15133bbe2ac772b27011fc7ce71 sc-av_one_half av-equal-height-column-flextable'><div class='flex_column av-1b1liq-3445a15133bbe2ac772b27011fc7ce71 av_one_half  avia-builder-el-5  el_after_av_one_full  el_before_av_one_half  saude first flex_column_table_cell av-equal-height-column av-align-middle  av-animated-generic bottom-to-top column-top-margin'   ><section class=\"av_textblock_section \"  itemscope=\"itemscope\" itemtype=\"https:\/\/schema.org\/BlogPosting\" itemprop=\"blogPost\" ><div class='avia_textblock  '   itemprop=\"text\" ><p><strong>Dias e hor\u00e1rios de funcionamento:<\/strong> O produto ser\u00e1 ofertado em datas previamente agendadas e poder\u00e1 ser cancelado em virtude de mau tempo.<br \/>\n<strong>O que a experi\u00eancia inclui: <\/strong>Ingresso aos atrativos, guia de turismo credenciado, seguro pessoal contra acidentes, degusta\u00e7\u00e3o de cerveja.<br \/>\n<strong>Anteced\u00eancia para reserva: <\/strong>Uma semana.<br \/>\n<strong>N\u00famero m\u00ednimo e m\u00e1ximo de pessoas: <\/strong>15 e 44.<br \/>\n<strong>Indicado para: <\/strong>Jovens e adultos (acima de 18 anos para a degusta\u00e7\u00e3o das cervejas). Grupos de ag\u00eancias com faixa et\u00e1ria 60+.<\/p>\n<\/div><\/section><\/div>\n<div class='av-flex-placeholder'><\/div><div class='flex_column av-ljzttekr-7356c7ccaedad251c14a09f135b4887d av_one_half  avia-builder-el-7  el_after_av_one_half  el_before_av_one_half  cultura flex_column_table_cell av-equal-height-column av-align-middle  av-animated-generic bottom-to-top column-top-margin'   ><style type=\"text\/css\" id=\"style-css-av-ljzttu0e-26095f6f95043bfe3ab60fb001c08645\">\n.avia-image-container.av-ljzttu0e-26095f6f95043bfe3ab60fb001c08645 .av-image-caption-overlay-center{\ncolor:#ffffff;\n}\n<\/style>\n<div  class='avia-image-container av-ljzttu0e-26095f6f95043bfe3ab60fb001c08645 av-styling- avia-align-center  avia-builder-el-8  avia-builder-el-no-sibling  '  itemprop=\"image\" itemscope=\"itemscope\" itemtype=\"https:\/\/schema.org\/ImageObject\" ><div class=\"avia-image-container-inner\"><div class=\"avia-image-overlay-wrap\"><img decoding=\"async\" class='wp-image-504 avia-img-lazy-loading-not-504 avia_image' src=\"https:\/\/sebraepr.com.br\/experienciasturisticas\/wp-content\/uploads\/Arace-Turismo.png\" alt='' title='Arace Turismo'  height=\"222\" width=\"600\"  itemprop=\"thumbnailUrl\" srcset=\"https:\/\/sebraepr.com.br\/experienciasturisticas\/wp-content\/uploads\/Arace-Turismo.png 600w, https:\/\/sebraepr.com.br\/experienciasturisticas\/wp-content\/uploads\/Arace-Turismo-300x111.png 300w\" sizes=\"(max-width: 600px) 100vw, 600px\" \/><\/div><\/div><\/div><\/div><\/div><!--close column table wrapper. Autoclose: 1 -->\n<div class='flex_column_table av-av_one_half-490160f7809fe7170e1f9af12f4c8f62 sc-av_one_half av-equal-height-column-flextable'><div class='flex_column av-av_one_half-490160f7809fe7170e1f9af12f4c8f62 av_one_half  avia-builder-el-9  el_after_av_one_half  el_before_av_one_half  imgars first flex_column_table_cell av-equal-height-column av-align-top  av-animated-generic bottom-to-top column-top-margin'   ><style type=\"text\/css\" id=\"style-css-av-lw99om3p-dea8f89b61952631aa913b19897de6c9\">\n.avia-image-container.av-lw99om3p-dea8f89b61952631aa913b19897de6c9 .av-image-caption-overlay-center{\ncolor:#ffffff;\n}\n<\/style>\n<div  class='avia-image-container av-lw99om3p-dea8f89b61952631aa913b19897de6c9 av-styling- avia-align-center  avia-builder-el-10  avia-builder-el-no-sibling  '  itemprop=\"image\" itemscope=\"itemscope\" itemtype=\"https:\/\/schema.org\/ImageObject\" ><div class=\"avia-image-container-inner\"><div class=\"avia-image-overlay-wrap\"><img decoding=\"async\" class='wp-image-2506 avia-img-lazy-loading-not-2506 avia_image' src=\"https:\/\/sebraepr.com.br\/experienciasturisticas\/wp-content\/uploads\/Conexao-Natureza2.jpg\" alt='' title='Conex\u00e3o Natureza2'  height=\"789\" width=\"593\"  itemprop=\"thumbnailUrl\" srcset=\"https:\/\/sebraepr.com.br\/experienciasturisticas\/wp-content\/uploads\/Conexao-Natureza2.jpg 593w, https:\/\/sebraepr.com.br\/experienciasturisticas\/wp-content\/uploads\/Conexao-Natureza2-225x300.jpg 225w, https:\/\/sebraepr.com.br\/experienciasturisticas\/wp-content\/uploads\/Conexao-Natureza2-530x705.jpg 530w\" sizes=\"(max-width: 593px) 100vw, 593px\" \/><\/div><\/div><\/div><\/div><div class='av-flex-placeholder'><\/div>\n<style type=\"text\/css\" id=\"style-css-av-v458a-3e75e43b9239fdf3f9e3caa10049d3eb\">\n.flex_column.av-v458a-3e75e43b9239fdf3f9e3caa10049d3eb{\nborder-radius:20px 20px 20px 20px;\n-webkit-border-radius:20px 20px 20px 20px;\n-moz-border-radius:20px 20px 20px 20px;\npadding:20px 20px 20px 20px;\nbackground-color:#158184;\n}\n<\/style>\n<div class='flex_column av-v458a-3e75e43b9239fdf3f9e3caa10049d3eb av_one_half  avia-builder-el-11  el_after_av_one_half  avia-builder-el-last  cont-mapas flex_column_table_cell av-equal-height-column av-align-top  av-animated-generic bottom-to-top column-top-margin'   id=\"cont-mapas-li\"  ><p>\n<style type=\"text\/css\" id=\"style-css-av-ljztxseg-1a299b95800bb8901c566df4c6b62299\">\n.avia-image-container.av-ljztxseg-1a299b95800bb8901c566df4c6b62299 .av-image-caption-overlay-center{\ncolor:#ffffff;\n}\n<\/style>\n<div  class='avia-image-container av-ljztxseg-1a299b95800bb8901c566df4c6b62299 av-styling- av-hover-grow avia-align-center  avia-builder-el-12  el_before_av_textblock  avia-builder-el-first  '  itemprop=\"image\" itemscope=\"itemscope\" itemtype=\"https:\/\/schema.org\/ImageObject\" ><div class=\"avia-image-container-inner\"><div class=\"avia-image-overlay-wrap\"><a href=\"https:\/\/sebraepr.com.br\/experienciasturisticas\/category\/locais\/campos-gerais\/\" class='avia_image' ><img decoding=\"async\" width=\"300\" height=\"206\" class='wp-image-247 avia-img-lazy-loading-not-247 avia_image' src=\"https:\/\/sebraepr.com.br\/experienciasturisticas\/wp-content\/uploads\/Parana-Campos-Gerais-300x206.png\" alt='' title='Paran\u00e1 Campos Gerais'  itemprop=\"thumbnailUrl\" srcset=\"https:\/\/sebraepr.com.br\/experienciasturisticas\/wp-content\/uploads\/Parana-Campos-Gerais-300x206.png 300w, https:\/\/sebraepr.com.br\/experienciasturisticas\/wp-content\/uploads\/Parana-Campos-Gerais.png 600w\" sizes=\"(max-width: 300px) 100vw, 300px\" \/><\/a><\/div><\/div><\/div><br \/>\n<section class=\"av_textblock_section \"  itemscope=\"itemscope\" itemtype=\"https:\/\/schema.org\/BlogPosting\" itemprop=\"blogPost\" ><div class='avia_textblock  av_inherit_color '  style='color:#ffffff; '  itemprop=\"text\" ><p><strong>Empresa:<\/strong> Arac\u00ea Turismo<\/p>\n<p><strong>Munic\u00edpio:<\/strong> Ponta Grossa<\/p>\n<\/div><\/section><br \/>\n<section class=\"av_textblock_section \"  itemscope=\"itemscope\" itemtype=\"https:\/\/schema.org\/BlogPosting\" itemprop=\"blogPost\" ><div class='avia_textblock  av_inherit_color '  style='color:#ffffff; '  itemprop=\"text\" ><p>\n<style type=\"text\/css\" id=\"style-css-av-ptd6a-e7e62b51f503d0eb258ba9d96d868e7c\">\n.av_font_icon.av-ptd6a-e7e62b51f503d0eb258ba9d96d868e7c .av-icon-char{\nfont-size:30px;\nline-height:30px;\n}\n<\/style>\n<span  class=\"av_font_icon av-ptd6a-e7e62b51f503d0eb258ba9d96d868e7c avia_animate_when_visible av-icon-style- avia-icon-pos-left av-no-color avia-icon-animate \"><span class='av-icon-char' aria-hidden='true' data-av_icon='\ue842' data-av_iconfont='entypo-fontello' ><\/span><\/span> <a href=\"https:\/\/goo.gl\/maps\/3Zs8c9AJqhvqXRS88\" target=\"_blank\" rel=\"noopener\">R. J\u00falia Lopes, 1321 &#8211; Sala 1 &#8211; Nova R\u00fassia<\/a><\/p>\n<p>\n<style type=\"text\/css\" id=\"style-css-av-29raa-b582c346bf939472f560b4ad817d1c27\">\n.av_font_icon.av-29raa-b582c346bf939472f560b4ad817d1c27 .av-icon-char{\nfont-size:30px;\nline-height:30px;\n}\n<\/style>\n<span  class=\"av_font_icon av-29raa-b582c346bf939472f560b4ad817d1c27 avia_animate_when_visible av-icon-style- avia-icon-pos-left av-no-color avia-icon-animate \"><span class='av-icon-char' aria-hidden='true' data-av_icon='\ue8ac' data-av_iconfont='entypo-fontello' ><\/span><\/span>(42) 9 9857-1795 \/ (42) 3323-0112<\/p>\n<p>\n<style type=\"text\/css\" id=\"style-css-av-1ym14b-c4fef0fdd65aa83b13875362f82c82e2\">\n.av_font_icon.av-1ym14b-c4fef0fdd65aa83b13875362f82c82e2 .av-icon-char{\nfont-size:30px;\nline-height:30px;\n}\n<\/style>\n<span  class=\"av_font_icon av-1ym14b-c4fef0fdd65aa83b13875362f82c82e2 avia_animate_when_visible av-icon-style- avia-icon-pos-left av-no-color avia-icon-animate \"><span class='av-icon-char' aria-hidden='true' data-av_icon='\uf232' data-av_iconfont='entypo-fontello' ><\/span><\/span> <a href=\"https:\/\/api.whatsapp.com\/send?phone=5542998571795&#038;text=Ol\u00e1!%20Vim%20pelo%20site%20de%20experi\u00eancias%20tur\u00edsticas%20e%20quero%20mais%20informa\u00e7\u00f5es\">5542998571795<\/a><\/p>\n<p>\n<style type=\"text\/css\" id=\"style-css-av-hl2ia-1fb5ecb02f50a1d284c0f650ec1eef7d\">\n.av_font_icon.av-hl2ia-1fb5ecb02f50a1d284c0f650ec1eef7d .av-icon-char{\nfont-size:30px;\nline-height:30px;\n}\n<\/style>\n<span  class=\"av_font_icon av-hl2ia-1fb5ecb02f50a1d284c0f650ec1eef7d avia_animate_when_visible av-icon-style- avia-icon-pos-left av-no-color avia-icon-animate \"><span class='av-icon-char' aria-hidden='true' data-av_icon='\ue909' data-av_iconfont='entypo-fontello' ><\/span><\/span><a href=\"https:\/\/www.instagram.com\/arace.turismo\/\" target=\"_blank\" rel=\"noopener\">@arace.turismo<\/a><\/p>\n<p>\n<style type=\"text\/css\" id=\"style-css-av-8kto2-d8a8d2b09e262a3eeb0bcfd3afab80f1\">\n.av_font_icon.av-8kto2-d8a8d2b09e262a3eeb0bcfd3afab80f1 .av-icon-char{\nfont-size:30px;\nline-height:30px;\n}\n<\/style>\n<span  class=\"av_font_icon av-8kto2-d8a8d2b09e262a3eeb0bcfd3afab80f1 avia_animate_when_visible av-icon-style- avia-icon-pos-left av-no-color avia-icon-animate \"><span class='av-icon-char' aria-hidden='true' data-av_icon='\ue8ad' data-av_iconfont='entypo-fontello' ><\/span><\/span><a href=\"https:\/\/linktr.ee\/araceturismo\/\" target=\"_blank\" rel=\"noopener\">linktr.ee\/araceturismo<\/a><\/p>\n<\/div><\/section><\/p><\/div><\/div><!--close column table wrapper. Autoclose: 1 --><\/p>\n","protected":false},"excerpt":{"rendered":"<p>Um passeio de contato com a natureza para deixar todas as preocupa\u00e7\u00f5es de lado<br \/>\nEmpresa: <strong>Arac\u00ea Turismo<\/strong><br \/>\nMunic\u00edpio: <strong>Ponta Grossa<\/strong><\/p>\n","protected":false},"author":2,"featured_media":2506,"comment_status":"closed","ping_status":"closed","sticky":false,"template":"","format":"standard","meta":{"footnotes":""},"categories":[21,12,5,8],"tags":[9],"class_list":["post-498","post","type-post","status-publish","format-standard","has-post-thumbnail","hentry","category-campos-gerais","category-locais","category-saude-e-beleza","category-segmentos","tag-natureza"],"_links":{"self":[{"href":"https:\/\/sebraepr.com.br\/experienciasturisticas\/wp-json\/wp\/v2\/posts\/498","targetHints":{"allow":["GET"]}}],"collection":[{"href":"https:\/\/sebraepr.com.br\/experienciasturisticas\/wp-json\/wp\/v2\/posts"}],"about":[{"href":"https:\/\/sebraepr.com.br\/experienciasturisticas\/wp-json\/wp\/v2\/types\/post"}],"author":[{"embeddable":true,"href":"https:\/\/sebraepr.com.br\/experienciasturisticas\/wp-json\/wp\/v2\/users\/2"}],"replies":[{"embeddable":true,"href":"https:\/\/sebraepr.com.br\/experienciasturisticas\/wp-json\/wp\/v2\/comments?post=498"}],"version-history":[{"count":7,"href":"https:\/\/sebraepr.com.br\/experienciasturisticas\/wp-json\/wp\/v2\/posts\/498\/revisions"}],"predecessor-version":[{"id":2509,"href":"https:\/\/sebraepr.com.br\/experienciasturisticas\/wp-json\/wp\/v2\/posts\/498\/revisions\/2509"}],"wp:featuredmedia":[{"embeddable":true,"href":"https:\/\/sebraepr.com.br\/experienciasturisticas\/wp-json\/wp\/v2\/media\/2506"}],"wp:attachment":[{"href":"https:\/\/sebraepr.com.br\/experienciasturisticas\/wp-json\/wp\/v2\/media?parent=498"}],"wp:term":[{"taxonomy":"category","embeddable":true,"href":"https:\/\/sebraepr.com.br\/experienciasturisticas\/wp-json\/wp\/v2\/categories?post=498"},{"taxonomy":"post_tag","embeddable":true,"href":"https:\/\/sebraepr.com.br\/experienciasturisticas\/wp-json\/wp\/v2\/tags?post=498"}],"curies":[{"name":"wp","href":"https:\/\/api.w.org\/{rel}","templated":true}]}}