{"id":4952,"date":"2025-10-28T16:17:13","date_gmt":"2025-10-28T19:17:13","guid":{"rendered":"https:\/\/sebraepr.com.br\/experienciasturisticas\/?p=4952"},"modified":"2025-10-28T16:56:18","modified_gmt":"2025-10-28T19:56:18","slug":"manhas-no-merion","status":"publish","type":"post","link":"https:\/\/sebraepr.com.br\/experienciasturisticas\/manhas-no-merion\/","title":{"rendered":"Manh\u00e3s no Merion"},"content":{"rendered":"<div id='full_slider_1'  class='avia-fullwidth-slider main_color avia-shadow   avia-builder-el-0  el_before_av_one_full  avia-builder-el-first   container_wrap sidebar_right'  ><div   data-size='no scaling'  data-lightbox_size='large'  data-animation='slide'  data-conditional_play=''  data-ids='2212'  data-video_counter='0'  data-autoplay='false'  data-bg_slider='false'  data-slide_height=''  data-handle='av_slideshow_full'  data-interval='5'  data-class=' '  data-el_id=''  data-css_id=''  data-scroll_down=''  data-control_layout='av-control-default'  data-custom_markup=''  data-perma_caption=''  data-autoplay_stopper=''  data-image_attachment=''  data-min_height='0px'  data-lazy_loading='disabled'  data-src=''  data-position='top left'  data-repeat='no-repeat'  data-attach='scroll'  data-stretch=''  class='avia-slideshow avia-slideshow-1  av-control-default av-default-height-applied avia-slideshow-no scaling av_slideshow_full   avia-slide-slider '  itemprop=\"image\" itemscope=\"itemscope\" itemtype=\"https:\/\/schema.org\/ImageObject\" ><ul class='avia-slideshow-inner ' style='padding-bottom: 9.4791666666667%;' ><li  class=' av-single-slide slide-1 ' ><div data-rel='slideshow-1' class='avia-slide-wrap '   ><img decoding=\"async\" class=\"wp-image-2212 avia-img-lazy-loading-not-2212\"  src=\"https:\/\/sebraepr.com.br\/experienciasturisticas\/wp-content\/uploads\/Top-Gastronomia.png\" width=\"1920\" height=\"182\" title='Top Gastronomia' alt=''  itemprop=\"thumbnailUrl\" srcset=\"https:\/\/sebraepr.com.br\/experienciasturisticas\/wp-content\/uploads\/Top-Gastronomia.png 1920w, https:\/\/sebraepr.com.br\/experienciasturisticas\/wp-content\/uploads\/Top-Gastronomia-300x28.png 300w, https:\/\/sebraepr.com.br\/experienciasturisticas\/wp-content\/uploads\/Top-Gastronomia-1030x98.png 1030w, https:\/\/sebraepr.com.br\/experienciasturisticas\/wp-content\/uploads\/Top-Gastronomia-768x73.png 768w, https:\/\/sebraepr.com.br\/experienciasturisticas\/wp-content\/uploads\/Top-Gastronomia-1536x146.png 1536w, https:\/\/sebraepr.com.br\/experienciasturisticas\/wp-content\/uploads\/Top-Gastronomia-1500x142.png 1500w, https:\/\/sebraepr.com.br\/experienciasturisticas\/wp-content\/uploads\/Top-Gastronomia-705x67.png 705w\" sizes=\"(max-width: 1920px) 100vw, 1920px\" \/><\/div><\/li><\/ul><\/div><\/div><div id='after_full_slider_1'  class='main_color av_default_container_wrap container_wrap sidebar_right'  ><div class='container av-section-cont-open' ><div class='template-page content  av-content-small alpha units'><div class='post-entry post-entry-type-page post-entry-4952'><div class='entry-content-wrapper clearfix'>\n<div class='flex_column av-l24ueg-2e1095181d21a34e9fd031c4c280654e av_one_full  avia-builder-el-1  el_after_av_slideshow_full  el_before_av_one_full  avia-builder-el-first  cultura first flex_column_div '   ><div   data-size='no scaling'  data-lightbox_size='large'  data-animation='slide'  data-conditional_play=''  data-ids='4953'  data-video_counter='0'  data-autoplay='false'  data-bg_slider='false'  data-slide_height=''  data-handle='av_slideshow'  data-interval='5'  data-class=' avia-builder-el-2  avia-builder-el-no-sibling  gas-banner '  data-el_id=''  data-css_id=''  data-scroll_down=''  data-control_layout='av-control-default'  data-custom_markup=''  data-perma_caption=''  data-autoplay_stopper=''  data-image_attachment=''  data-min_height='0px'  data-lazy_loading='disabled'  class='avia-slideshow avia-slideshow-2  av-control-default av-default-height-applied avia-slideshow-no scaling av_slideshow  avia-builder-el-2  avia-builder-el-no-sibling  gas-banner  avia-slide-slider '  itemprop=\"image\" itemscope=\"itemscope\" itemtype=\"https:\/\/schema.org\/ImageObject\" ><ul class='avia-slideshow-inner ' style='padding-bottom: 72%;' ><li  class=' av-single-slide slide-1 ' ><div data-rel='slideshow-2' class='avia-slide-wrap '   ><div class=\"avia-caption av-slideshow-caption\"><div class=\"avia-inner-caption\"><h2  class='avia-caption-title  '  itemprop=\"name\" >Manh\u00e3s no Merion<\/h2><div class='avia-caption-content  '  itemprop=\"description\"  ><p>O brunch que une gastronomia do Sudoeste, paisagem e pertencimento<\/p>\n<\/div><\/div><\/div><img decoding=\"async\" class=\"wp-image-4953 avia-img-lazy-loading-not-4953\"  src=\"https:\/\/sebraepr.com.br\/experienciasturisticas\/wp-content\/uploads\/Merion-7.jpg\" width=\"1500\" height=\"1080\" title='Merion (7)' alt=''  itemprop=\"thumbnailUrl\" srcset=\"https:\/\/sebraepr.com.br\/experienciasturisticas\/wp-content\/uploads\/Merion-7.jpg 1500w, https:\/\/sebraepr.com.br\/experienciasturisticas\/wp-content\/uploads\/Merion-7-300x216.jpg 300w, https:\/\/sebraepr.com.br\/experienciasturisticas\/wp-content\/uploads\/Merion-7-1030x742.jpg 1030w, https:\/\/sebraepr.com.br\/experienciasturisticas\/wp-content\/uploads\/Merion-7-768x553.jpg 768w, https:\/\/sebraepr.com.br\/experienciasturisticas\/wp-content\/uploads\/Merion-7-705x508.jpg 705w\" sizes=\"(max-width: 1500px) 100vw, 1500px\" \/><\/div><\/li><\/ul><\/div><\/div>\n<div class='flex_column av-ipnv3c-a347b97d8c7792b25f655010d2b28e06 av_one_full  avia-builder-el-3  el_after_av_one_full  el_before_av_one_half  gastronomia first flex_column_div  av-animated-generic pop-up column-top-margin'   ><section class=\"av_textblock_section \"  itemscope=\"itemscope\" itemtype=\"https:\/\/schema.org\/BlogPosting\" itemprop=\"blogPost\" ><div class='avia_textblock  '   itemprop=\"text\" ><p><strong>Nesse caf\u00e9 da manh\u00e3 estendido saboreie produtos de origem: queijos coloniais, mel e melado de Capanema, polenta brustolada, geleias e espumante. Ao som da cidade despertando, essa experi\u00eancia afetiva une gastronomia, paisagem e pertencimento. Celebre o sabor e a identidade do Sudoeste, vamos brindar \u00e0 nossa origem!<\/strong><\/p>\n<\/div><\/section><\/div>\n<div class='flex_column_table av-hlo6e0-8474aab5fc284635097acb43165a0082 sc-av_one_half av-equal-height-column-flextable'><div class='flex_column av-hlo6e0-8474aab5fc284635097acb43165a0082 av_one_half  avia-builder-el-5  el_after_av_one_full  el_before_av_one_half  gastronomia first flex_column_table_cell av-equal-height-column av-align-middle  av-animated-generic bottom-to-top column-top-margin'   ><section class=\"av_textblock_section \"  itemscope=\"itemscope\" itemtype=\"https:\/\/schema.org\/BlogPosting\" itemprop=\"blogPost\" ><div class='avia_textblock  '   itemprop=\"text\" ><p><strong>Dias e hor\u00e1rios de funcionamento:<\/strong> Todo o ano. S\u00e1bados anunciados<br \/>\n<strong>O que a experi\u00eancia inclui: <\/strong>Ingresso ao tradicional caf\u00e9-da-manh\u00e3 servido no sal\u00e3o da cobertura com vista privilegiada da cidade. Acompanha uma ilha de produtos de origem da culin\u00e1ria local e regional: Queijos Coloniais do Sudoeste, Mel e Melado de Capanema, geleias, doces e embutidos artesanais, al\u00e9m de servi\u00e7o de mesa com polenta brustolada com queijo e bruschettas, todos acompanhados de tags que indicam sua origem. Inclui sucos artesanais de uva e de laranja e acompanha espumante servido em ta\u00e7as para brindar a vista privilegiada da cidade. Um painel colaborativo recebe mensagens dos participantes que ganham acesso ao terra\u00e7o para fotos com vista exclusiva da Pra\u00e7a Presidente Vargas e Igreja Matriz.<br \/>\n<strong>Dura\u00e7\u00e3o m\u00ednima da experi\u00eancia: <\/strong>1 Hora<br \/>\n<strong>Anteced\u00eancia para reserva: <\/strong> N\u00e3o \u00e9 necess\u00e1rio.<br \/>\n<strong>N\u00famero m\u00ednimo e m\u00e1ximo de pessoas:\u00a0<\/strong>01 a 120 pessoas<br \/>\n<strong>Indicado para: <\/strong> Todos os p\u00fablicos.<\/p>\n<\/div><\/section><\/div>\n<div class='av-flex-placeholder'><\/div><div class='flex_column av-f2ixe0-e542517ca2bcc1eed2d91d2aa4935ba1 av_one_half  avia-builder-el-7  el_after_av_one_half  el_before_av_one_half  cultura flex_column_table_cell av-equal-height-column av-align-middle  av-animated-generic bottom-to-top column-top-margin'   ><style type=\"text\/css\" id=\"style-css-av-mhawskww-b05788fd1356395f5b5a4abe463ec271\">\n.avia-image-container.av-mhawskww-b05788fd1356395f5b5a4abe463ec271 .av-image-caption-overlay-center{\ncolor:#ffffff;\n}\n<\/style>\n<div  class='avia-image-container av-mhawskww-b05788fd1356395f5b5a4abe463ec271 av-styling- avia-align-center  avia-builder-el-8  avia-builder-el-no-sibling  '  itemprop=\"image\" itemscope=\"itemscope\" itemtype=\"https:\/\/schema.org\/ImageObject\" ><div class=\"avia-image-container-inner\"><div class=\"avia-image-overlay-wrap\"><img decoding=\"async\" class='wp-image-4955 avia-img-lazy-loading-not-4955 avia_image' src=\"https:\/\/sebraepr.com.br\/experienciasturisticas\/wp-content\/uploads\/Merion_logo.jpg\" alt='' title='Merion_logo'  height=\"1754\" width=\"1241\"  itemprop=\"thumbnailUrl\" srcset=\"https:\/\/sebraepr.com.br\/experienciasturisticas\/wp-content\/uploads\/Merion_logo.jpg 1241w, https:\/\/sebraepr.com.br\/experienciasturisticas\/wp-content\/uploads\/Merion_logo-212x300.jpg 212w, https:\/\/sebraepr.com.br\/experienciasturisticas\/wp-content\/uploads\/Merion_logo-729x1030.jpg 729w, https:\/\/sebraepr.com.br\/experienciasturisticas\/wp-content\/uploads\/Merion_logo-768x1085.jpg 768w, https:\/\/sebraepr.com.br\/experienciasturisticas\/wp-content\/uploads\/Merion_logo-1087x1536.jpg 1087w, https:\/\/sebraepr.com.br\/experienciasturisticas\/wp-content\/uploads\/Merion_logo-1061x1500.jpg 1061w, https:\/\/sebraepr.com.br\/experienciasturisticas\/wp-content\/uploads\/Merion_logo-499x705.jpg 499w\" sizes=\"(max-width: 1241px) 100vw, 1241px\" \/><\/div><\/div><\/div><\/div><\/div><!--close column table wrapper. Autoclose: 1 -->\n<div class='flex_column_table av-dii92w-c975627b2417c47a46dd431f63ce68d8 sc-av_one_half av-equal-height-column-flextable'><div class='flex_column av-dii92w-c975627b2417c47a46dd431f63ce68d8 av_one_half  avia-builder-el-9  el_after_av_one_half  el_before_av_one_half  imgarga first flex_column_table_cell av-equal-height-column av-align-top  av-animated-generic bottom-to-top column-top-margin'   ><style type=\"text\/css\" id=\"style-css-av-mhax1s9b-e5296a37cf35f4caeae696f25987d048\">\n.avia-image-container.av-mhax1s9b-e5296a37cf35f4caeae696f25987d048 .av-image-caption-overlay-center{\ncolor:#ffffff;\n}\n<\/style>\n<div  class='avia-image-container av-mhax1s9b-e5296a37cf35f4caeae696f25987d048 av-styling- avia-align-center  avia-builder-el-10  avia-builder-el-no-sibling  '  itemprop=\"image\" itemscope=\"itemscope\" itemtype=\"https:\/\/schema.org\/ImageObject\" ><div class=\"avia-image-container-inner\"><div class=\"avia-image-overlay-wrap\"><img decoding=\"async\" class='wp-image-4960 avia-img-lazy-loading-not-4960 avia_image' src=\"https:\/\/sebraepr.com.br\/experienciasturisticas\/wp-content\/uploads\/Merion-2-scaled-e1761677289993.jpg\" alt='' title='Merion (2)'  height=\"1647\" width=\"1178\"  itemprop=\"thumbnailUrl\" srcset=\"https:\/\/sebraepr.com.br\/experienciasturisticas\/wp-content\/uploads\/Merion-2-scaled-e1761677289993.jpg 1178w, https:\/\/sebraepr.com.br\/experienciasturisticas\/wp-content\/uploads\/Merion-2-scaled-e1761677289993-215x300.jpg 215w, https:\/\/sebraepr.com.br\/experienciasturisticas\/wp-content\/uploads\/Merion-2-scaled-e1761677289993-737x1030.jpg 737w, https:\/\/sebraepr.com.br\/experienciasturisticas\/wp-content\/uploads\/Merion-2-scaled-e1761677289993-768x1074.jpg 768w, https:\/\/sebraepr.com.br\/experienciasturisticas\/wp-content\/uploads\/Merion-2-scaled-e1761677289993-1099x1536.jpg 1099w, https:\/\/sebraepr.com.br\/experienciasturisticas\/wp-content\/uploads\/Merion-2-scaled-e1761677289993-1073x1500.jpg 1073w, https:\/\/sebraepr.com.br\/experienciasturisticas\/wp-content\/uploads\/Merion-2-scaled-e1761677289993-504x705.jpg 504w\" sizes=\"(max-width: 1178px) 100vw, 1178px\" \/><\/div><\/div><\/div><\/div>\n<div class='av-flex-placeholder'><\/div>\n<style type=\"text\/css\" id=\"style-css-av-clkrm0-d9e7e603fbcee38445c5024f0f98bfa6\">\n.flex_column.av-clkrm0-d9e7e603fbcee38445c5024f0f98bfa6{\nborder-radius:20px 20px 20px 20px;\n-webkit-border-radius:20px 20px 20px 20px;\n-moz-border-radius:20px 20px 20px 20px;\npadding:20px 20px 20px 20px;\nbackground-color:#831927;\n}\n<\/style>\n<div class='flex_column av-clkrm0-d9e7e603fbcee38445c5024f0f98bfa6 av_one_half  avia-builder-el-11  el_after_av_one_half  avia-builder-el-last  cont-mapas flex_column_table_cell av-equal-height-column av-align-top  av-animated-generic bottom-to-top column-top-margin'   id=\"cont-mapas-li\"  ><p>\n<style type=\"text\/css\" id=\"style-css-av-b9hdd4-3b39624f8febacd1b0417ab162f53377\">\n.avia-image-container.av-b9hdd4-3b39624f8febacd1b0417ab162f53377 .av-image-caption-overlay-center{\ncolor:#ffffff;\n}\n<\/style>\n<div  class='avia-image-container av-b9hdd4-3b39624f8febacd1b0417ab162f53377 av-styling- av-hover-grow avia-align-center  avia-builder-el-12  el_before_av_textblock  avia-builder-el-first  '  itemprop=\"image\" itemscope=\"itemscope\" itemtype=\"https:\/\/schema.org\/ImageObject\" ><div class=\"avia-image-container-inner\"><div class=\"avia-image-overlay-wrap\"><a href=\"https:\/\/sebraepr.com.br\/experienciasturisticas\/category\/locais\/vales-do-iguacu\/\" class='avia_image' ><img decoding=\"async\" width=\"300\" height=\"206\" class='wp-image-270 avia-img-lazy-loading-not-270 avia_image' src=\"https:\/\/sebraepr.com.br\/experienciasturisticas\/wp-content\/uploads\/Parana-Vales-do-Iguacu-300x206.png\" alt='' title='Paran\u00e1 Vales do Igua\u00e7u'  itemprop=\"thumbnailUrl\" srcset=\"https:\/\/sebraepr.com.br\/experienciasturisticas\/wp-content\/uploads\/Parana-Vales-do-Iguacu-300x206.png 300w, https:\/\/sebraepr.com.br\/experienciasturisticas\/wp-content\/uploads\/Parana-Vales-do-Iguacu.png 600w\" sizes=\"(max-width: 300px) 100vw, 300px\" \/><\/a><\/div><\/div><\/div><br \/>\n<section class=\"av_textblock_section \"  itemscope=\"itemscope\" itemtype=\"https:\/\/schema.org\/BlogPosting\" itemprop=\"blogPost\" ><div class='avia_textblock  av_inherit_color '  style='color:#ffffff; '  itemprop=\"text\" ><p><strong>Empresa:<\/strong> Hotel Merion<br \/>\n<strong>Munic\u00edpio:<\/strong> Pato Branco<\/p>\n<\/div><\/section><br \/>\n<section class=\"av_textblock_section \"  itemscope=\"itemscope\" itemtype=\"https:\/\/schema.org\/BlogPosting\" itemprop=\"blogPost\" ><div class='avia_textblock  av_inherit_color '  style='color:#ffffff; '  itemprop=\"text\" ><p>\n<style type=\"text\/css\" id=\"style-css-av-8qw9o8-5c2490c4086c08b61f9c449b8961b295\">\n.av_font_icon.av-8qw9o8-5c2490c4086c08b61f9c449b8961b295 .av-icon-char{\nfont-size:30px;\nline-height:30px;\n}\n<\/style>\n<span  class=\"av_font_icon av-8qw9o8-5c2490c4086c08b61f9c449b8961b295 avia_animate_when_visible av-icon-style- avia-icon-pos-left av-no-color avia-icon-animate \"><span class='av-icon-char' aria-hidden='true' data-av_icon='\ue842' data-av_iconfont='entypo-fontello' ><\/span><\/span> <a href=\"https:\/\/maps.app.goo.gl\/UXQHXjJoQ4Ka16oo9\" target=\"_blank\" rel=\"noopener\">Rua Guarani, 232,Centro, Pato Branco\/PR<\/a><\/p>\n<p>\n<style type=\"text\/css\" id=\"style-css-av-6xx8fc-6a93087ea1e4dbcfccb179056376f237\">\n.av_font_icon.av-6xx8fc-6a93087ea1e4dbcfccb179056376f237 .av-icon-char{\nfont-size:30px;\nline-height:30px;\n}\n<\/style>\n<span  class=\"av_font_icon av-6xx8fc-6a93087ea1e4dbcfccb179056376f237 avia_animate_when_visible av-icon-style- avia-icon-pos-left av-no-color avia-icon-animate \"><span class='av-icon-char' aria-hidden='true' data-av_icon='\ue854' data-av_iconfont='entypo-fontello' ><\/span><\/span> (46) 3122-9000<\/p>\n<p>\n<style type=\"text\/css\" id=\"style-css-av-64mpgo-e0de2813971c5016a52565e00b404a44\">\n.av_font_icon.av-64mpgo-e0de2813971c5016a52565e00b404a44 .av-icon-char{\nfont-size:30px;\nline-height:30px;\n}\n<\/style>\n<span  class=\"av_font_icon av-64mpgo-e0de2813971c5016a52565e00b404a44 avia_animate_when_visible av-icon-style- avia-icon-pos-left av-no-color avia-icon-animate \"><span class='av-icon-char' aria-hidden='true' data-av_icon='\uf232' data-av_iconfont='entypo-fontello' ><\/span><\/span> <a href=\"https:\/\/api.whatsapp.com\/send?phone=554631229000&amp;text=Ol%C3%A1!%20Vim%20pelo%20site%20de%20experi%C3%AAncias%20tur%C3%ADsticas%20e%20quero%20mais%20informa%C3%A7%C3%B5es\" target=\"_blank\" rel=\"noopener\">(46) 3122-9000<\/a><\/p>\n<p>\n<style type=\"text\/css\" id=\"style-css-av-ecfs8-1f765df09c9030be1fcffa2948550a74\">\n.av_font_icon.av-ecfs8-1f765df09c9030be1fcffa2948550a74 .av-icon-char{\nfont-size:30px;\nline-height:30px;\n}\n<\/style>\n<span  class=\"av_font_icon av-ecfs8-1f765df09c9030be1fcffa2948550a74 avia_animate_when_visible av-icon-style- avia-icon-pos-left av-no-color avia-icon-animate \"><span class='av-icon-char' aria-hidden='true' data-av_icon='\ue909' data-av_iconfont='entypo-fontello' ><\/span><\/span><a href=\"https:\/\/www.instagram.com\/merionhotel\/\" target=\"_blank\" rel=\"noopener\">@merionhotel<\/a><\/p>\n<p>\n<style type=\"text\/css\" id=\"style-css-av-2p69go-b5c8f3b1e99a3a90afe7d36cc8e68eb5\">\n.av_font_icon.av-2p69go-b5c8f3b1e99a3a90afe7d36cc8e68eb5 .av-icon-char{\nfont-size:30px;\nline-height:30px;\n}\n<\/style>\n<span  class=\"av_font_icon av-2p69go-b5c8f3b1e99a3a90afe7d36cc8e68eb5 avia_animate_when_visible av-icon-style- avia-icon-pos-left av-no-color avia-icon-animate \"><span class='av-icon-char' aria-hidden='true' data-av_icon='\ue8ad' data-av_iconfont='entypo-fontello' ><\/span><\/span><a href=\"https:\/\/hotelmerion.com.br\/\" target=\"_blank\" rel=\"noopener\">Hotel Merion<\/a><\/p>\n<\/div><\/section><\/p><\/div><\/div><!--close column table wrapper. Autoclose: 1 -->\n","protected":false},"excerpt":{"rendered":"<p>O brunch que une gastronomia do Sudoeste, paisagem e pertencimento<br \/>\nEmpresa: <strong>Hotel Merion<\/strong><br \/>\nMunic\u00edpio: <strong>Pato Branco<\/strong><\/p>\n","protected":false},"author":4,"featured_media":4971,"comment_status":"closed","ping_status":"open","sticky":false,"template":"","format":"standard","meta":{"footnotes":""},"categories":[2,23],"tags":[30,85,135,38,420],"class_list":["post-4952","post","type-post","status-publish","format-standard","has-post-thumbnail","hentry","category-gastronomia","category-vales-do-iguacu","tag-cafe","tag-comida-regional","tag-gastronomia","tag-hospedagem","tag-hotel"],"_links":{"self":[{"href":"https:\/\/sebraepr.com.br\/experienciasturisticas\/wp-json\/wp\/v2\/posts\/4952","targetHints":{"allow":["GET"]}}],"collection":[{"href":"https:\/\/sebraepr.com.br\/experienciasturisticas\/wp-json\/wp\/v2\/posts"}],"about":[{"href":"https:\/\/sebraepr.com.br\/experienciasturisticas\/wp-json\/wp\/v2\/types\/post"}],"author":[{"embeddable":true,"href":"https:\/\/sebraepr.com.br\/experienciasturisticas\/wp-json\/wp\/v2\/users\/4"}],"replies":[{"embeddable":true,"href":"https:\/\/sebraepr.com.br\/experienciasturisticas\/wp-json\/wp\/v2\/comments?post=4952"}],"version-history":[{"count":13,"href":"https:\/\/sebraepr.com.br\/experienciasturisticas\/wp-json\/wp\/v2\/posts\/4952\/revisions"}],"predecessor-version":[{"id":4966,"href":"https:\/\/sebraepr.com.br\/experienciasturisticas\/wp-json\/wp\/v2\/posts\/4952\/revisions\/4966"}],"wp:featuredmedia":[{"embeddable":true,"href":"https:\/\/sebraepr.com.br\/experienciasturisticas\/wp-json\/wp\/v2\/media\/4971"}],"wp:attachment":[{"href":"https:\/\/sebraepr.com.br\/experienciasturisticas\/wp-json\/wp\/v2\/media?parent=4952"}],"wp:term":[{"taxonomy":"category","embeddable":true,"href":"https:\/\/sebraepr.com.br\/experienciasturisticas\/wp-json\/wp\/v2\/categories?post=4952"},{"taxonomy":"post_tag","embeddable":true,"href":"https:\/\/sebraepr.com.br\/experienciasturisticas\/wp-json\/wp\/v2\/tags?post=4952"}],"curies":[{"name":"wp","href":"https:\/\/api.w.org\/{rel}","templated":true}]}}