{"id":4936,"date":"2025-10-28T14:58:27","date_gmt":"2025-10-28T17:58:27","guid":{"rendered":"https:\/\/sebraepr.com.br\/experienciasturisticas\/?p=4936"},"modified":"2025-10-28T15:02:55","modified_gmt":"2025-10-28T18:02:55","slug":"centro-vivo-etnias-e-arquitetura","status":"publish","type":"post","link":"https:\/\/sebraepr.com.br\/experienciasturisticas\/centro-vivo-etnias-e-arquitetura\/","title":{"rendered":"Centro Vivo &#8211; Etnias e Arquitetura"},"content":{"rendered":"<div id='full_slider_1'  class='avia-fullwidth-slider main_color avia-shadow   avia-builder-el-0  el_before_av_one_full  avia-builder-el-first   container_wrap sidebar_right'  ><div   data-size='no scaling'  data-lightbox_size='large'  data-animation='slide'  data-conditional_play=''  data-ids='119'  data-video_counter='0'  data-autoplay='false'  data-bg_slider='false'  data-slide_height=''  data-handle='av_slideshow_full'  data-interval='5'  data-class=' '  data-el_id=''  data-css_id=''  data-scroll_down=''  data-control_layout='av-control-default'  data-custom_markup=''  data-perma_caption=''  data-autoplay_stopper=''  data-image_attachment=''  data-min_height='0px'  data-lazy_loading='disabled'  data-src=''  data-position='top left'  data-repeat='no-repeat'  data-attach='scroll'  data-stretch=''  class='avia-slideshow avia-slideshow-1  av-control-default av-default-height-applied avia-slideshow-no scaling av_slideshow_full   avia-slide-slider '  itemprop=\"image\" itemscope=\"itemscope\" itemtype=\"https:\/\/schema.org\/ImageObject\" ><ul class='avia-slideshow-inner ' style='padding-bottom: 9.4791666666667%;' ><li  class=' av-single-slide slide-1 ' ><div data-rel='slideshow-1' class='avia-slide-wrap '   ><img decoding=\"async\" class=\"wp-image-119 avia-img-lazy-loading-not-119\"  src=\"https:\/\/sebraepr.com.br\/experienciasturisticas\/wp-content\/uploads\/Top-Cultura-e-Historia.png\" width=\"1920\" height=\"182\" title='Top Cultura e Hist\u00f3ria' alt=''  itemprop=\"thumbnailUrl\" srcset=\"https:\/\/sebraepr.com.br\/experienciasturisticas\/wp-content\/uploads\/Top-Cultura-e-Historia.png 1920w, https:\/\/sebraepr.com.br\/experienciasturisticas\/wp-content\/uploads\/Top-Cultura-e-Historia-300x28.png 300w, https:\/\/sebraepr.com.br\/experienciasturisticas\/wp-content\/uploads\/Top-Cultura-e-Historia-1030x98.png 1030w, https:\/\/sebraepr.com.br\/experienciasturisticas\/wp-content\/uploads\/Top-Cultura-e-Historia-768x73.png 768w, https:\/\/sebraepr.com.br\/experienciasturisticas\/wp-content\/uploads\/Top-Cultura-e-Historia-1536x146.png 1536w, https:\/\/sebraepr.com.br\/experienciasturisticas\/wp-content\/uploads\/Top-Cultura-e-Historia-1500x142.png 1500w, https:\/\/sebraepr.com.br\/experienciasturisticas\/wp-content\/uploads\/Top-Cultura-e-Historia-705x67.png 705w\" sizes=\"(max-width: 1920px) 100vw, 1920px\" \/><\/div><\/li><\/ul><\/div><\/div><div id='after_full_slider_1'  class='main_color av_default_container_wrap container_wrap sidebar_right'  ><div class='container av-section-cont-open' ><div class='template-page content  av-content-small alpha units'><div class='post-entry post-entry-type-page post-entry-4936'><div class='entry-content-wrapper clearfix'>\n<div class='flex_column av-hw1jqg-c5f403aa56ed92685d2c2fce293a25a5 av_one_full  avia-builder-el-1  el_after_av_slideshow_full  el_before_av_one_full  avia-builder-el-first  cultura first flex_column_div '   ><div   data-size='no scaling'  data-lightbox_size='large'  data-animation='slide'  data-conditional_play=''  data-ids='4938'  data-video_counter='0'  data-autoplay='false'  data-bg_slider='false'  data-slide_height=''  data-handle='av_slideshow'  data-interval='5'  data-class=' avia-builder-el-2  avia-builder-el-no-sibling  cultura-banner '  data-el_id=''  data-css_id=''  data-scroll_down=''  data-control_layout='av-control-default'  data-custom_markup=''  data-perma_caption=''  data-autoplay_stopper=''  data-image_attachment=''  data-min_height='0px'  data-lazy_loading='disabled'  class='avia-slideshow avia-slideshow-2  av-control-default av-default-height-applied avia-slideshow-no scaling av_slideshow  avia-builder-el-2  avia-builder-el-no-sibling  cultura-banner  avia-slide-slider '  itemprop=\"image\" itemscope=\"itemscope\" itemtype=\"https:\/\/schema.org\/ImageObject\" ><ul class='avia-slideshow-inner ' style='padding-bottom: 75%;' ><li  class=' av-single-slide slide-1 ' ><div data-rel='slideshow-2' class='avia-slide-wrap '   ><div class=\"avia-caption av-slideshow-caption\"><div class=\"avia-inner-caption\"><h2  class='avia-caption-title  '  itemprop=\"name\" >Centro Vivo - Etnias e Arquitetura<\/h2><div class='avia-caption-content  '  itemprop=\"description\"  ><p>O Roteiro que Guarda Mem\u00f3rias de Muitas Origens<\/p>\n<\/div><\/div><\/div><img decoding=\"async\" class=\"wp-image-4938 avia-img-lazy-loading-not-4938\"  src=\"https:\/\/sebraepr.com.br\/experienciasturisticas\/wp-content\/uploads\/Centro-Vivo-1.jpg\" width=\"1600\" height=\"1200\" title='Centro Vivo (1)' alt=''  itemprop=\"thumbnailUrl\" srcset=\"https:\/\/sebraepr.com.br\/experienciasturisticas\/wp-content\/uploads\/Centro-Vivo-1.jpg 1600w, https:\/\/sebraepr.com.br\/experienciasturisticas\/wp-content\/uploads\/Centro-Vivo-1-300x225.jpg 300w, https:\/\/sebraepr.com.br\/experienciasturisticas\/wp-content\/uploads\/Centro-Vivo-1-1030x773.jpg 1030w, https:\/\/sebraepr.com.br\/experienciasturisticas\/wp-content\/uploads\/Centro-Vivo-1-768x576.jpg 768w, https:\/\/sebraepr.com.br\/experienciasturisticas\/wp-content\/uploads\/Centro-Vivo-1-1536x1152.jpg 1536w, https:\/\/sebraepr.com.br\/experienciasturisticas\/wp-content\/uploads\/Centro-Vivo-1-1500x1125.jpg 1500w, https:\/\/sebraepr.com.br\/experienciasturisticas\/wp-content\/uploads\/Centro-Vivo-1-705x529.jpg 705w\" sizes=\"(max-width: 1600px) 100vw, 1600px\" \/><\/div><\/li><\/ul><\/div><\/div>\n<div class='flex_column av-frix2g-ef5bd2cb20b65151532e24f9418ca005 av_one_full  avia-builder-el-3  el_after_av_one_full  el_before_av_one_half  cultura first flex_column_div  av-animated-generic pop-up column-top-margin'   ><section class=\"av_textblock_section \"  itemscope=\"itemscope\" itemtype=\"https:\/\/schema.org\/BlogPosting\" itemprop=\"blogPost\" ><div class='avia_textblock  '   itemprop=\"text\" ><p><strong>Explore o Centro Vivo: Etnias e Arquitetura, um passeio a p\u00e9 com guia Cadastur que revela a diversidade cultural de Londrina. Entre hist\u00f3rias, sabores e estilos arquitet\u00f4nicos, o visitante vivencia uma jornada encantadora pelas origens e tradi\u00e7\u00f5es que moldaram a cidade!<\/strong><\/p>\n<\/div><\/section><\/div>\n<div class='flex_column_table av-enwb1k-145e411b13d2528ddeb3a5313c9d6752 sc-av_one_half av-equal-height-column-flextable'><div class='flex_column av-enwb1k-145e411b13d2528ddeb3a5313c9d6752 av_one_half  avia-builder-el-5  el_after_av_one_full  el_before_av_one_half  cultura first flex_column_table_cell av-equal-height-column av-align-middle  av-animated-generic bottom-to-top column-top-margin'   ><section class=\"av_textblock_section \"  itemscope=\"itemscope\" itemtype=\"https:\/\/schema.org\/BlogPosting\" itemprop=\"blogPost\" ><div class='avia_textblock  '   itemprop=\"text\" ><p><strong>Dias e hor\u00e1rios de funcionamento:<\/strong> Segunda a sexta: das 7h \u00e0s 10h \/ Segunda-feira: das 14h \u00e0s 17h \/ S\u00e1bado: das 7h \u00e0s 9h.<br \/>\n<strong>O que a experi\u00eancia inclui: <\/strong>Passeio a p\u00e9 guiado com guia cadastur pelo centro de Londrina contando sobre a hist\u00f3ria de Londrina com \u00eanfase em etnias e arquitetura.<br \/>\n<strong>Dura\u00e7\u00e3o m\u00ednima da experi\u00eancia:<\/strong> 1 hora.<br \/>\n<strong>Anteced\u00eancia para reserva: <\/strong> 48 horas.<br \/>\n<strong>N\u00famero m\u00ednimo e m\u00e1ximo de pessoas: <\/strong>Grupo Privativo (2 a 3 pessoas) &#8211; Grupo Coletivo (4 a 10 pessoas).<br \/>\n<strong>Indicado para: <\/strong>Crian\u00e7as e Fam\u00edlias.<br \/>\n<strong>Pre\u00e7o:<\/strong> Coletivo: R$ 40,00 por pessoa \/Privativo: R$ 60,00 por pessoa<\/p>\n<\/div><\/section><\/div><div class='av-flex-placeholder'><\/div><div class='flex_column av-c5l2ag-deb29f0d197e3cb20e9aa4864c4d8c63 av_one_half  avia-builder-el-7  el_after_av_one_half  el_before_av_one_half  cultura flex_column_table_cell av-equal-height-column av-align-middle  av-animated-generic bottom-to-top column-top-margin'   ><style type=\"text\/css\" id=\"style-css-av-mhaupy8u-b78f8de727e9a77ad7a18fa2f5c53fb2\">\n.avia-image-container.av-mhaupy8u-b78f8de727e9a77ad7a18fa2f5c53fb2 .av-image-caption-overlay-center{\ncolor:#ffffff;\n}\n<\/style>\n<div  class='avia-image-container av-mhaupy8u-b78f8de727e9a77ad7a18fa2f5c53fb2 av-styling- avia-align-center  avia-builder-el-8  avia-builder-el-no-sibling  '  itemprop=\"image\" itemscope=\"itemscope\" itemtype=\"https:\/\/schema.org\/ImageObject\" ><div class=\"avia-image-container-inner\"><div class=\"avia-image-overlay-wrap\"><img decoding=\"async\" class='wp-image-4941 avia-img-lazy-loading-not-4941 avia_image' src=\"https:\/\/sebraepr.com.br\/experienciasturisticas\/wp-content\/uploads\/LOGO-Centro-vivo-vilma-300x169.png\" alt='' title='LOGO - Centro vivo - vilma'  height=\"169\" width=\"300\"  itemprop=\"thumbnailUrl\" srcset=\"https:\/\/sebraepr.com.br\/experienciasturisticas\/wp-content\/uploads\/LOGO-Centro-vivo-vilma-300x169.png 300w, https:\/\/sebraepr.com.br\/experienciasturisticas\/wp-content\/uploads\/LOGO-Centro-vivo-vilma-1030x579.png 1030w, https:\/\/sebraepr.com.br\/experienciasturisticas\/wp-content\/uploads\/LOGO-Centro-vivo-vilma-768x432.png 768w, https:\/\/sebraepr.com.br\/experienciasturisticas\/wp-content\/uploads\/LOGO-Centro-vivo-vilma-1536x863.png 1536w, https:\/\/sebraepr.com.br\/experienciasturisticas\/wp-content\/uploads\/LOGO-Centro-vivo-vilma-2048x1151.png 2048w, https:\/\/sebraepr.com.br\/experienciasturisticas\/wp-content\/uploads\/LOGO-Centro-vivo-vilma-1500x843.png 1500w, https:\/\/sebraepr.com.br\/experienciasturisticas\/wp-content\/uploads\/LOGO-Centro-vivo-vilma-705x396.png 705w\" sizes=\"(max-width: 300px) 100vw, 300px\" \/><\/div><\/div><\/div><\/div><\/div><!--close column table wrapper. Autoclose: 1 --><\/p>\n<div class='flex_column_table av-14i83c-9a2c0a79b2392ee6a787a94cf2b9bab2 sc-av_one_half av-equal-height-column-flextable'><div class='flex_column av-14i83c-9a2c0a79b2392ee6a787a94cf2b9bab2 av_one_half  avia-builder-el-9  el_after_av_one_half  el_before_av_one_half  imgarcu first flex_column_table_cell av-equal-height-column av-align-top  av-animated-generic bottom-to-top column-top-margin'   ><style type=\"text\/css\" id=\"style-css-av-mhauts1t-83e2cd81d48ab9873b7a8e555b22a7b3\">\n.avia-image-container.av-mhauts1t-83e2cd81d48ab9873b7a8e555b22a7b3 .av-image-caption-overlay-center{\ncolor:#ffffff;\n}\n<\/style>\n<div  class='avia-image-container av-mhauts1t-83e2cd81d48ab9873b7a8e555b22a7b3 av-styling- avia-align-center  avia-builder-el-10  avia-builder-el-no-sibling  '  itemprop=\"image\" itemscope=\"itemscope\" itemtype=\"https:\/\/schema.org\/ImageObject\" ><div class=\"avia-image-container-inner\"><div class=\"avia-image-overlay-wrap\"><img decoding=\"async\" class='wp-image-4945 avia-img-lazy-loading-not-4945 avia_image' src=\"https:\/\/sebraepr.com.br\/experienciasturisticas\/wp-content\/uploads\/Centro-Vivo-6-687x1030.png\" alt='' title='Centro Vivo (6)'  height=\"1030\" width=\"687\"  itemprop=\"thumbnailUrl\" srcset=\"https:\/\/sebraepr.com.br\/experienciasturisticas\/wp-content\/uploads\/Centro-Vivo-6-687x1030.png 687w, https:\/\/sebraepr.com.br\/experienciasturisticas\/wp-content\/uploads\/Centro-Vivo-6-200x300.png 200w, https:\/\/sebraepr.com.br\/experienciasturisticas\/wp-content\/uploads\/Centro-Vivo-6-768x1152.png 768w, https:\/\/sebraepr.com.br\/experienciasturisticas\/wp-content\/uploads\/Centro-Vivo-6-1000x1500.png 1000w, https:\/\/sebraepr.com.br\/experienciasturisticas\/wp-content\/uploads\/Centro-Vivo-6-470x705.png 470w, https:\/\/sebraepr.com.br\/experienciasturisticas\/wp-content\/uploads\/Centro-Vivo-6.png 1024w\" sizes=\"(max-width: 687px) 100vw, 687px\" \/><\/div><\/div><\/div><\/div>\n<div class='av-flex-placeholder'><\/div>\n<style type=\"text\/css\" id=\"style-css-av-9lvg9k-a7627b25a049241f4360849fde51a8b3\">\n.flex_column.av-9lvg9k-a7627b25a049241f4360849fde51a8b3{\nborder-radius:20px 20px 20px 20px;\n-webkit-border-radius:20px 20px 20px 20px;\n-moz-border-radius:20px 20px 20px 20px;\npadding:20px 20px 20px 20px;\nbackground-color:#808123;\n}\n<\/style>\n<div class='flex_column av-9lvg9k-a7627b25a049241f4360849fde51a8b3 av_one_half  avia-builder-el-11  el_after_av_one_half  avia-builder-el-last  cont-mapas flex_column_table_cell av-equal-height-column av-align-top  av-animated-generic bottom-to-top column-top-margin'   id=\"cont-mapas-li\"  ><p>\n<style type=\"text\/css\" id=\"style-css-av-78vly0-d43dda1dfc47234f1bf9a4e13c2d6c19\">\n.avia-image-container.av-78vly0-d43dda1dfc47234f1bf9a4e13c2d6c19 .av-image-caption-overlay-center{\ncolor:#ffffff;\n}\n<\/style>\n<div  class='avia-image-container av-78vly0-d43dda1dfc47234f1bf9a4e13c2d6c19 av-styling- av-hover-grow avia-align-center  avia-builder-el-12  el_before_av_textblock  avia-builder-el-first  '  itemprop=\"image\" itemscope=\"itemscope\" itemtype=\"https:\/\/schema.org\/ImageObject\" ><div class=\"avia-image-container-inner\"><div class=\"avia-image-overlay-wrap\"><a href=\"https:\/\/sebraepr.com.br\/experienciasturisticas\/category\/locais\/norte-do-parana\/\" class='avia_image' ><img decoding=\"async\" width=\"300\" height=\"206\" class='wp-image-265 avia-img-lazy-loading-not-265 avia_image' src=\"https:\/\/sebraepr.com.br\/experienciasturisticas\/wp-content\/uploads\/Parana-Norte-300x206.png\" alt='' title='Paran\u00e1 Norte'  itemprop=\"thumbnailUrl\" srcset=\"https:\/\/sebraepr.com.br\/experienciasturisticas\/wp-content\/uploads\/Parana-Norte-300x206.png 300w, https:\/\/sebraepr.com.br\/experienciasturisticas\/wp-content\/uploads\/Parana-Norte.png 600w\" sizes=\"(max-width: 300px) 100vw, 300px\" \/><\/a><\/div><\/div><\/div><br \/>\n<section class=\"av_textblock_section \"  itemscope=\"itemscope\" itemtype=\"https:\/\/schema.org\/BlogPosting\" itemprop=\"blogPost\" ><div class='avia_textblock  av_inherit_color '  style='color:#ffffff; '  itemprop=\"text\" ><p><strong>Empresa:<\/strong> Vilma Mara Rezende<br \/>\n<strong>Munic\u00edpio:<\/strong> Londrina<\/p>\n<\/div><\/section><br \/>\n<section class=\"av_textblock_section \"  itemscope=\"itemscope\" itemtype=\"https:\/\/schema.org\/BlogPosting\" itemprop=\"blogPost\" ><div class='avia_textblock  av_inherit_color '  style='color:#ffffff; '  itemprop=\"text\" ><p>\n<style type=\"text\/css\" id=\"style-css-av-6kh1uw-2034d2bb01ed7a2ee4b32a18c0ec19f3\">\n.av_font_icon.av-6kh1uw-2034d2bb01ed7a2ee4b32a18c0ec19f3 .av-icon-char{\nfont-size:30px;\nline-height:30px;\n}\n<\/style>\n<span  class=\"av_font_icon av-6kh1uw-2034d2bb01ed7a2ee4b32a18c0ec19f3 avia_animate_when_visible av-icon-style- avia-icon-pos-left av-no-color avia-icon-animate \"><span class='av-icon-char' aria-hidden='true' data-av_icon='\ue8ac' data-av_iconfont='entypo-fontello' ><\/span><\/span> (43) 99148-1267<\/p>\n<p>\n<style type=\"text\/css\" id=\"style-css-av-4e2ox4-27098468f7584048c890bbd36b6bbd26\">\n.av_font_icon.av-4e2ox4-27098468f7584048c890bbd36b6bbd26 .av-icon-char{\nfont-size:30px;\nline-height:30px;\n}\n<\/style>\n<span  class=\"av_font_icon av-4e2ox4-27098468f7584048c890bbd36b6bbd26 avia_animate_when_visible av-icon-style- avia-icon-pos-left av-no-color avia-icon-animate \"><span class='av-icon-char' aria-hidden='true' data-av_icon='\uf232' data-av_iconfont='entypo-fontello' ><\/span><\/span> <a href=\"https:\/\/api.whatsapp.com\/send?phone=5543998520127&amp;text=Ol\u00e1!%20Vim%20pelo%20site%20de%20experi\u00eancias%20tur\u00edsticas%20e%20quero%20mais%20informa\u00e7\u00f5es\" target=\"_blank\" rel=\"noopener\">(43) 99852-0127<\/a><\/p>\n<p>\n<style type=\"text\/css\" id=\"style-css-av-8kymw-9a5ba1e8dde9aace3bab68dce3303bb4\">\n.av_font_icon.av-8kymw-9a5ba1e8dde9aace3bab68dce3303bb4 .av-icon-char{\nfont-size:30px;\nline-height:30px;\n}\n<\/style>\n<span  class=\"av_font_icon av-8kymw-9a5ba1e8dde9aace3bab68dce3303bb4 avia_animate_when_visible av-icon-style- avia-icon-pos-left av-no-color avia-icon-animate \"><span class='av-icon-char' aria-hidden='true' data-av_icon='\ue909' data-av_iconfont='entypo-fontello' ><\/span><\/span><a href=\"https:\/\/www.instagram.com\/vilma_educadora\" target=\"_blank\" rel=\"noopener\">@vilma_educadora<\/a><\/p>\n<\/div><\/section><\/p><\/div><\/div><!--close column table wrapper. Autoclose: 1 -->\n","protected":false},"excerpt":{"rendered":"<p>O Roteiro que Guarda Mem\u00f3rias de Muitas Origens<br \/>\nEmpresa: <strong>Vilma Mara Rezende<\/strong><br \/>\nMunic\u00edpio: <strong>Londrina<\/strong><\/p>\n","protected":false},"author":4,"featured_media":4942,"comment_status":"closed","ping_status":"open","sticky":false,"template":"","format":"standard","meta":{"footnotes":""},"categories":[3,2,20],"tags":[415,135,139],"class_list":["post-4936","post","type-post","status-publish","format-standard","has-post-thumbnail","hentry","category-cultura-e-historia","category-gastronomia","category-norte-do-parana","tag-cultura","tag-gastronomia","tag-historia-guiada"],"_links":{"self":[{"href":"https:\/\/sebraepr.com.br\/experienciasturisticas\/wp-json\/wp\/v2\/posts\/4936","targetHints":{"allow":["GET"]}}],"collection":[{"href":"https:\/\/sebraepr.com.br\/experienciasturisticas\/wp-json\/wp\/v2\/posts"}],"about":[{"href":"https:\/\/sebraepr.com.br\/experienciasturisticas\/wp-json\/wp\/v2\/types\/post"}],"author":[{"embeddable":true,"href":"https:\/\/sebraepr.com.br\/experienciasturisticas\/wp-json\/wp\/v2\/users\/4"}],"replies":[{"embeddable":true,"href":"https:\/\/sebraepr.com.br\/experienciasturisticas\/wp-json\/wp\/v2\/comments?post=4936"}],"version-history":[{"count":11,"href":"https:\/\/sebraepr.com.br\/experienciasturisticas\/wp-json\/wp\/v2\/posts\/4936\/revisions"}],"predecessor-version":[{"id":5082,"href":"https:\/\/sebraepr.com.br\/experienciasturisticas\/wp-json\/wp\/v2\/posts\/4936\/revisions\/5082"}],"wp:featuredmedia":[{"embeddable":true,"href":"https:\/\/sebraepr.com.br\/experienciasturisticas\/wp-json\/wp\/v2\/media\/4942"}],"wp:attachment":[{"href":"https:\/\/sebraepr.com.br\/experienciasturisticas\/wp-json\/wp\/v2\/media?parent=4936"}],"wp:term":[{"taxonomy":"category","embeddable":true,"href":"https:\/\/sebraepr.com.br\/experienciasturisticas\/wp-json\/wp\/v2\/categories?post=4936"},{"taxonomy":"post_tag","embeddable":true,"href":"https:\/\/sebraepr.com.br\/experienciasturisticas\/wp-json\/wp\/v2\/tags?post=4936"}],"curies":[{"name":"wp","href":"https:\/\/api.w.org\/{rel}","templated":true}]}}