{"id":4653,"date":"2025-09-23T09:51:30","date_gmt":"2025-09-23T12:51:30","guid":{"rendered":"https:\/\/sebraepr.com.br\/experienciasturisticas\/?p=4653"},"modified":"2025-09-23T09:52:46","modified_gmt":"2025-09-23T12:52:46","slug":"bela-giornata-santa-felicita","status":"publish","type":"post","link":"https:\/\/sebraepr.com.br\/experienciasturisticas\/bela-giornata-santa-felicita\/","title":{"rendered":"Bela Giornata Santa Felicit\u00e0"},"content":{"rendered":"<div id='full_slider_1'  class='avia-fullwidth-slider main_color avia-shadow   avia-builder-el-0  el_before_av_one_full  avia-builder-el-first   container_wrap sidebar_right'  ><div   data-size='no scaling'  data-lightbox_size='large'  data-animation='slide'  data-conditional_play=''  data-ids='119'  data-video_counter='0'  data-autoplay='false'  data-bg_slider='false'  data-slide_height=''  data-handle='av_slideshow_full'  data-interval='5'  data-class=' '  data-el_id=''  data-css_id=''  data-scroll_down=''  data-control_layout='av-control-default'  data-custom_markup=''  data-perma_caption=''  data-autoplay_stopper=''  data-image_attachment=''  data-min_height='0px'  data-lazy_loading='disabled'  data-src=''  data-position='top left'  data-repeat='no-repeat'  data-attach='scroll'  data-stretch=''  class='avia-slideshow avia-slideshow-1  av-control-default av-default-height-applied avia-slideshow-no scaling av_slideshow_full   avia-slide-slider '  itemprop=\"image\" itemscope=\"itemscope\" itemtype=\"https:\/\/schema.org\/ImageObject\" ><ul class='avia-slideshow-inner ' style='padding-bottom: 9.4791666666667%;' ><li  class=' av-single-slide slide-1 ' ><div data-rel='slideshow-1' class='avia-slide-wrap '   ><img decoding=\"async\" class=\"wp-image-119 avia-img-lazy-loading-not-119\"  src=\"https:\/\/sebraepr.com.br\/experienciasturisticas\/wp-content\/uploads\/Top-Cultura-e-Historia.png\" width=\"1920\" height=\"182\" title='Top Cultura e Hist\u00f3ria' alt=''  itemprop=\"thumbnailUrl\" srcset=\"https:\/\/sebraepr.com.br\/experienciasturisticas\/wp-content\/uploads\/Top-Cultura-e-Historia.png 1920w, https:\/\/sebraepr.com.br\/experienciasturisticas\/wp-content\/uploads\/Top-Cultura-e-Historia-300x28.png 300w, https:\/\/sebraepr.com.br\/experienciasturisticas\/wp-content\/uploads\/Top-Cultura-e-Historia-1030x98.png 1030w, https:\/\/sebraepr.com.br\/experienciasturisticas\/wp-content\/uploads\/Top-Cultura-e-Historia-768x73.png 768w, https:\/\/sebraepr.com.br\/experienciasturisticas\/wp-content\/uploads\/Top-Cultura-e-Historia-1536x146.png 1536w, https:\/\/sebraepr.com.br\/experienciasturisticas\/wp-content\/uploads\/Top-Cultura-e-Historia-1500x142.png 1500w, https:\/\/sebraepr.com.br\/experienciasturisticas\/wp-content\/uploads\/Top-Cultura-e-Historia-705x67.png 705w\" sizes=\"(max-width: 1920px) 100vw, 1920px\" \/><\/div><\/li><\/ul><\/div><\/div><div id='after_full_slider_1'  class='main_color av_default_container_wrap container_wrap sidebar_right'  ><div class='container av-section-cont-open' ><div class='template-page content  av-content-small alpha units'><div class='post-entry post-entry-type-page post-entry-4653'><div class='entry-content-wrapper clearfix'>\n<div class='flex_column av-1kfngkd-a00202fd354b084cabe0a72d3968dfea av_one_full  avia-builder-el-1  el_after_av_slideshow_full  el_before_av_one_full  avia-builder-el-first  cultura first flex_column_div '   ><div   data-size='no scaling'  data-lightbox_size='large'  data-animation='slide'  data-conditional_play=''  data-ids='4654'  data-video_counter='0'  data-autoplay='false'  data-bg_slider='false'  data-slide_height=''  data-handle='av_slideshow'  data-interval='5'  data-class=' avia-builder-el-2  avia-builder-el-no-sibling  cultura-banner '  data-el_id=''  data-css_id=''  data-scroll_down=''  data-control_layout='av-control-default'  data-custom_markup=''  data-perma_caption=''  data-autoplay_stopper=''  data-image_attachment=''  data-min_height='0px'  data-lazy_loading='disabled'  class='avia-slideshow avia-slideshow-2  av-control-default av-default-height-applied avia-slideshow-no scaling av_slideshow  avia-builder-el-2  avia-builder-el-no-sibling  cultura-banner  avia-slide-slider '  itemprop=\"image\" itemscope=\"itemscope\" itemtype=\"https:\/\/schema.org\/ImageObject\" ><ul class='avia-slideshow-inner ' style='padding-bottom: 57.120622568093%;' ><li  class=' av-single-slide slide-1 ' ><div data-rel='slideshow-2' class='avia-slide-wrap '   ><div class=\"avia-caption av-slideshow-caption\"><div class=\"avia-inner-caption\"><h2  class='avia-caption-title  '  itemprop=\"name\" >Bela Giornata Santa Felicit\u00e0<\/h2><div class='avia-caption-content  '  itemprop=\"description\"  ><p>Descubra raizes, deguste culturas<\/p>\n<\/div><\/div><\/div><img decoding=\"async\" class=\"wp-image-4654 avia-img-lazy-loading-not-4654\"  src=\"https:\/\/sebraepr.com.br\/experienciasturisticas\/wp-content\/uploads\/Bela-Giornata-Santa-Felicita.jpg\" width=\"1285\" height=\"734\" title='Bela Giornata Santa Felicita' alt=''  itemprop=\"thumbnailUrl\" srcset=\"https:\/\/sebraepr.com.br\/experienciasturisticas\/wp-content\/uploads\/Bela-Giornata-Santa-Felicita.jpg 1285w, https:\/\/sebraepr.com.br\/experienciasturisticas\/wp-content\/uploads\/Bela-Giornata-Santa-Felicita-300x171.jpg 300w, https:\/\/sebraepr.com.br\/experienciasturisticas\/wp-content\/uploads\/Bela-Giornata-Santa-Felicita-1030x588.jpg 1030w, https:\/\/sebraepr.com.br\/experienciasturisticas\/wp-content\/uploads\/Bela-Giornata-Santa-Felicita-768x439.jpg 768w, https:\/\/sebraepr.com.br\/experienciasturisticas\/wp-content\/uploads\/Bela-Giornata-Santa-Felicita-705x403.jpg 705w\" sizes=\"(max-width: 1285px) 100vw, 1285px\" \/><\/div><\/li><\/ul><\/div><\/div>\n<div class='flex_column av-1jlvcvx-9cef7f40129979a3b60b3b1402ff3008 av_one_full  avia-builder-el-3  el_after_av_one_full  el_before_av_one_half  cultura first flex_column_div  av-animated-generic pop-up column-top-margin'   ><section class=\"av_textblock_section \"  itemscope=\"itemscope\" itemtype=\"https:\/\/schema.org\/BlogPosting\" itemprop=\"blogPost\" ><div class='avia_textblock  '   itemprop=\"text\" ><p><strong>Bela Giornata \u2013 Santa Felicit\u00e0. Voc\u00ea j\u00e1 imaginou conhecer Santa Felicidade al\u00e9m do \u00f3bvio? Uma tarde para te levar pelo tempo e pelas hist\u00f3rias que ecoam em Santa Felicidade. Entre casas centen\u00e1rias, vinhos artesanais, receitas t\u00edpicas e causos de colonos que despertam sentidos e emo\u00e7\u00f5es. No Bela Giornata, cada passo \u00e9 uma mem\u00f3ria viva, cada sabor \u00e9 um encontro com a tradi\u00e7\u00e3o.<\/strong><\/p>\n<\/div><\/section><\/div>\n<div class='flex_column_table av-1hxhczx-12e6d312361caab83609807ab167a448 sc-av_one_half av-equal-height-column-flextable'><div class='flex_column av-1hxhczx-12e6d312361caab83609807ab167a448 av_one_half  avia-builder-el-5  el_after_av_one_full  el_before_av_one_half  cultura first flex_column_table_cell av-equal-height-column av-align-middle  av-animated-generic bottom-to-top column-top-margin'   ><section class=\"av_textblock_section \"  itemscope=\"itemscope\" itemtype=\"https:\/\/schema.org\/BlogPosting\" itemprop=\"blogPost\" ><div class='avia_textblock  '   itemprop=\"text\" ><p><strong>Dias e hor\u00e1rios de funcionamento:<\/strong> Quinzenal aos Sabados e ou Domingos<br \/>\n<strong>O que a experi\u00eancia inclui: <\/strong> Transporte de van desde o centro de Curitiba, Guias de Turismo, degusta\u00e7\u00e3o de produtos t\u00edpicos do bairro, ingressos nos atrativos<br \/>\n<strong>Anteced\u00eancia para reserva: <\/strong> 15 dias<br \/>\n<strong>N\u00famero m\u00ednimo e m\u00e1ximo de pessoas: <\/strong> M\u00ednimo 8 e m\u00e1ximo 20.<br \/>\n<strong>Indicado para: <\/strong> Todos<\/p>\n<\/div><\/section><\/div>\n<div class='av-flex-placeholder'><\/div><div class='flex_column av-1fmzyul-f26df83a678cf204ea3bacfd06127aa0 av_one_half  avia-builder-el-7  el_after_av_one_half  el_before_av_one_half  cultura flex_column_table_cell av-equal-height-column av-align-middle  av-animated-generic bottom-to-top column-top-margin'   ><style type=\"text\/css\" id=\"style-css-av-mfwjqdhq-f7078bb094a6096cdb44d4ab78e921ef\">\n.avia-image-container.av-mfwjqdhq-f7078bb094a6096cdb44d4ab78e921ef .av-image-caption-overlay-center{\ncolor:#ffffff;\n}\n<\/style>\n<div  class='avia-image-container av-mfwjqdhq-f7078bb094a6096cdb44d4ab78e921ef av-styling- avia-align-center  avia-builder-el-8  avia-builder-el-no-sibling  '  itemprop=\"image\" itemscope=\"itemscope\" itemtype=\"https:\/\/schema.org\/ImageObject\" ><div class=\"avia-image-container-inner\"><div class=\"avia-image-overlay-wrap\"><img decoding=\"async\" class='wp-image-4656 avia-img-lazy-loading-not-4656 avia_image' src=\"https:\/\/sebraepr.com.br\/experienciasturisticas\/wp-content\/uploads\/Bela-Giornata.jpg\" alt='' title='Bela Giornata'  height=\"694\" width=\"666\"  itemprop=\"thumbnailUrl\" srcset=\"https:\/\/sebraepr.com.br\/experienciasturisticas\/wp-content\/uploads\/Bela-Giornata.jpg 666w, https:\/\/sebraepr.com.br\/experienciasturisticas\/wp-content\/uploads\/Bela-Giornata-288x300.jpg 288w\" sizes=\"(max-width: 666px) 100vw, 666px\" \/><\/div><\/div><\/div><\/div><\/div><!--close column table wrapper. Autoclose: 1 -->\n<div class='flex_column_table av-1dzyu7x-4e3650d0642dcb859ee7e64208fad85e sc-av_one_half av-equal-height-column-flextable'><div class='flex_column av-1dzyu7x-4e3650d0642dcb859ee7e64208fad85e av_one_half  avia-builder-el-9  el_after_av_one_half  el_before_av_one_half  imgarcu first flex_column_table_cell av-equal-height-column av-align-top  av-animated-generic bottom-to-top column-top-margin'   ><style type=\"text\/css\" id=\"style-css-av-mfwjqmlg-ad5a49c258d14b6bb9ad48d05c9cbd37\">\n.avia-image-container.av-mfwjqmlg-ad5a49c258d14b6bb9ad48d05c9cbd37 .av-image-caption-overlay-center{\ncolor:#ffffff;\n}\n<\/style>\n<div  class='avia-image-container av-mfwjqmlg-ad5a49c258d14b6bb9ad48d05c9cbd37 av-styling- avia-align-center  avia-builder-el-10  avia-builder-el-no-sibling  '  itemprop=\"image\" itemscope=\"itemscope\" itemtype=\"https:\/\/schema.org\/ImageObject\" ><div class=\"avia-image-container-inner\"><div class=\"avia-image-overlay-wrap\"><img decoding=\"async\" class='wp-image-4655 avia-img-lazy-loading-not-4655 avia_image' src=\"https:\/\/sebraepr.com.br\/experienciasturisticas\/wp-content\/uploads\/Bela-Giornata-Santa-Felicita2.jpg\" alt='' title='Bela Giornata Santa Felicita2'  height=\"770\" width=\"590\"  itemprop=\"thumbnailUrl\" srcset=\"https:\/\/sebraepr.com.br\/experienciasturisticas\/wp-content\/uploads\/Bela-Giornata-Santa-Felicita2.jpg 590w, https:\/\/sebraepr.com.br\/experienciasturisticas\/wp-content\/uploads\/Bela-Giornata-Santa-Felicita2-230x300.jpg 230w, https:\/\/sebraepr.com.br\/experienciasturisticas\/wp-content\/uploads\/Bela-Giornata-Santa-Felicita2-540x705.jpg 540w\" sizes=\"(max-width: 590px) 100vw, 590px\" \/><\/div><\/div><\/div><\/div>\n<div class='av-flex-placeholder'><\/div>\n<style type=\"text\/css\" id=\"style-css-av-1debinx-5cac8a0421fb8a4be85bffb9d1788448\">\n.flex_column.av-1debinx-5cac8a0421fb8a4be85bffb9d1788448{\nborder-radius:20px 20px 20px 20px;\n-webkit-border-radius:20px 20px 20px 20px;\n-moz-border-radius:20px 20px 20px 20px;\npadding:20px 20px 20px 20px;\nbackground-color:#808123;\n}\n<\/style>\n<div class='flex_column av-1debinx-5cac8a0421fb8a4be85bffb9d1788448 av_one_half  avia-builder-el-11  el_after_av_one_half  avia-builder-el-last  cont-mapas flex_column_table_cell av-equal-height-column av-align-top  av-animated-generic bottom-to-top column-top-margin'   id=\"cont-mapas-li\"  ><p>\n<style type=\"text\/css\" id=\"style-css-av-4otcgd-973df3605b9c846a192bfe6c2fd25149\">\n.avia-image-container.av-4otcgd-973df3605b9c846a192bfe6c2fd25149 .av-image-caption-overlay-center{\ncolor:#ffffff;\n}\n<\/style>\n<div  class='avia-image-container av-4otcgd-973df3605b9c846a192bfe6c2fd25149 av-styling- av-hover-grow avia-align-center  avia-builder-el-12  el_before_av_textblock  avia-builder-el-first  '  itemprop=\"image\" itemscope=\"itemscope\" itemtype=\"https:\/\/schema.org\/ImageObject\" ><div class=\"avia-image-container-inner\"><div class=\"avia-image-overlay-wrap\"><a href=\"https:\/\/sebraepr.com.br\/experienciasturisticas\/category\/locais\/rotas-do-pinhao\/\" class='avia_image' ><img decoding=\"async\" width=\"300\" height=\"206\" class='wp-image-266 avia-img-lazy-loading-not-266 avia_image' src=\"https:\/\/sebraepr.com.br\/experienciasturisticas\/wp-content\/uploads\/Parana-Rotas-do-Pinhao-300x206.png\" alt='' title='Paran\u00e1 Rotas do Pinh\u00e3o'  itemprop=\"thumbnailUrl\" srcset=\"https:\/\/sebraepr.com.br\/experienciasturisticas\/wp-content\/uploads\/Parana-Rotas-do-Pinhao-300x206.png 300w, https:\/\/sebraepr.com.br\/experienciasturisticas\/wp-content\/uploads\/Parana-Rotas-do-Pinhao.png 600w\" sizes=\"(max-width: 300px) 100vw, 300px\" \/><\/a><\/div><\/div><\/div><br \/>\n<section class=\"av_textblock_section \"  itemscope=\"itemscope\" itemtype=\"https:\/\/schema.org\/BlogPosting\" itemprop=\"blogPost\" ><div class='avia_textblock  av_inherit_color '  style='color:#ffffff; '  itemprop=\"text\" ><p><strong>Empresa:<\/strong> Bela Giornata Santa Felicit\u00e0<br \/>\n<strong>Munic\u00edpio:<\/strong> Curitiba<\/p>\n<\/div><\/section><br \/>\n<section class=\"av_textblock_section \"  itemscope=\"itemscope\" itemtype=\"https:\/\/schema.org\/BlogPosting\" itemprop=\"blogPost\" ><div class='avia_textblock  av_inherit_color '  style='color:#ffffff; '  itemprop=\"text\" ><p>\n<style type=\"text\/css\" id=\"style-css-av-19bgql9-c01a69a56fb26e87b5b655239bdb97ce\">\n.av_font_icon.av-19bgql9-c01a69a56fb26e87b5b655239bdb97ce .av-icon-char{\nfont-size:30px;\nline-height:30px;\n}\n<\/style>\n<span  class=\"av_font_icon av-19bgql9-c01a69a56fb26e87b5b655239bdb97ce avia_animate_when_visible av-icon-style- avia-icon-pos-left av-no-color avia-icon-animate \"><span class='av-icon-char' aria-hidden='true' data-av_icon='\ue842' data-av_iconfont='entypo-fontello' ><\/span><\/span> <a href=\"https:\/\/maps.app.goo.gl\/ZbeVT96gMUAoiheb7\" target=\"_blank\" rel=\"noopener\">Joao Batista Casgrande 429 casa 9<\/a><\/p>\n<p>\n<style type=\"text\/css\" id=\"style-css-av-17si00t-4cda67563f00f043ba8666eaf8b32969\">\n.av_font_icon.av-17si00t-4cda67563f00f043ba8666eaf8b32969 .av-icon-char{\nfont-size:30px;\nline-height:30px;\n}\n<\/style>\n<span  class=\"av_font_icon av-17si00t-4cda67563f00f043ba8666eaf8b32969 avia_animate_when_visible av-icon-style- avia-icon-pos-left av-no-color avia-icon-animate \"><span class='av-icon-char' aria-hidden='true' data-av_icon='\ue8ac' data-av_iconfont='entypo-fontello' ><\/span><\/span> (41) 99100-3444 e (41) 99988-4602 ( segunda \u00e0 sabado )<\/p>\n<p>\n<style type=\"text\/css\" id=\"style-css-av-16hiood-7d4dbaa39557c325497a4d32f14b0f39\">\n.av_font_icon.av-16hiood-7d4dbaa39557c325497a4d32f14b0f39 .av-icon-char{\nfont-size:30px;\nline-height:30px;\n}\n<\/style>\n<span  class=\"av_font_icon av-16hiood-7d4dbaa39557c325497a4d32f14b0f39 avia_animate_when_visible av-icon-style- avia-icon-pos-left av-no-color avia-icon-animate \"><span class='av-icon-char' aria-hidden='true' data-av_icon='\uf232' data-av_iconfont='entypo-fontello' ><\/span><\/span> <a href=\"https:\/\/api.whatsapp.com\/send?phone=5541991003444&amp;text=Ol\u00e1!%20Vim%20pelo%20site%20de%20experi\u00eancias%20tur\u00edsticas%20e%20quero%20mais%20informa\u00e7\u00f5es\">5541991003444<\/a><\/p>\n<p>\n<style type=\"text\/css\" id=\"style-css-av-146mpu5-1c9f439a9052ffe379f5b96da6ad225a\">\n.av_font_icon.av-146mpu5-1c9f439a9052ffe379f5b96da6ad225a .av-icon-char{\nfont-size:30px;\nline-height:30px;\n}\n<\/style>\n<span  class=\"av_font_icon av-146mpu5-1c9f439a9052ffe379f5b96da6ad225a avia_animate_when_visible av-icon-style- avia-icon-pos-left av-no-color avia-icon-animate \"><span class='av-icon-char' aria-hidden='true' data-av_icon='\ue909' data-av_iconfont='entypo-fontello' ><\/span><\/span> <a href=\"https:\/\/www.instagram.com\/belagiornatasantafelicita\">@belagiornatasantafelicita<\/a><\/p>\n<\/div><\/section><\/p><\/div><\/div><!--close column table wrapper. Autoclose: 1 -->\n","protected":false},"excerpt":{"rendered":"<p>Entre casas centen\u00e1rias, vinhos artesanais, receitas t\u00edpicas e causos de colonos que despertam sentidos e emo\u00e7\u00f5es<br \/>\nEmpresa: <strong>Bela Giornata Santa Felicit\u00e0<\/strong><br \/>\nMunic\u00edpio: <strong>Curitiba<\/strong><\/p>\n","protected":false},"author":2,"featured_media":4656,"comment_status":"closed","ping_status":"open","sticky":false,"template":"","format":"standard","meta":{"footnotes":""},"categories":[3,2,12,24,8],"tags":[415,135,128],"class_list":["post-4653","post","type-post","status-publish","format-standard","has-post-thumbnail","hentry","category-cultura-e-historia","category-gastronomia","category-locais","category-rotas-do-pinhao","category-segmentos","tag-cultura","tag-gastronomia","tag-passeio"],"_links":{"self":[{"href":"https:\/\/sebraepr.com.br\/experienciasturisticas\/wp-json\/wp\/v2\/posts\/4653","targetHints":{"allow":["GET"]}}],"collection":[{"href":"https:\/\/sebraepr.com.br\/experienciasturisticas\/wp-json\/wp\/v2\/posts"}],"about":[{"href":"https:\/\/sebraepr.com.br\/experienciasturisticas\/wp-json\/wp\/v2\/types\/post"}],"author":[{"embeddable":true,"href":"https:\/\/sebraepr.com.br\/experienciasturisticas\/wp-json\/wp\/v2\/users\/2"}],"replies":[{"embeddable":true,"href":"https:\/\/sebraepr.com.br\/experienciasturisticas\/wp-json\/wp\/v2\/comments?post=4653"}],"version-history":[{"count":3,"href":"https:\/\/sebraepr.com.br\/experienciasturisticas\/wp-json\/wp\/v2\/posts\/4653\/revisions"}],"predecessor-version":[{"id":4658,"href":"https:\/\/sebraepr.com.br\/experienciasturisticas\/wp-json\/wp\/v2\/posts\/4653\/revisions\/4658"}],"wp:featuredmedia":[{"embeddable":true,"href":"https:\/\/sebraepr.com.br\/experienciasturisticas\/wp-json\/wp\/v2\/media\/4656"}],"wp:attachment":[{"href":"https:\/\/sebraepr.com.br\/experienciasturisticas\/wp-json\/wp\/v2\/media?parent=4653"}],"wp:term":[{"taxonomy":"category","embeddable":true,"href":"https:\/\/sebraepr.com.br\/experienciasturisticas\/wp-json\/wp\/v2\/categories?post=4653"},{"taxonomy":"post_tag","embeddable":true,"href":"https:\/\/sebraepr.com.br\/experienciasturisticas\/wp-json\/wp\/v2\/tags?post=4653"}],"curies":[{"name":"wp","href":"https:\/\/api.w.org\/{rel}","templated":true}]}}