{"id":4634,"date":"2025-09-01T09:33:21","date_gmt":"2025-09-01T12:33:21","guid":{"rendered":"https:\/\/sebraepr.com.br\/experienciasturisticas\/?p=4634"},"modified":"2025-09-01T09:33:21","modified_gmt":"2025-09-01T12:33:21","slug":"santa-luz-do-por-do-sol","status":"publish","type":"post","link":"https:\/\/sebraepr.com.br\/experienciasturisticas\/santa-luz-do-por-do-sol\/","title":{"rendered":"Santa Luz do P\u00f4r-do-Sol"},"content":{"rendered":"<div id='full_slider_1'  class='avia-fullwidth-slider main_color avia-shadow   avia-builder-el-0  el_before_av_one_full  avia-builder-el-first   container_wrap sidebar_right'  ><div   data-size='no scaling'  data-lightbox_size='large'  data-animation='slide'  data-conditional_play=''  data-ids='330'  data-video_counter='0'  data-autoplay='false'  data-bg_slider='false'  data-slide_height=''  data-handle='av_slideshow_full'  data-interval='5'  data-class=' '  data-el_id=''  data-css_id=''  data-scroll_down=''  data-control_layout='av-control-default'  data-custom_markup=''  data-perma_caption=''  data-autoplay_stopper=''  data-image_attachment=''  data-min_height='0px'  data-lazy_loading='disabled'  data-src=''  data-position='top left'  data-repeat='no-repeat'  data-attach='scroll'  data-stretch=''  class='avia-slideshow avia-slideshow-1  av-control-default av-default-height-applied avia-slideshow-no scaling av_slideshow_full   avia-slide-slider '  itemprop=\"image\" itemscope=\"itemscope\" itemtype=\"https:\/\/schema.org\/ImageObject\" ><ul class='avia-slideshow-inner ' style='padding-bottom: 9.4791666666667%;' ><li  class=' av-single-slide slide-1 ' ><div data-rel='slideshow-1' class='avia-slide-wrap '   ><img decoding=\"async\" class=\"wp-image-330 avia-img-lazy-loading-not-330\"  src=\"https:\/\/sebraepr.com.br\/experienciasturisticas\/wp-content\/uploads\/Top-Ecoturismo-Aventura-e-Natureza.png\" width=\"1920\" height=\"182\" title='Top Ecoturismo Aventura e Natureza' alt=''  itemprop=\"thumbnailUrl\" srcset=\"https:\/\/sebraepr.com.br\/experienciasturisticas\/wp-content\/uploads\/Top-Ecoturismo-Aventura-e-Natureza.png 1920w, https:\/\/sebraepr.com.br\/experienciasturisticas\/wp-content\/uploads\/Top-Ecoturismo-Aventura-e-Natureza-300x28.png 300w, https:\/\/sebraepr.com.br\/experienciasturisticas\/wp-content\/uploads\/Top-Ecoturismo-Aventura-e-Natureza-1030x98.png 1030w, https:\/\/sebraepr.com.br\/experienciasturisticas\/wp-content\/uploads\/Top-Ecoturismo-Aventura-e-Natureza-768x73.png 768w, https:\/\/sebraepr.com.br\/experienciasturisticas\/wp-content\/uploads\/Top-Ecoturismo-Aventura-e-Natureza-1536x146.png 1536w, https:\/\/sebraepr.com.br\/experienciasturisticas\/wp-content\/uploads\/Top-Ecoturismo-Aventura-e-Natureza-1500x142.png 1500w, https:\/\/sebraepr.com.br\/experienciasturisticas\/wp-content\/uploads\/Top-Ecoturismo-Aventura-e-Natureza-705x67.png 705w\" sizes=\"(max-width: 1920px) 100vw, 1920px\" \/><\/div><\/li><\/ul><\/div><\/div><div id='after_full_slider_1'  class='main_color av_default_container_wrap container_wrap sidebar_right'  ><div class='container av-section-cont-open' ><div class='template-page content  av-content-small alpha units'><div class='post-entry post-entry-type-page post-entry-4634'><div class='entry-content-wrapper clearfix'>\n<div class='flex_column av-av_one_full-557fbd3e5c92d202a51a2c4f9e35573b av_one_full  avia-builder-el-1  el_after_av_slideshow_full  el_before_av_one_full  avia-builder-el-first  cultura first flex_column_div '   ><div   data-size='no scaling'  data-lightbox_size='large'  data-animation='slide'  data-conditional_play=''  data-ids='4637'  data-video_counter='0'  data-autoplay='false'  data-bg_slider='false'  data-slide_height=''  data-handle='av_slideshow'  data-interval='5'  data-class=' avia-builder-el-2  avia-builder-el-no-sibling  eco-banner '  data-el_id=''  data-css_id=''  data-scroll_down=''  data-control_layout='av-control-default'  data-custom_markup=''  data-perma_caption=''  data-autoplay_stopper=''  data-image_attachment=''  data-min_height='0px'  data-lazy_loading='disabled'  class='avia-slideshow avia-slideshow-2  av-control-default av-default-height-applied avia-slideshow-no scaling av_slideshow  avia-builder-el-2  avia-builder-el-no-sibling  eco-banner  avia-slide-slider '  itemprop=\"image\" itemscope=\"itemscope\" itemtype=\"https:\/\/schema.org\/ImageObject\" ><ul class='avia-slideshow-inner ' style='padding-bottom: 55.716353111433%;' ><li  class=' av-single-slide slide-1 ' ><div data-rel='slideshow-2' class='avia-slide-wrap '   ><div class=\"avia-caption av-slideshow-caption\"><div class=\"avia-inner-caption\"><h2  class='avia-caption-title  '  itemprop=\"name\" >Santa Luz do P\u00f4r-do-Sol<\/h2><div class='avia-caption-content  '  itemprop=\"description\"  ><p>O p\u00f5r-do-Sol mais aben\u00e7oado dos Campos Gerais<\/p>\n<\/div><\/div><\/div><img decoding=\"async\" class=\"wp-image-4637 avia-img-lazy-loading-not-4637\"  src=\"https:\/\/sebraepr.com.br\/experienciasturisticas\/wp-content\/uploads\/Santa-luz-do-por-do-Sol.jpg\" width=\"1382\" height=\"770\" title='Santa luz do p\u00f4r-do-Sol' alt=''  itemprop=\"thumbnailUrl\" srcset=\"https:\/\/sebraepr.com.br\/experienciasturisticas\/wp-content\/uploads\/Santa-luz-do-por-do-Sol.jpg 1382w, https:\/\/sebraepr.com.br\/experienciasturisticas\/wp-content\/uploads\/Santa-luz-do-por-do-Sol-300x167.jpg 300w, https:\/\/sebraepr.com.br\/experienciasturisticas\/wp-content\/uploads\/Santa-luz-do-por-do-Sol-1030x574.jpg 1030w, https:\/\/sebraepr.com.br\/experienciasturisticas\/wp-content\/uploads\/Santa-luz-do-por-do-Sol-768x428.jpg 768w, https:\/\/sebraepr.com.br\/experienciasturisticas\/wp-content\/uploads\/Santa-luz-do-por-do-Sol-705x393.jpg 705w\" sizes=\"(max-width: 1382px) 100vw, 1382px\" \/><\/div><\/li><\/ul><\/div><\/div><div class='flex_column av-av_one_full-b2a810f2e6fbec615f91e477d889e40c av_one_full  avia-builder-el-3  el_after_av_one_full  el_before_av_one_half  ecotur first flex_column_div  av-animated-generic pop-up column-top-margin'   ><section class=\"av_textblock_section \"  itemscope=\"itemscope\" itemtype=\"https:\/\/schema.org\/BlogPosting\" itemprop=\"blogPost\" ><div class='avia_textblock  '   itemprop=\"text\" ><p><strong>O p\u00f4r-do-Sol no mirante da Santa \u00e9 um espet\u00e1culo \u00fanico, onde podemos vivenciar a natureza ao mesmo tempo que conhecemos a hist\u00f3ria de Jaguaria\u00edva, al\u00e9m de observar a Escarpa Devoniana e suas forma\u00e7\u00f5es rochosas. Perfeito para finalizar um passeio ou um piquenique enquanto a natureza se apresenta.<\/strong><\/p>\n<\/div><\/section><\/div><div class='flex_column_table av-av_one_half-678ea877ad0b4be3491826f79afd95e1 sc-av_one_half av-equal-height-column-flextable'><div class='flex_column av-av_one_half-678ea877ad0b4be3491826f79afd95e1 av_one_half  avia-builder-el-5  el_after_av_one_full  el_before_av_one_half  ecotur first flex_column_table_cell av-equal-height-column av-align-middle  av-animated-generic bottom-to-top column-top-margin'   ><section class=\"av_textblock_section \"  itemscope=\"itemscope\" itemtype=\"https:\/\/schema.org\/BlogPosting\" itemprop=\"blogPost\" ><div class='avia_textblock  '   itemprop=\"text\" ><p><strong>Dias e hor\u00e1rios de funcionamento:<\/strong> Diariamente, o ano todo<br \/>\n<strong>O que a experi\u00eancia inclui:<\/strong> A atra\u00e7\u00e3o<br \/>\n<strong>Anteced\u00eancia para reserva: <\/strong> N\u00e3o h\u00e1.<br \/>\n<strong>N\u00famero m\u00ednimo e m\u00e1ximo de pessoas: <\/strong> M\u00e1ximo 8 pessoas<br \/>\n<strong>Indicado para: <\/strong> Turistas, fot\u00f3grafos e observadores da natureza, popula\u00e7\u00e3o local<\/p>\n<\/div><\/section><\/div><div class='av-flex-placeholder'><\/div><div class='flex_column av-av_one_half-5dc5640faf13ac9f9a34170381389a7b av_one_half  avia-builder-el-7  el_after_av_one_half  el_before_av_one_half  cultura flex_column_table_cell av-equal-height-column av-align-middle  av-animated-generic bottom-to-top column-top-margin'   ><style type=\"text\/css\" id=\"style-css-av-mf13ege4-b40533ed5138d441078e0be54455ec98\">\n.avia-image-container.av-mf13ege4-b40533ed5138d441078e0be54455ec98 .av-image-caption-overlay-center{\ncolor:#ffffff;\n}\n<\/style>\n<div  class='avia-image-container av-mf13ege4-b40533ed5138d441078e0be54455ec98 av-styling- avia-align-center  avia-builder-el-8  avia-builder-el-no-sibling  '  itemprop=\"image\" itemscope=\"itemscope\" itemtype=\"https:\/\/schema.org\/ImageObject\" ><div class=\"avia-image-container-inner\"><div class=\"avia-image-overlay-wrap\"><img decoding=\"async\" class='wp-image-4635 avia-img-lazy-loading-not-4635 avia_image' src=\"https:\/\/sebraepr.com.br\/experienciasturisticas\/wp-content\/uploads\/Prefeitura-Municipal-de-Jaguariaiva.jpg\" alt='' title='Prefeitura Municipal de Jaguaria\u00edva'  height=\"500\" width=\"500\"  itemprop=\"thumbnailUrl\" srcset=\"https:\/\/sebraepr.com.br\/experienciasturisticas\/wp-content\/uploads\/Prefeitura-Municipal-de-Jaguariaiva.jpg 500w, https:\/\/sebraepr.com.br\/experienciasturisticas\/wp-content\/uploads\/Prefeitura-Municipal-de-Jaguariaiva-300x300.jpg 300w, https:\/\/sebraepr.com.br\/experienciasturisticas\/wp-content\/uploads\/Prefeitura-Municipal-de-Jaguariaiva-80x80.jpg 80w, https:\/\/sebraepr.com.br\/experienciasturisticas\/wp-content\/uploads\/Prefeitura-Municipal-de-Jaguariaiva-36x36.jpg 36w, https:\/\/sebraepr.com.br\/experienciasturisticas\/wp-content\/uploads\/Prefeitura-Municipal-de-Jaguariaiva-180x180.jpg 180w\" sizes=\"(max-width: 500px) 100vw, 500px\" \/><\/div><\/div><\/div><\/div><\/div><!--close column table wrapper. Autoclose: 1 --><div class='flex_column_table av-av_one_half-6618e81534d47b0291d7bacb07291774 sc-av_one_half av-equal-height-column-flextable'><div class='flex_column av-av_one_half-6618e81534d47b0291d7bacb07291774 av_one_half  avia-builder-el-9  el_after_av_one_half  el_before_av_one_half  imgarec first flex_column_table_cell av-equal-height-column av-align-top  av-animated-generic bottom-to-top column-top-margin'   ><style type=\"text\/css\" id=\"style-css-av-mf13er8z-dcdd7db2521b09dbf8a563c5019eed3a\">\n.avia-image-container.av-mf13er8z-dcdd7db2521b09dbf8a563c5019eed3a .av-image-caption-overlay-center{\ncolor:#ffffff;\n}\n<\/style>\n<div  class='avia-image-container av-mf13er8z-dcdd7db2521b09dbf8a563c5019eed3a av-styling- avia-align-center  avia-builder-el-10  avia-builder-el-no-sibling  '  itemprop=\"image\" itemscope=\"itemscope\" itemtype=\"https:\/\/schema.org\/ImageObject\" ><div class=\"avia-image-container-inner\"><div class=\"avia-image-overlay-wrap\"><img decoding=\"async\" class='wp-image-4636 avia-img-lazy-loading-not-4636 avia_image' src=\"https:\/\/sebraepr.com.br\/experienciasturisticas\/wp-content\/uploads\/Santa-luz-do-por-do-Sol2.jpg\" alt='' title='Santa luz do p\u00f4r-do-Sol2'  height=\"783\" width=\"586\"  itemprop=\"thumbnailUrl\" srcset=\"https:\/\/sebraepr.com.br\/experienciasturisticas\/wp-content\/uploads\/Santa-luz-do-por-do-Sol2.jpg 586w, https:\/\/sebraepr.com.br\/experienciasturisticas\/wp-content\/uploads\/Santa-luz-do-por-do-Sol2-225x300.jpg 225w, https:\/\/sebraepr.com.br\/experienciasturisticas\/wp-content\/uploads\/Santa-luz-do-por-do-Sol2-528x705.jpg 528w\" sizes=\"(max-width: 586px) 100vw, 586px\" \/><\/div><\/div><\/div><\/div><div class='av-flex-placeholder'><\/div>\n<style type=\"text\/css\" id=\"style-css-av-av_one_half-fa995648755a38c91d312bd0c1701ac3\">\n.flex_column.av-av_one_half-fa995648755a38c91d312bd0c1701ac3{\nborder-radius:20px 20px 20px 20px;\n-webkit-border-radius:20px 20px 20px 20px;\n-moz-border-radius:20px 20px 20px 20px;\npadding:20px 20px 20px 20px;\nbackground-color:#1a8136;\n}\n<\/style>\n<div class='flex_column av-av_one_half-fa995648755a38c91d312bd0c1701ac3 av_one_half  avia-builder-el-11  el_after_av_one_half  avia-builder-el-last  cont-mapas flex_column_table_cell av-equal-height-column av-align-top  av-animated-generic bottom-to-top column-top-margin'   id=\"cont-mapas-li\"  ><p>\n<style type=\"text\/css\" id=\"style-css-av-av_image-925968a13906859ee863ba5ccfb24430\">\n.avia-image-container.av-av_image-925968a13906859ee863ba5ccfb24430 .av-image-caption-overlay-center{\ncolor:#ffffff;\n}\n<\/style>\n<div  class='avia-image-container av-av_image-925968a13906859ee863ba5ccfb24430 av-styling- av-hover-grow avia-align-center  avia-builder-el-12  el_before_av_textblock  avia-builder-el-first  '  itemprop=\"image\" itemscope=\"itemscope\" itemtype=\"https:\/\/schema.org\/ImageObject\" ><div class=\"avia-image-container-inner\"><div class=\"avia-image-overlay-wrap\"><a href=\"https:\/\/sebraepr.com.br\/experienciasturisticas\/category\/locais\/campos-gerais\/\" class='avia_image' ><img decoding=\"async\" width=\"300\" height=\"206\" class='wp-image-247 avia-img-lazy-loading-not-247 avia_image' src=\"https:\/\/sebraepr.com.br\/experienciasturisticas\/wp-content\/uploads\/Parana-Campos-Gerais-300x206.png\" alt='' title='Paran\u00e1 Campos Gerais'  itemprop=\"thumbnailUrl\" srcset=\"https:\/\/sebraepr.com.br\/experienciasturisticas\/wp-content\/uploads\/Parana-Campos-Gerais-300x206.png 300w, https:\/\/sebraepr.com.br\/experienciasturisticas\/wp-content\/uploads\/Parana-Campos-Gerais.png 600w\" sizes=\"(max-width: 300px) 100vw, 300px\" \/><\/a><\/div><\/div><\/div><br \/>\n<section class=\"av_textblock_section \"  itemscope=\"itemscope\" itemtype=\"https:\/\/schema.org\/BlogPosting\" itemprop=\"blogPost\" ><div class='avia_textblock  av_inherit_color '  style='color:#ffffff; '  itemprop=\"text\" ><p><strong>Empresa:<\/strong> Prefeitura Municipal de Jaguaria\u00edva<br \/>\n<strong>Munic\u00edpio:<\/strong> Jaguaria\u00edva<\/p>\n<\/div><\/section><br \/>\n<section class=\"av_textblock_section \"  itemscope=\"itemscope\" itemtype=\"https:\/\/schema.org\/BlogPosting\" itemprop=\"blogPost\" ><div class='avia_textblock  av_inherit_color '  style='color:#ffffff; '  itemprop=\"text\" ><p>\n<style type=\"text\/css\" id=\"style-css-av-av_font_icon-5a31fb3f97e1c734d60dec3b7e5e8827\">\n.av_font_icon.av-av_font_icon-5a31fb3f97e1c734d60dec3b7e5e8827 .av-icon-char{\nfont-size:30px;\nline-height:30px;\n}\n<\/style>\n<span  class=\"av_font_icon av-av_font_icon-5a31fb3f97e1c734d60dec3b7e5e8827 avia_animate_when_visible av-icon-style- avia-icon-pos-left av-no-color avia-icon-animate \"><span class='av-icon-char' aria-hidden='true' data-av_icon='\ue842' data-av_iconfont='entypo-fontello' ><\/span><\/span> <a href=\"https:\/\/maps.app.goo.gl\/bZzYZkYCZhrsCu2o9\" target=\"_blank\" rel=\"noopener\">PR 092 (acesso Santa do Pared\u00e3o)<\/a><\/p>\n<p>\n<style type=\"text\/css\" id=\"style-css-av-av_font_icon-bd2a8b0e133824b13e0f9cc4ee22619f\">\n.av_font_icon.av-av_font_icon-bd2a8b0e133824b13e0f9cc4ee22619f .av-icon-char{\nfont-size:30px;\nline-height:30px;\n}\n<\/style>\n<span  class=\"av_font_icon av-av_font_icon-bd2a8b0e133824b13e0f9cc4ee22619f avia_animate_when_visible av-icon-style- avia-icon-pos-left av-no-color avia-icon-animate \"><span class='av-icon-char' aria-hidden='true' data-av_icon='\ue8ac' data-av_iconfont='entypo-fontello' ><\/span><\/span> (43) 3535-9326<\/p>\n<p>\n<style type=\"text\/css\" id=\"style-css-av-av_font_icon-b5e04dfcd1e8e0c66c0e451178508a65\">\n.av_font_icon.av-av_font_icon-b5e04dfcd1e8e0c66c0e451178508a65 .av-icon-char{\nfont-size:30px;\nline-height:30px;\n}\n<\/style>\n<span  class=\"av_font_icon av-av_font_icon-b5e04dfcd1e8e0c66c0e451178508a65 avia_animate_when_visible av-icon-style- avia-icon-pos-left av-no-color avia-icon-animate \"><span class='av-icon-char' aria-hidden='true' data-av_icon='\ue909' data-av_iconfont='entypo-fontello' ><\/span><\/span><a href=\"https:\/\/www.instagram.com\/jaguariaiva.turistica\/\" target=\"_blank\" rel=\"noopener\">@jaguariaiva.turistica<\/a><\/p>\n<p>\n<style type=\"text\/css\" id=\"style-css-av-av_font_icon-f2cbca62660821cddcd6fef2baa09156\">\n.av_font_icon.av-av_font_icon-f2cbca62660821cddcd6fef2baa09156 .av-icon-char{\nfont-size:30px;\nline-height:30px;\n}\n<\/style>\n<span  class=\"av_font_icon av-av_font_icon-f2cbca62660821cddcd6fef2baa09156 avia_animate_when_visible av-icon-style- avia-icon-pos-left av-no-color avia-icon-animate \"><span class='av-icon-char' aria-hidden='true' data-av_icon='\ue8ad' data-av_iconfont='entypo-fontello' ><\/span><\/span><a href=\"https:\/\/visitejaguariaiva.com.br\" target=\"_blank\" rel=\"noopener\">visitejaguariaiva.com.br<\/a><\/p>\n<\/div><\/section><\/p><\/div><\/div><!--close column table wrapper. Autoclose: 1 --><\/p>\n","protected":false},"excerpt":{"rendered":"<p>O p\u00f4r-do-Sol no mirante da Santa \u00e9 um espet\u00e1culo \u00fanico, onde podemos finalizar um passeio ou um piquenique enquanto a natureza se apresenta.<br \/>\nEmpresa: <strong>Prefeitura Municipal de Jaguaria\u00edva<\/strong><br \/>\nMunic\u00edpio: <strong>Jaguaria\u00edva<\/strong><\/p>\n","protected":false},"author":2,"featured_media":4637,"comment_status":"closed","ping_status":"open","sticky":false,"template":"","format":"standard","meta":{"footnotes":""},"categories":[21,4,12,8],"tags":[416],"class_list":["post-4634","post","type-post","status-publish","format-standard","has-post-thumbnail","hentry","category-campos-gerais","category-ecoturismo-e-natureza","category-locais","category-segmentos","tag-paisagem"],"_links":{"self":[{"href":"https:\/\/sebraepr.com.br\/experienciasturisticas\/wp-json\/wp\/v2\/posts\/4634","targetHints":{"allow":["GET"]}}],"collection":[{"href":"https:\/\/sebraepr.com.br\/experienciasturisticas\/wp-json\/wp\/v2\/posts"}],"about":[{"href":"https:\/\/sebraepr.com.br\/experienciasturisticas\/wp-json\/wp\/v2\/types\/post"}],"author":[{"embeddable":true,"href":"https:\/\/sebraepr.com.br\/experienciasturisticas\/wp-json\/wp\/v2\/users\/2"}],"replies":[{"embeddable":true,"href":"https:\/\/sebraepr.com.br\/experienciasturisticas\/wp-json\/wp\/v2\/comments?post=4634"}],"version-history":[{"count":2,"href":"https:\/\/sebraepr.com.br\/experienciasturisticas\/wp-json\/wp\/v2\/posts\/4634\/revisions"}],"predecessor-version":[{"id":4639,"href":"https:\/\/sebraepr.com.br\/experienciasturisticas\/wp-json\/wp\/v2\/posts\/4634\/revisions\/4639"}],"wp:featuredmedia":[{"embeddable":true,"href":"https:\/\/sebraepr.com.br\/experienciasturisticas\/wp-json\/wp\/v2\/media\/4637"}],"wp:attachment":[{"href":"https:\/\/sebraepr.com.br\/experienciasturisticas\/wp-json\/wp\/v2\/media?parent=4634"}],"wp:term":[{"taxonomy":"category","embeddable":true,"href":"https:\/\/sebraepr.com.br\/experienciasturisticas\/wp-json\/wp\/v2\/categories?post=4634"},{"taxonomy":"post_tag","embeddable":true,"href":"https:\/\/sebraepr.com.br\/experienciasturisticas\/wp-json\/wp\/v2\/tags?post=4634"}],"curies":[{"name":"wp","href":"https:\/\/api.w.org\/{rel}","templated":true}]}}