{"id":4547,"date":"2025-08-28T16:38:22","date_gmt":"2025-08-28T19:38:22","guid":{"rendered":"https:\/\/sebraepr.com.br\/experienciasturisticas\/?p=4547"},"modified":"2025-08-28T16:41:14","modified_gmt":"2025-08-28T19:41:14","slug":"sunset-torre","status":"publish","type":"post","link":"https:\/\/sebraepr.com.br\/experienciasturisticas\/sunset-torre\/","title":{"rendered":"Sunset Torre"},"content":{"rendered":"<div id='full_slider_1'  class='avia-fullwidth-slider main_color avia-shadow   avia-builder-el-0  el_before_av_one_full  avia-builder-el-first   container_wrap sidebar_right'  ><div   data-size='no scaling'  data-lightbox_size='large'  data-animation='slide'  data-conditional_play=''  data-ids='2212'  data-video_counter='0'  data-autoplay='false'  data-bg_slider='false'  data-slide_height=''  data-handle='av_slideshow_full'  data-interval='5'  data-class=' '  data-el_id=''  data-css_id=''  data-scroll_down=''  data-control_layout='av-control-default'  data-custom_markup=''  data-perma_caption=''  data-autoplay_stopper=''  data-image_attachment=''  data-min_height='0px'  data-lazy_loading='disabled'  data-src=''  data-position='top left'  data-repeat='no-repeat'  data-attach='scroll'  data-stretch=''  class='avia-slideshow avia-slideshow-1  av-control-default av-default-height-applied avia-slideshow-no scaling av_slideshow_full   avia-slide-slider '  itemprop=\"image\" itemscope=\"itemscope\" itemtype=\"https:\/\/schema.org\/ImageObject\" ><ul class='avia-slideshow-inner ' style='padding-bottom: 9.4791666666667%;' ><li  class=' av-single-slide slide-1 ' ><div data-rel='slideshow-1' class='avia-slide-wrap '   ><img decoding=\"async\" class=\"wp-image-2212 avia-img-lazy-loading-not-2212\"  src=\"https:\/\/sebraepr.com.br\/experienciasturisticas\/wp-content\/uploads\/Top-Gastronomia.png\" width=\"1920\" height=\"182\" title='Top Gastronomia' alt=''  itemprop=\"thumbnailUrl\" srcset=\"https:\/\/sebraepr.com.br\/experienciasturisticas\/wp-content\/uploads\/Top-Gastronomia.png 1920w, https:\/\/sebraepr.com.br\/experienciasturisticas\/wp-content\/uploads\/Top-Gastronomia-300x28.png 300w, https:\/\/sebraepr.com.br\/experienciasturisticas\/wp-content\/uploads\/Top-Gastronomia-1030x98.png 1030w, https:\/\/sebraepr.com.br\/experienciasturisticas\/wp-content\/uploads\/Top-Gastronomia-768x73.png 768w, https:\/\/sebraepr.com.br\/experienciasturisticas\/wp-content\/uploads\/Top-Gastronomia-1536x146.png 1536w, https:\/\/sebraepr.com.br\/experienciasturisticas\/wp-content\/uploads\/Top-Gastronomia-1500x142.png 1500w, https:\/\/sebraepr.com.br\/experienciasturisticas\/wp-content\/uploads\/Top-Gastronomia-705x67.png 705w\" sizes=\"(max-width: 1920px) 100vw, 1920px\" \/><\/div><\/li><\/ul><\/div><\/div><div id='after_full_slider_1'  class='main_color av_default_container_wrap container_wrap sidebar_right'  ><div class='container av-section-cont-open' ><div class='template-page content  av-content-small alpha units'><div class='post-entry post-entry-type-page post-entry-4547'><div class='entry-content-wrapper clearfix'>\n<div class='flex_column av-raays3-307185d8d9ef3846c1c6059f4ca6ef5f av_one_full  avia-builder-el-1  el_after_av_slideshow_full  el_before_av_one_full  avia-builder-el-first  cultura first flex_column_div '   ><div   data-size='no scaling'  data-lightbox_size='large'  data-animation='slide'  data-conditional_play=''  data-ids='4539'  data-video_counter='0'  data-autoplay='false'  data-bg_slider='false'  data-slide_height=''  data-handle='av_slideshow'  data-interval='5'  data-class=' avia-builder-el-2  avia-builder-el-no-sibling  gas-banner '  data-el_id=''  data-css_id=''  data-scroll_down=''  data-control_layout='av-control-default'  data-custom_markup=''  data-perma_caption=''  data-autoplay_stopper=''  data-image_attachment=''  data-min_height='0px'  data-lazy_loading='disabled'  class='avia-slideshow avia-slideshow-2  av-control-default av-default-height-applied avia-slideshow-no scaling av_slideshow  avia-builder-el-2  avia-builder-el-no-sibling  gas-banner  avia-slide-slider '  itemprop=\"image\" itemscope=\"itemscope\" itemtype=\"https:\/\/schema.org\/ImageObject\" ><ul class='avia-slideshow-inner ' style='padding-bottom: 62.668918918919%;' ><li  class=' av-single-slide slide-1 ' ><div data-rel='slideshow-2' class='avia-slide-wrap '   ><div class=\"avia-caption av-slideshow-caption\"><div class=\"avia-inner-caption\"><h2  class='avia-caption-title  '  itemprop=\"name\" >Sunset Torre<\/h2><\/div><\/div><img decoding=\"async\" class=\"wp-image-4539 avia-img-lazy-loading-not-4539\"  src=\"https:\/\/sebraepr.com.br\/experienciasturisticas\/wp-content\/uploads\/Sunset-Torre.jpg\" width=\"1184\" height=\"742\" title='Sunset Torre' alt=''  itemprop=\"thumbnailUrl\" srcset=\"https:\/\/sebraepr.com.br\/experienciasturisticas\/wp-content\/uploads\/Sunset-Torre.jpg 1184w, https:\/\/sebraepr.com.br\/experienciasturisticas\/wp-content\/uploads\/Sunset-Torre-300x188.jpg 300w, https:\/\/sebraepr.com.br\/experienciasturisticas\/wp-content\/uploads\/Sunset-Torre-1030x645.jpg 1030w, https:\/\/sebraepr.com.br\/experienciasturisticas\/wp-content\/uploads\/Sunset-Torre-768x481.jpg 768w, https:\/\/sebraepr.com.br\/experienciasturisticas\/wp-content\/uploads\/Sunset-Torre-705x442.jpg 705w\" sizes=\"(max-width: 1184px) 100vw, 1184px\" \/><\/div><\/li><\/ul><\/div><\/div><div class='flex_column av-myhtrn-749606cced90c65cb07ba5fa9d6b79b3 av_one_full  avia-builder-el-3  el_after_av_one_full  el_before_av_one_half  gastronomia first flex_column_div  av-animated-generic pop-up column-top-margin'   ><section class=\"av_textblock_section \"  itemscope=\"itemscope\" itemtype=\"https:\/\/schema.org\/BlogPosting\" itemprop=\"blogPost\" ><div class='avia_textblock  '   itemprop=\"text\" ><p><strong>Uma tarde inesquec\u00edvel, assistindo ao p\u00f4r do sol mais encantador dos campos gerais, com m\u00fasica ao vivo que torna a experi\u00eancia \u00fanica.<\/strong><br \/>\n<strong> Com fogueira que aquece as noites, acompanhado de um bom vinho e uma t\u00e1bua de frios com produtos artesanais da regi\u00e3o.<\/strong><\/p>\n<\/div><\/section><\/div><\/p>\n<div class='flex_column_table av-23e7ub-df24167d54373982f7b452726edc5751 sc-av_one_half av-equal-height-column-flextable'><div class='flex_column av-23e7ub-df24167d54373982f7b452726edc5751 av_one_half  avia-builder-el-5  el_after_av_one_full  el_before_av_one_half  gastronomia first flex_column_table_cell av-equal-height-column av-align-middle  av-animated-generic bottom-to-top column-top-margin'   ><section class=\"av_textblock_section \"  itemscope=\"itemscope\" itemtype=\"https:\/\/schema.org\/BlogPosting\" itemprop=\"blogPost\" ><div class='avia_textblock  '   itemprop=\"text\" ><p><strong>Dias e hor\u00e1rios de funcionamento:<\/strong> Domingos a cada 15 dias<br \/>\n<strong>O que a experi\u00eancia inclui: <\/strong> ingressos, alimenta\u00e7\u00e3o, entretenimento<br \/>\n<strong>Anteced\u00eancia para reserva: <\/strong><br \/>\n<strong>N\u00famero m\u00ednimo e m\u00e1ximo de pessoas: <\/strong> Livre<br \/>\n<strong>Indicado para: <\/strong> Todos<\/p>\n<\/div><\/section><\/div>\n<div class='av-flex-placeholder'><\/div><div class='flex_column av-hne40j-ad9fd5fe52f852cfe45f70d29e53ac6d av_one_half  avia-builder-el-7  el_after_av_one_half  el_before_av_one_half  cultura flex_column_table_cell av-equal-height-column av-align-middle  av-animated-generic bottom-to-top column-top-margin'   ><style type=\"text\/css\" id=\"style-css-av-gimznn-ed9a7cb2bac274e647b7e325f28b79e2\">\n.avia-image-container.av-gimznn-ed9a7cb2bac274e647b7e325f28b79e2 .av-image-caption-overlay-center{\ncolor:#ffffff;\n}\n<\/style>\n<div  class='avia-image-container av-gimznn-ed9a7cb2bac274e647b7e325f28b79e2 av-styling- avia-align-center  avia-builder-el-8  avia-builder-el-no-sibling  '  itemprop=\"image\" itemscope=\"itemscope\" itemtype=\"https:\/\/schema.org\/ImageObject\" ><div class=\"avia-image-container-inner\"><div class=\"avia-image-overlay-wrap\"><img decoding=\"async\" class='wp-image-4194 avia-img-lazy-loading-not-4194 avia_image' src=\"https:\/\/sebraepr.com.br\/experienciasturisticas\/wp-content\/uploads\/Torre-Gastrobar.jpg\" alt='' title='Torre Gastrobar'  height=\"667\" width=\"468\"  itemprop=\"thumbnailUrl\" srcset=\"https:\/\/sebraepr.com.br\/experienciasturisticas\/wp-content\/uploads\/Torre-Gastrobar.jpg 468w, https:\/\/sebraepr.com.br\/experienciasturisticas\/wp-content\/uploads\/Torre-Gastrobar-210x300.jpg 210w\" sizes=\"(max-width: 468px) 100vw, 468px\" \/><\/div><\/div><\/div><\/div><\/div><!--close column table wrapper. Autoclose: 1 -->\n<div class='flex_column_table av-eoo5tv-c7dc867623c4d85dcdd4535caf498eeb sc-av_one_half av-equal-height-column-flextable'><div class='flex_column av-eoo5tv-c7dc867623c4d85dcdd4535caf498eeb av_one_half  avia-builder-el-9  el_after_av_one_half  el_before_av_one_half  imgarga first flex_column_table_cell av-equal-height-column av-align-top  av-animated-generic bottom-to-top column-top-margin'   ><style type=\"text\/css\" id=\"style-css-av-bzk5cj-f5424349002261eaad57810f4efa25b4\">\n.avia-image-container.av-bzk5cj-f5424349002261eaad57810f4efa25b4 .av-image-caption-overlay-center{\ncolor:#ffffff;\n}\n<\/style>\n<div  class='avia-image-container av-bzk5cj-f5424349002261eaad57810f4efa25b4 av-styling- avia-align-center  avia-builder-el-10  avia-builder-el-no-sibling  '  itemprop=\"image\" itemscope=\"itemscope\" itemtype=\"https:\/\/schema.org\/ImageObject\" ><div class=\"avia-image-container-inner\"><div class=\"avia-image-overlay-wrap\"><img decoding=\"async\" class='wp-image-4540 avia-img-lazy-loading-not-4540 avia_image' src=\"https:\/\/sebraepr.com.br\/experienciasturisticas\/wp-content\/uploads\/Sunset-Torre2.jpg\" alt='' title='Sunset Torre2'  height=\"788\" width=\"526\"  itemprop=\"thumbnailUrl\" srcset=\"https:\/\/sebraepr.com.br\/experienciasturisticas\/wp-content\/uploads\/Sunset-Torre2.jpg 526w, https:\/\/sebraepr.com.br\/experienciasturisticas\/wp-content\/uploads\/Sunset-Torre2-200x300.jpg 200w, https:\/\/sebraepr.com.br\/experienciasturisticas\/wp-content\/uploads\/Sunset-Torre2-471x705.jpg 471w\" sizes=\"(max-width: 526px) 100vw, 526px\" \/><\/div><\/div><\/div><\/div>\n<div class='av-flex-placeholder'><\/div>\n<style type=\"text\/css\" id=\"style-css-av-avlj83-92ef02fe0b3fe561c56e0bbafef5ad87\">\n.flex_column.av-avlj83-92ef02fe0b3fe561c56e0bbafef5ad87{\nborder-radius:20px 20px 20px 20px;\n-webkit-border-radius:20px 20px 20px 20px;\n-moz-border-radius:20px 20px 20px 20px;\npadding:20px 20px 20px 20px;\nbackground-color:#831927;\n}\n<\/style>\n<div class='flex_column av-avlj83-92ef02fe0b3fe561c56e0bbafef5ad87 av_one_half  avia-builder-el-11  el_after_av_one_half  avia-builder-el-last  cont-mapas flex_column_table_cell av-equal-height-column av-align-top  av-animated-generic bottom-to-top column-top-margin'   id=\"cont-mapas-li\"  ><p>\n<style type=\"text\/css\" id=\"style-css-av-8t6clv-6f00b17068b2dc82ea99a1c2da60aca5\">\n.avia-image-container.av-8t6clv-6f00b17068b2dc82ea99a1c2da60aca5 .av-image-caption-overlay-center{\ncolor:#ffffff;\n}\n<\/style>\n<div  class='avia-image-container av-8t6clv-6f00b17068b2dc82ea99a1c2da60aca5 av-styling- av-hover-grow avia-align-center  avia-builder-el-12  el_before_av_textblock  avia-builder-el-first  '  itemprop=\"image\" itemscope=\"itemscope\" itemtype=\"https:\/\/schema.org\/ImageObject\" ><div class=\"avia-image-container-inner\"><div class=\"avia-image-overlay-wrap\"><a href=\"https:\/\/sebraepr.com.br\/experienciasturisticas\/category\/locais\/campos-gerais\/\" class='avia_image' ><img decoding=\"async\" width=\"300\" height=\"206\" class='wp-image-247 avia-img-lazy-loading-not-247 avia_image' src=\"https:\/\/sebraepr.com.br\/experienciasturisticas\/wp-content\/uploads\/Parana-Campos-Gerais-300x206.png\" alt='' title='Paran\u00e1 Campos Gerais'  itemprop=\"thumbnailUrl\" srcset=\"https:\/\/sebraepr.com.br\/experienciasturisticas\/wp-content\/uploads\/Parana-Campos-Gerais-300x206.png 300w, https:\/\/sebraepr.com.br\/experienciasturisticas\/wp-content\/uploads\/Parana-Campos-Gerais.png 600w\" sizes=\"(max-width: 300px) 100vw, 300px\" \/><\/a><\/div><\/div><\/div><br \/>\n<section class=\"av_textblock_section \"  itemscope=\"itemscope\" itemtype=\"https:\/\/schema.org\/BlogPosting\" itemprop=\"blogPost\" ><div class='avia_textblock  av_inherit_color '  style='color:#ffffff; '  itemprop=\"text\" ><p><strong>Empresa:<\/strong> Torre Gastrobar<br \/>\n<strong>Munic\u00edpio:<\/strong> Ponta Grossa<\/p>\n<\/div><\/section><br \/>\n<section class=\"av_textblock_section \"  itemscope=\"itemscope\" itemtype=\"https:\/\/schema.org\/BlogPosting\" itemprop=\"blogPost\" ><div class='avia_textblock  av_inherit_color '  style='color:#ffffff; '  itemprop=\"text\" ><p>\n<style type=\"text\/css\" id=\"style-css-av-5yud5f-e0e986a7b06ab8be7d54df564205c783\">\n.av_font_icon.av-5yud5f-e0e986a7b06ab8be7d54df564205c783 .av-icon-char{\nfont-size:30px;\nline-height:30px;\n}\n<\/style>\n<span  class=\"av_font_icon av-5yud5f-e0e986a7b06ab8be7d54df564205c783 avia_animate_when_visible av-icon-style- avia-icon-pos-left av-no-color avia-icon-animate \"><span class='av-icon-char' aria-hidden='true' data-av_icon='\ue842' data-av_iconfont='entypo-fontello' ><\/span><\/span> <a href=\"https:\/\/maps.app.goo.gl\/ihUBgMtV3Gu7aMz98\" target=\"_blank\" rel=\"noopener\">Estr. Pery Pereira Costa &#8211; Itaiacoca<\/a><\/p>\n<p>\n<style type=\"text\/css\" id=\"style-css-av-3lwnzn-e6de7ffaca37f86604237b00236e5a10\">\n.av_font_icon.av-3lwnzn-e6de7ffaca37f86604237b00236e5a10 .av-icon-char{\nfont-size:30px;\nline-height:30px;\n}\n<\/style>\n<span  class=\"av_font_icon av-3lwnzn-e6de7ffaca37f86604237b00236e5a10 avia_animate_when_visible av-icon-style- avia-icon-pos-left av-no-color avia-icon-animate \"><span class='av-icon-char' aria-hidden='true' data-av_icon='\uf232' data-av_iconfont='entypo-fontello' ><\/span><\/span> <a href=\"https:\/\/api.whatsapp.com\/send?phone=554299320486&amp;text=Ol\u00e1!%20Vim%20pelo%20site%20de%20experi\u00eancias%20tur\u00edsticas%20e%20quero%20mais%20informa\u00e7\u00f5es\">554299320486<\/a><\/p>\n<p>\n<style type=\"text\/css\" id=\"style-css-av-31950j-5985fa64c91796fdc0ce793949256d04\">\n.av_font_icon.av-31950j-5985fa64c91796fdc0ce793949256d04 .av-icon-char{\nfont-size:30px;\nline-height:30px;\n}\n<\/style>\n<span  class=\"av_font_icon av-31950j-5985fa64c91796fdc0ce793949256d04 avia_animate_when_visible av-icon-style- avia-icon-pos-left av-no-color avia-icon-animate \"><span class='av-icon-char' aria-hidden='true' data-av_icon='\ue909' data-av_iconfont='entypo-fontello' ><\/span><\/span><a href=\"https:\/\/www.instagram.com\/torre.gastrobar\/\" target=\"_blank\" rel=\"noopener\">@torre.gastrobar<\/a><\/p>\n<\/div><\/section><\/p><\/div><\/div><!--close column table wrapper. Autoclose: 1 -->\n","protected":false},"excerpt":{"rendered":"<p>Uma tarde inesquec\u00edvel, assistindo ao p\u00f4r do sol mais encantador dos campos gerais, com m\u00fasica ao vivo que torna a experi\u00eancia \u00fanica.<br \/>\nEmpresa: <strong>Torre Gastrobar<\/strong><br \/>\nMunic\u00edpio: <strong>Ponta Grossa<\/strong><\/p>\n","protected":false},"author":2,"featured_media":4540,"comment_status":"closed","ping_status":"open","sticky":false,"template":"","format":"standard","meta":{"footnotes":""},"categories":[21,2,12,8],"tags":[135],"class_list":["post-4547","post","type-post","status-publish","format-standard","has-post-thumbnail","hentry","category-campos-gerais","category-gastronomia","category-locais","category-segmentos","tag-gastronomia"],"_links":{"self":[{"href":"https:\/\/sebraepr.com.br\/experienciasturisticas\/wp-json\/wp\/v2\/posts\/4547","targetHints":{"allow":["GET"]}}],"collection":[{"href":"https:\/\/sebraepr.com.br\/experienciasturisticas\/wp-json\/wp\/v2\/posts"}],"about":[{"href":"https:\/\/sebraepr.com.br\/experienciasturisticas\/wp-json\/wp\/v2\/types\/post"}],"author":[{"embeddable":true,"href":"https:\/\/sebraepr.com.br\/experienciasturisticas\/wp-json\/wp\/v2\/users\/2"}],"replies":[{"embeddable":true,"href":"https:\/\/sebraepr.com.br\/experienciasturisticas\/wp-json\/wp\/v2\/comments?post=4547"}],"version-history":[{"count":6,"href":"https:\/\/sebraepr.com.br\/experienciasturisticas\/wp-json\/wp\/v2\/posts\/4547\/revisions"}],"predecessor-version":[{"id":4549,"href":"https:\/\/sebraepr.com.br\/experienciasturisticas\/wp-json\/wp\/v2\/posts\/4547\/revisions\/4549"}],"wp:featuredmedia":[{"embeddable":true,"href":"https:\/\/sebraepr.com.br\/experienciasturisticas\/wp-json\/wp\/v2\/media\/4540"}],"wp:attachment":[{"href":"https:\/\/sebraepr.com.br\/experienciasturisticas\/wp-json\/wp\/v2\/media?parent=4547"}],"wp:term":[{"taxonomy":"category","embeddable":true,"href":"https:\/\/sebraepr.com.br\/experienciasturisticas\/wp-json\/wp\/v2\/categories?post=4547"},{"taxonomy":"post_tag","embeddable":true,"href":"https:\/\/sebraepr.com.br\/experienciasturisticas\/wp-json\/wp\/v2\/tags?post=4547"}],"curies":[{"name":"wp","href":"https:\/\/api.w.org\/{rel}","templated":true}]}}