{"id":4270,"date":"2024-12-19T14:08:29","date_gmt":"2024-12-19T17:08:29","guid":{"rendered":"https:\/\/sebraepr.com.br\/experienciasturisticas\/?p=4270"},"modified":"2024-12-19T14:08:29","modified_gmt":"2024-12-19T17:08:29","slug":"somos-fraternidade-vem-sentir","status":"publish","type":"post","link":"https:\/\/sebraepr.com.br\/experienciasturisticas\/somos-fraternidade-vem-sentir\/","title":{"rendered":"Somos Fraternidade, Vem Sentir!"},"content":{"rendered":"<div id='full_slider_1'  class='avia-fullwidth-slider main_color avia-shadow   avia-builder-el-0  el_before_av_one_full  avia-builder-el-first   container_wrap sidebar_right'  ><div   data-size='no scaling'  data-lightbox_size='large'  data-animation='slide'  data-conditional_play=''  data-ids='367'  data-video_counter='0'  data-autoplay='false'  data-bg_slider='false'  data-slide_height=''  data-handle='av_slideshow_full'  data-interval='5'  data-class=' '  data-el_id=''  data-css_id=''  data-scroll_down=''  data-control_layout='av-control-default'  data-custom_markup=''  data-perma_caption=''  data-autoplay_stopper=''  data-image_attachment=''  data-min_height='0px'  data-lazy_loading='disabled'  data-src=''  data-position='top left'  data-repeat='no-repeat'  data-attach='scroll'  data-stretch=''  class='avia-slideshow avia-slideshow-1  av-control-default av-default-height-applied avia-slideshow-no scaling av_slideshow_full   avia-slide-slider '  itemprop=\"image\" itemscope=\"itemscope\" itemtype=\"https:\/\/schema.org\/ImageObject\" ><ul class='avia-slideshow-inner ' style='padding-bottom: 9.4791666666667%;' ><li  class=' av-single-slide slide-1 ' ><div data-rel='slideshow-1' class='avia-slide-wrap '   ><img decoding=\"async\" class=\"wp-image-367 avia-img-lazy-loading-not-367\"  src=\"https:\/\/sebraepr.com.br\/experienciasturisticas\/wp-content\/uploads\/Top-Saude-e-Beleza.png\" width=\"1920\" height=\"182\" title='Top Sa\u00fade e Beleza' alt=''  itemprop=\"thumbnailUrl\" srcset=\"https:\/\/sebraepr.com.br\/experienciasturisticas\/wp-content\/uploads\/Top-Saude-e-Beleza.png 1920w, https:\/\/sebraepr.com.br\/experienciasturisticas\/wp-content\/uploads\/Top-Saude-e-Beleza-300x28.png 300w, https:\/\/sebraepr.com.br\/experienciasturisticas\/wp-content\/uploads\/Top-Saude-e-Beleza-1030x98.png 1030w, https:\/\/sebraepr.com.br\/experienciasturisticas\/wp-content\/uploads\/Top-Saude-e-Beleza-768x73.png 768w, https:\/\/sebraepr.com.br\/experienciasturisticas\/wp-content\/uploads\/Top-Saude-e-Beleza-1536x146.png 1536w, https:\/\/sebraepr.com.br\/experienciasturisticas\/wp-content\/uploads\/Top-Saude-e-Beleza-1500x142.png 1500w, https:\/\/sebraepr.com.br\/experienciasturisticas\/wp-content\/uploads\/Top-Saude-e-Beleza-705x67.png 705w\" sizes=\"(max-width: 1920px) 100vw, 1920px\" \/><\/div><\/li><\/ul><\/div><\/div><div id='after_full_slider_1'  class='main_color av_default_container_wrap container_wrap sidebar_right'  ><div class='container av-section-cont-open' ><div class='template-page content  av-content-small alpha units'><div class='post-entry post-entry-type-page post-entry-4270'><div class='entry-content-wrapper clearfix'>\n<div class='flex_column av-av_one_full-557fbd3e5c92d202a51a2c4f9e35573b av_one_full  avia-builder-el-1  el_after_av_slideshow_full  el_before_av_one_full  avia-builder-el-first  cultura first flex_column_div '   ><div   data-size='no scaling'  data-lightbox_size='large'  data-animation='slide'  data-conditional_play=''  data-ids='4272'  data-video_counter='0'  data-autoplay='false'  data-bg_slider='false'  data-slide_height=''  data-handle='av_slideshow'  data-interval='5'  data-class=' avia-builder-el-2  avia-builder-el-no-sibling  saude-banner '  data-el_id=''  data-css_id=''  data-scroll_down=''  data-control_layout='av-control-default'  data-custom_markup=''  data-perma_caption=''  data-autoplay_stopper=''  data-image_attachment=''  data-min_height='0px'  data-lazy_loading='disabled'  class='avia-slideshow avia-slideshow-2  av-control-default av-default-height-applied avia-slideshow-no scaling av_slideshow  avia-builder-el-2  avia-builder-el-no-sibling  saude-banner  avia-slide-slider '  itemprop=\"image\" itemscope=\"itemscope\" itemtype=\"https:\/\/schema.org\/ImageObject\" ><ul class='avia-slideshow-inner ' style='padding-bottom: 54.579025110783%;' ><li  class=' av-single-slide slide-1 ' ><div data-rel='slideshow-2' class='avia-slide-wrap '   ><div class=\"avia-caption av-slideshow-caption\"><div class=\"avia-inner-caption\"><h2  class='avia-caption-title  '  itemprop=\"name\" >Somos Fraternidade, Vem Sentir!<\/h2><\/div><\/div><img decoding=\"async\" class=\"wp-image-4272 avia-img-lazy-loading-not-4272\"  src=\"https:\/\/sebraepr.com.br\/experienciasturisticas\/wp-content\/uploads\/Somos-Fraternidade-Vem-Sentir.jpg\" width=\"1354\" height=\"739\" title='Somos Fraternidade Vem Sentir' alt=''  itemprop=\"thumbnailUrl\" srcset=\"https:\/\/sebraepr.com.br\/experienciasturisticas\/wp-content\/uploads\/Somos-Fraternidade-Vem-Sentir.jpg 1354w, https:\/\/sebraepr.com.br\/experienciasturisticas\/wp-content\/uploads\/Somos-Fraternidade-Vem-Sentir-300x164.jpg 300w, https:\/\/sebraepr.com.br\/experienciasturisticas\/wp-content\/uploads\/Somos-Fraternidade-Vem-Sentir-1030x562.jpg 1030w, https:\/\/sebraepr.com.br\/experienciasturisticas\/wp-content\/uploads\/Somos-Fraternidade-Vem-Sentir-768x419.jpg 768w, https:\/\/sebraepr.com.br\/experienciasturisticas\/wp-content\/uploads\/Somos-Fraternidade-Vem-Sentir-705x385.jpg 705w\" sizes=\"(max-width: 1354px) 100vw, 1354px\" \/><\/div><\/li><\/ul><\/div><\/div><div class='flex_column av-av_one_full-8e75852c573bb27aad5dffeb4bc3728d av_one_full  avia-builder-el-3  el_after_av_one_full  el_before_av_one_half  saude first flex_column_div  av-animated-generic pop-up column-top-margin'   ><section class=\"av_textblock_section \"  itemscope=\"itemscope\" itemtype=\"https:\/\/schema.org\/BlogPosting\" itemprop=\"blogPost\" ><div class='avia_textblock  '   itemprop=\"text\" ><p><strong>Ser jovem e sonhador, poder estudar e ter renda para isso, s\u00e3o desafios para quem se encontra em vulnerabilidade social. Mas no Complexo Terap\u00eautico Juvenil PADRE ARTURO, acolhemos a possibilidade de oportunidade a todos, mostrando caminhos para essa jornada. Nosso convite \u00e9 voc\u00ea conhecer esse projeto, com oficina de aromaterapia, visita institucional e ser a porta de entrada do sucesso desses adolescentes para um futuro consciente e sustent\u00e1vel. <\/strong><\/p>\n<\/div><\/section><\/div><div class='flex_column_table av-av_one_half-81de5cdda784845b177b747ff36888cc sc-av_one_half av-equal-height-column-flextable'><div class='flex_column av-av_one_half-81de5cdda784845b177b747ff36888cc av_one_half  avia-builder-el-5  el_after_av_one_full  el_before_av_one_half  saude first flex_column_table_cell av-equal-height-column av-align-middle  av-animated-generic bottom-to-top column-top-margin'   ><section class=\"av_textblock_section \"  itemscope=\"itemscope\" itemtype=\"https:\/\/schema.org\/BlogPosting\" itemprop=\"blogPost\" ><div class='avia_textblock  '   itemprop=\"text\" ><p><strong>Dias e hor\u00e1rios de funcionamento: <\/strong> Segunda e quarta das 14:00 as 16:30<br \/>\n<strong>O que a experi\u00eancia inclui: <\/strong> Visita institucional incluindo Jardim Arom\u00e1tico e Hidroponia, oficina de aromaterapia, souvenir artesanal e lanche tem\u00e1tico.<br \/>\n<strong>Anteced\u00eancia para reserva: <\/strong> 5 dias<br \/>\n<strong>N\u00famero m\u00ednimo e m\u00e1ximo de pessoas: <\/strong> at\u00e9 12 pessoas.<br \/>\n<strong>Indicado para: <\/strong> A todos os p\u00fablicos; Inclusive corporativo.<\/p>\n<\/div><\/section><\/div><div class='av-flex-placeholder'><\/div><div class='flex_column av-av_one_half-5dc5640faf13ac9f9a34170381389a7b av_one_half  avia-builder-el-7  el_after_av_one_half  el_before_av_one_half  cultura flex_column_table_cell av-equal-height-column av-align-middle  av-animated-generic bottom-to-top column-top-margin'   ><style type=\"text\/css\" id=\"style-css-av-av_image-ee71bfc1663e8f3a8f1ea9aae54fbe8d\">\n.avia-image-container.av-av_image-ee71bfc1663e8f3a8f1ea9aae54fbe8d .av-image-caption-overlay-center{\ncolor:#ffffff;\n}\n<\/style>\n<div  class='avia-image-container av-av_image-ee71bfc1663e8f3a8f1ea9aae54fbe8d av-styling- avia-align-center  avia-builder-el-8  avia-builder-el-no-sibling  '  itemprop=\"image\" itemscope=\"itemscope\" itemtype=\"https:\/\/schema.org\/ImageObject\" ><div class=\"avia-image-container-inner\"><div class=\"avia-image-overlay-wrap\"><img decoding=\"async\" class='wp-image-371 avia-img-lazy-loading-not-371 avia_image' src=\"https:\/\/sebraepr.com.br\/experienciasturisticas\/wp-content\/uploads\/Iguazu-Wellness.png\" alt='' title='Iguazu Wellness'  height=\"287\" width=\"400\"  itemprop=\"thumbnailUrl\" srcset=\"https:\/\/sebraepr.com.br\/experienciasturisticas\/wp-content\/uploads\/Iguazu-Wellness.png 400w, https:\/\/sebraepr.com.br\/experienciasturisticas\/wp-content\/uploads\/Iguazu-Wellness-300x215.png 300w\" sizes=\"(max-width: 400px) 100vw, 400px\" \/><\/div><\/div><\/div><\/div><\/div><!--close column table wrapper. Autoclose: 1 --><\/p>\n<div class='flex_column_table av-av_one_half-490160f7809fe7170e1f9af12f4c8f62 sc-av_one_half av-equal-height-column-flextable'><div class='flex_column av-av_one_half-490160f7809fe7170e1f9af12f4c8f62 av_one_half  avia-builder-el-9  el_after_av_one_half  el_before_av_one_half  imgars first flex_column_table_cell av-equal-height-column av-align-top  av-animated-generic bottom-to-top column-top-margin'   ><style type=\"text\/css\" id=\"style-css-av-m4vkk81y-9bfdfc29b52043ebe02058cf0c06b8cb\">\n.avia-image-container.av-m4vkk81y-9bfdfc29b52043ebe02058cf0c06b8cb .av-image-caption-overlay-center{\ncolor:#ffffff;\n}\n<\/style>\n<div  class='avia-image-container av-m4vkk81y-9bfdfc29b52043ebe02058cf0c06b8cb av-styling- avia-align-center  avia-builder-el-10  avia-builder-el-no-sibling  '  itemprop=\"image\" itemscope=\"itemscope\" itemtype=\"https:\/\/schema.org\/ImageObject\" ><div class=\"avia-image-container-inner\"><div class=\"avia-image-overlay-wrap\"><img decoding=\"async\" class='wp-image-4271 avia-img-lazy-loading-not-4271 avia_image' src=\"https:\/\/sebraepr.com.br\/experienciasturisticas\/wp-content\/uploads\/Somos-Fraternidade-Vem-Sentir2.jpg\" alt='' title='Somos Fraternidade Vem Sentir2'  height=\"809\" width=\"458\"  itemprop=\"thumbnailUrl\" srcset=\"https:\/\/sebraepr.com.br\/experienciasturisticas\/wp-content\/uploads\/Somos-Fraternidade-Vem-Sentir2.jpg 458w, https:\/\/sebraepr.com.br\/experienciasturisticas\/wp-content\/uploads\/Somos-Fraternidade-Vem-Sentir2-170x300.jpg 170w, https:\/\/sebraepr.com.br\/experienciasturisticas\/wp-content\/uploads\/Somos-Fraternidade-Vem-Sentir2-399x705.jpg 399w\" sizes=\"(max-width: 458px) 100vw, 458px\" \/><\/div><\/div><\/div><\/div><div class='av-flex-placeholder'><\/div>\n<style type=\"text\/css\" id=\"style-css-av-av_one_half-6d4706f6321f36d336d37ba357118f75\">\n.flex_column.av-av_one_half-6d4706f6321f36d336d37ba357118f75{\nborder-radius:20px 20px 20px 20px;\n-webkit-border-radius:20px 20px 20px 20px;\n-moz-border-radius:20px 20px 20px 20px;\npadding:20px 20px 20px 20px;\nbackground-color:#158184;\n}\n<\/style>\n<div class='flex_column av-av_one_half-6d4706f6321f36d336d37ba357118f75 av_one_half  avia-builder-el-11  el_after_av_one_half  avia-builder-el-last  cont-mapas flex_column_table_cell av-equal-height-column av-align-top  av-animated-generic bottom-to-top column-top-margin'   id=\"cont-mapas-li\"  ><p>\n<style type=\"text\/css\" id=\"style-css-av-av_image-a29d58427504c6282ff04e9cecc416a8\">\n.avia-image-container.av-av_image-a29d58427504c6282ff04e9cecc416a8 .av-image-caption-overlay-center{\ncolor:#ffffff;\n}\n<\/style>\n<div  class='avia-image-container av-av_image-a29d58427504c6282ff04e9cecc416a8 av-styling- av-hover-grow avia-align-center  avia-builder-el-12  el_before_av_textblock  avia-builder-el-first  '  itemprop=\"image\" itemscope=\"itemscope\" itemtype=\"https:\/\/schema.org\/ImageObject\" ><div class=\"avia-image-container-inner\"><div class=\"avia-image-overlay-wrap\"><a href=\"https:\/\/sebraepr.com.br\/experienciasturisticas\/category\/locais\/cataratas-do-iguacu-e-caminhos-ao-lago-de-itaipu\/\" class='avia_image' ><img decoding=\"async\" width=\"300\" height=\"206\" class='wp-image-248 avia-img-lazy-loading-not-248 avia_image' src=\"https:\/\/sebraepr.com.br\/experienciasturisticas\/wp-content\/uploads\/Parana-Cataratas-300x206.png\" alt='' title='Cataratas do Igua\u00e7u e Caminho ao Lago de Itaip\u00fa'  itemprop=\"thumbnailUrl\" srcset=\"https:\/\/sebraepr.com.br\/experienciasturisticas\/wp-content\/uploads\/Parana-Cataratas-300x206.png 300w, https:\/\/sebraepr.com.br\/experienciasturisticas\/wp-content\/uploads\/Parana-Cataratas.png 600w\" sizes=\"(max-width: 300px) 100vw, 300px\" \/><\/a><\/div><\/div><\/div><br \/>\n<section class=\"av_textblock_section \"  itemscope=\"itemscope\" itemtype=\"https:\/\/schema.org\/BlogPosting\" itemprop=\"blogPost\" ><div class='avia_textblock  av_inherit_color '  style='color:#ffffff; '  itemprop=\"text\" ><p><strong>Empresa:<\/strong> Iguaz\u00fa Wellness<br \/>\n<strong>Munic\u00edpio:<\/strong> Foz do Igua\u00e7u<\/p>\n<\/div><\/section><br \/>\n<section class=\"av_textblock_section \"  itemscope=\"itemscope\" itemtype=\"https:\/\/schema.org\/BlogPosting\" itemprop=\"blogPost\" ><div class='avia_textblock  av_inherit_color '  style='color:#ffffff; '  itemprop=\"text\" ><p>\n<style type=\"text\/css\" id=\"style-css-av-av_font_icon-5a31fb3f97e1c734d60dec3b7e5e8827\">\n.av_font_icon.av-av_font_icon-5a31fb3f97e1c734d60dec3b7e5e8827 .av-icon-char{\nfont-size:30px;\nline-height:30px;\n}\n<\/style>\n<span  class=\"av_font_icon av-av_font_icon-5a31fb3f97e1c734d60dec3b7e5e8827 avia_animate_when_visible av-icon-style- avia-icon-pos-left av-no-color avia-icon-animate \"><span class='av-icon-char' aria-hidden='true' data-av_icon='\ue842' data-av_iconfont='entypo-fontello' ><\/span><\/span> <a href=\"https:\/\/goo.gl\/maps\/rnMJrXqjaLsVKigWA\" target=\"_blank\" rel=\"noopener\">Rua Porto Igua\u00e7u, 250, casa 02<\/a><\/p>\n<p>\n<style type=\"text\/css\" id=\"style-css-av-av_font_icon-bd2a8b0e133824b13e0f9cc4ee22619f\">\n.av_font_icon.av-av_font_icon-bd2a8b0e133824b13e0f9cc4ee22619f .av-icon-char{\nfont-size:30px;\nline-height:30px;\n}\n<\/style>\n<span  class=\"av_font_icon av-av_font_icon-bd2a8b0e133824b13e0f9cc4ee22619f avia_animate_when_visible av-icon-style- avia-icon-pos-left av-no-color avia-icon-animate \"><span class='av-icon-char' aria-hidden='true' data-av_icon='\ue8ac' data-av_iconfont='entypo-fontello' ><\/span><\/span> (45) 9 9138-7640<\/p>\n<p>\n<style type=\"text\/css\" id=\"style-css-av-av_font_icon-3ba8aa5ee4b50f5db5e9ac4b8a999184\">\n.av_font_icon.av-av_font_icon-3ba8aa5ee4b50f5db5e9ac4b8a999184 .av-icon-char{\nfont-size:30px;\nline-height:30px;\n}\n<\/style>\n<span  class=\"av_font_icon av-av_font_icon-3ba8aa5ee4b50f5db5e9ac4b8a999184 avia_animate_when_visible av-icon-style- avia-icon-pos-left av-no-color avia-icon-animate \"><span class='av-icon-char' aria-hidden='true' data-av_icon='\uf232' data-av_iconfont='entypo-fontello' ><\/span><\/span> <a href=\"https:\/\/api.whatsapp.com\/send?phone=5545991387640&amp;text=Ol\u00e1!%20Vim%20pelo%20site%20de%20experi\u00eancias%20tur\u00edsticas%20e%20quero%20mais%20informa\u00e7\u00f5es\">5545991387640<\/a><\/p>\n<p>\n<style type=\"text\/css\" id=\"style-css-av-av_font_icon-b5e04dfcd1e8e0c66c0e451178508a65\">\n.av_font_icon.av-av_font_icon-b5e04dfcd1e8e0c66c0e451178508a65 .av-icon-char{\nfont-size:30px;\nline-height:30px;\n}\n<\/style>\n<span  class=\"av_font_icon av-av_font_icon-b5e04dfcd1e8e0c66c0e451178508a65 avia_animate_when_visible av-icon-style- avia-icon-pos-left av-no-color avia-icon-animate \"><span class='av-icon-char' aria-hidden='true' data-av_icon='\ue909' data-av_iconfont='entypo-fontello' ><\/span><\/span><a href=\"https:\/\/www.instagram.com\/iguazuwellness\/\" target=\"_blank\" rel=\"noopener\">@iguazuwellness<\/a><\/p>\n<p>\n<style type=\"text\/css\" id=\"style-css-av-av_font_icon-f2cbca62660821cddcd6fef2baa09156\">\n.av_font_icon.av-av_font_icon-f2cbca62660821cddcd6fef2baa09156 .av-icon-char{\nfont-size:30px;\nline-height:30px;\n}\n<\/style>\n<span  class=\"av_font_icon av-av_font_icon-f2cbca62660821cddcd6fef2baa09156 avia_animate_when_visible av-icon-style- avia-icon-pos-left av-no-color avia-icon-animate \"><span class='av-icon-char' aria-hidden='true' data-av_icon='\ue8ad' data-av_iconfont='entypo-fontello' ><\/span><\/span><a href=\"https:\/\/linkr.bio\/iguazuwellness\/\" target=\"_blank\" rel=\"noopener\">linkr.bio\/iguazuwellness<\/a><\/p>\n<\/div><\/section><\/p><\/div><\/div><!--close column table wrapper. Autoclose: 1 --><\/p>\n","protected":false},"excerpt":{"rendered":"<p>Ser jovem e sonhador em situa\u00e7\u00e3o de vulnerabilidade social \u00e9 um desafio, mas o Complexo Terap\u00eautico Juvenil PADRE ARTURO oferece oportunidades, com caminhos para o sucesso.<br \/>\nEmpresa: <strong>Iguaz\u00fa Wellness<\/strong><br \/>\nMunic\u00edpio: <strong>Foz do Igua\u00e7u<\/strong><\/p>\n","protected":false},"author":2,"featured_media":4271,"comment_status":"closed","ping_status":"open","sticky":false,"template":"","format":"standard","meta":{"footnotes":""},"categories":[19,4,12,5,8],"tags":[201,200],"class_list":["post-4270","post","type-post","status-publish","format-standard","has-post-thumbnail","hentry","category-cataratas-do-iguacu-e-caminhos-ao-lago-de-itaipu","category-ecoturismo-e-natureza","category-locais","category-saude-e-beleza","category-segmentos","tag-aromaterapia","tag-projeto"],"_links":{"self":[{"href":"https:\/\/sebraepr.com.br\/experienciasturisticas\/wp-json\/wp\/v2\/posts\/4270","targetHints":{"allow":["GET"]}}],"collection":[{"href":"https:\/\/sebraepr.com.br\/experienciasturisticas\/wp-json\/wp\/v2\/posts"}],"about":[{"href":"https:\/\/sebraepr.com.br\/experienciasturisticas\/wp-json\/wp\/v2\/types\/post"}],"author":[{"embeddable":true,"href":"https:\/\/sebraepr.com.br\/experienciasturisticas\/wp-json\/wp\/v2\/users\/2"}],"replies":[{"embeddable":true,"href":"https:\/\/sebraepr.com.br\/experienciasturisticas\/wp-json\/wp\/v2\/comments?post=4270"}],"version-history":[{"count":2,"href":"https:\/\/sebraepr.com.br\/experienciasturisticas\/wp-json\/wp\/v2\/posts\/4270\/revisions"}],"predecessor-version":[{"id":4274,"href":"https:\/\/sebraepr.com.br\/experienciasturisticas\/wp-json\/wp\/v2\/posts\/4270\/revisions\/4274"}],"wp:featuredmedia":[{"embeddable":true,"href":"https:\/\/sebraepr.com.br\/experienciasturisticas\/wp-json\/wp\/v2\/media\/4271"}],"wp:attachment":[{"href":"https:\/\/sebraepr.com.br\/experienciasturisticas\/wp-json\/wp\/v2\/media?parent=4270"}],"wp:term":[{"taxonomy":"category","embeddable":true,"href":"https:\/\/sebraepr.com.br\/experienciasturisticas\/wp-json\/wp\/v2\/categories?post=4270"},{"taxonomy":"post_tag","embeddable":true,"href":"https:\/\/sebraepr.com.br\/experienciasturisticas\/wp-json\/wp\/v2\/tags?post=4270"}],"curies":[{"name":"wp","href":"https:\/\/api.w.org\/{rel}","templated":true}]}}