{"id":4204,"date":"2024-12-17T10:34:07","date_gmt":"2024-12-17T13:34:07","guid":{"rendered":"https:\/\/sebraepr.com.br\/experienciasturisticas\/?p=4204"},"modified":"2024-12-17T10:34:14","modified_gmt":"2024-12-17T13:34:14","slug":"tour-de-petiscos","status":"publish","type":"post","link":"https:\/\/sebraepr.com.br\/experienciasturisticas\/tour-de-petiscos\/","title":{"rendered":"Tour de Petiscos"},"content":{"rendered":"<div id='full_slider_1'  class='avia-fullwidth-slider main_color avia-shadow   avia-builder-el-0  el_before_av_one_full  avia-builder-el-first   container_wrap sidebar_right'  ><div   data-size='no scaling'  data-lightbox_size='large'  data-animation='slide'  data-conditional_play=''  data-ids='2212'  data-video_counter='0'  data-autoplay='false'  data-bg_slider='false'  data-slide_height=''  data-handle='av_slideshow_full'  data-interval='5'  data-class=' '  data-el_id=''  data-css_id=''  data-scroll_down=''  data-control_layout='av-control-default'  data-custom_markup=''  data-perma_caption=''  data-autoplay_stopper=''  data-image_attachment=''  data-min_height='0px'  data-lazy_loading='disabled'  data-src=''  data-position='top left'  data-repeat='no-repeat'  data-attach='scroll'  data-stretch=''  class='avia-slideshow avia-slideshow-1  av-control-default av-default-height-applied avia-slideshow-no scaling av_slideshow_full   avia-slide-slider '  itemprop=\"image\" itemscope=\"itemscope\" itemtype=\"https:\/\/schema.org\/ImageObject\" ><ul class='avia-slideshow-inner ' style='padding-bottom: 9.4791666666667%;' ><li  class=' av-single-slide slide-1 ' ><div data-rel='slideshow-1' class='avia-slide-wrap '   ><img decoding=\"async\" class=\"wp-image-2212 avia-img-lazy-loading-not-2212\"  src=\"https:\/\/sebraepr.com.br\/experienciasturisticas\/wp-content\/uploads\/Top-Gastronomia.png\" width=\"1920\" height=\"182\" title='Top Gastronomia' alt=''  itemprop=\"thumbnailUrl\" srcset=\"https:\/\/sebraepr.com.br\/experienciasturisticas\/wp-content\/uploads\/Top-Gastronomia.png 1920w, https:\/\/sebraepr.com.br\/experienciasturisticas\/wp-content\/uploads\/Top-Gastronomia-300x28.png 300w, https:\/\/sebraepr.com.br\/experienciasturisticas\/wp-content\/uploads\/Top-Gastronomia-1030x98.png 1030w, https:\/\/sebraepr.com.br\/experienciasturisticas\/wp-content\/uploads\/Top-Gastronomia-768x73.png 768w, https:\/\/sebraepr.com.br\/experienciasturisticas\/wp-content\/uploads\/Top-Gastronomia-1536x146.png 1536w, https:\/\/sebraepr.com.br\/experienciasturisticas\/wp-content\/uploads\/Top-Gastronomia-1500x142.png 1500w, https:\/\/sebraepr.com.br\/experienciasturisticas\/wp-content\/uploads\/Top-Gastronomia-705x67.png 705w\" sizes=\"(max-width: 1920px) 100vw, 1920px\" \/><\/div><\/li><\/ul><\/div><\/div><div id='after_full_slider_1'  class='main_color av_default_container_wrap container_wrap sidebar_right'  ><div class='container av-section-cont-open' ><div class='template-page content  av-content-small alpha units'><div class='post-entry post-entry-type-page post-entry-4204'><div class='entry-content-wrapper clearfix'>\n<div class='flex_column av-av_one_full-557fbd3e5c92d202a51a2c4f9e35573b av_one_full  avia-builder-el-1  el_after_av_slideshow_full  el_before_av_one_full  avia-builder-el-first  cultura first flex_column_div '   ><div   data-size='no scaling'  data-lightbox_size='large'  data-animation='slide'  data-conditional_play=''  data-ids='4206'  data-video_counter='0'  data-autoplay='false'  data-bg_slider='false'  data-slide_height=''  data-handle='av_slideshow'  data-interval='5'  data-class=' avia-builder-el-2  avia-builder-el-no-sibling  gas-banner '  data-el_id=''  data-css_id=''  data-scroll_down=''  data-control_layout='av-control-default'  data-custom_markup=''  data-perma_caption=''  data-autoplay_stopper=''  data-image_attachment=''  data-min_height='0px'  data-lazy_loading='disabled'  class='avia-slideshow avia-slideshow-2  av-control-default av-default-height-applied avia-slideshow-no scaling av_slideshow  avia-builder-el-2  avia-builder-el-no-sibling  gas-banner  avia-slide-slider '  itemprop=\"image\" itemscope=\"itemscope\" itemtype=\"https:\/\/schema.org\/ImageObject\" ><ul class='avia-slideshow-inner ' style='padding-bottom: 60.418280402789%;' ><li  class=' av-single-slide slide-1 ' ><div data-rel='slideshow-2' class='avia-slide-wrap '   ><div class=\"avia-caption av-slideshow-caption\"><div class=\"avia-inner-caption\"><h2  class='avia-caption-title  '  itemprop=\"name\" >Tour de Petiscos<\/h2><\/div><\/div><img decoding=\"async\" class=\"wp-image-4206 avia-img-lazy-loading-not-4206\"  src=\"https:\/\/sebraepr.com.br\/experienciasturisticas\/wp-content\/uploads\/Tour-de-Petiscos.jpg\" width=\"1291\" height=\"780\" title='Tour de Petiscos' alt=''  itemprop=\"thumbnailUrl\" srcset=\"https:\/\/sebraepr.com.br\/experienciasturisticas\/wp-content\/uploads\/Tour-de-Petiscos.jpg 1291w, https:\/\/sebraepr.com.br\/experienciasturisticas\/wp-content\/uploads\/Tour-de-Petiscos-300x181.jpg 300w, https:\/\/sebraepr.com.br\/experienciasturisticas\/wp-content\/uploads\/Tour-de-Petiscos-1030x622.jpg 1030w, https:\/\/sebraepr.com.br\/experienciasturisticas\/wp-content\/uploads\/Tour-de-Petiscos-768x464.jpg 768w, https:\/\/sebraepr.com.br\/experienciasturisticas\/wp-content\/uploads\/Tour-de-Petiscos-705x426.jpg 705w\" sizes=\"(max-width: 1291px) 100vw, 1291px\" \/><\/div><\/li><\/ul><\/div><\/div><div class='flex_column av-av_one_full-48cecc9130ea54b22186d2d71726f40d av_one_full  avia-builder-el-3  el_after_av_one_full  el_before_av_one_half  gastronomia first flex_column_div  av-animated-generic pop-up column-top-margin'   ><section class=\"av_textblock_section \"  itemscope=\"itemscope\" itemtype=\"https:\/\/schema.org\/BlogPosting\" itemprop=\"blogPost\" ><div class='avia_textblock  '   itemprop=\"text\" ><p><strong>Uma jornada de sabores com tradi\u00e7\u00e3o e inova\u00e7\u00e3o! Apresentamos nossos 15 melhores petiscos: o famoso escondidinho, fraldinha na mostarda e mais, al\u00e9m de drinks e cervejas artesanais. Produtos locais e artesanais, em um ambiente familiar com 11 anos de hist\u00f3ria.<\/strong><\/p>\n<\/div><\/section><\/div><div class='flex_column_table av-av_one_half-35ca8c1b98a18110c271235c05581e7c sc-av_one_half av-equal-height-column-flextable'><div class='flex_column av-av_one_half-35ca8c1b98a18110c271235c05581e7c av_one_half  avia-builder-el-5  el_after_av_one_full  el_before_av_one_half  gastronomia first flex_column_table_cell av-equal-height-column av-align-middle  av-animated-generic bottom-to-top column-top-margin'   ><section class=\"av_textblock_section \"  itemscope=\"itemscope\" itemtype=\"https:\/\/schema.org\/BlogPosting\" itemprop=\"blogPost\" ><div class='avia_textblock  '   itemprop=\"text\" ><p><strong>Dias e hor\u00e1rios de funcionamento: <\/strong> O rodizio \u00e9 as quartas feiras e sabados a noite a partir das 19:45 hs<br \/>\n<strong>O que a experi\u00eancia inclui: <\/strong> Rodizio de petiscos<br \/>\n<strong>Anteced\u00eancia para reserva: <\/strong> N\u00e3o \u00e9 necess\u00e1rio<br \/>\n<strong>N\u00famero m\u00ednimo e m\u00e1ximo de pessoas: <\/strong> M\u00ednimo 2, m\u00e1ximo 40 pessoas.<br \/>\n<strong>Indicado para: <\/strong> A todo o p\u00fablico<\/p>\n<\/div><\/section><\/div><div class='av-flex-placeholder'><\/div><div class='flex_column av-av_one_half-5dc5640faf13ac9f9a34170381389a7b av_one_half  avia-builder-el-7  el_after_av_one_half  el_before_av_one_half  cultura flex_column_table_cell av-equal-height-column av-align-middle  av-animated-generic bottom-to-top column-top-margin'   ><style type=\"text\/css\" id=\"style-css-av-m4shvj1j-8ddbf5a06070c05c91f89e010eb75b9d\">\n.avia-image-container.av-m4shvj1j-8ddbf5a06070c05c91f89e010eb75b9d .av-image-caption-overlay-center{\ncolor:#ffffff;\n}\n<\/style>\n<div  class='avia-image-container av-m4shvj1j-8ddbf5a06070c05c91f89e010eb75b9d av-styling- avia-align-center  avia-builder-el-8  avia-builder-el-no-sibling  '  itemprop=\"image\" itemscope=\"itemscope\" itemtype=\"https:\/\/schema.org\/ImageObject\" ><div class=\"avia-image-container-inner\"><div class=\"avia-image-overlay-wrap\"><img decoding=\"async\" class='wp-image-4207 avia-img-lazy-loading-not-4207 avia_image' src=\"https:\/\/sebraepr.com.br\/experienciasturisticas\/wp-content\/uploads\/Academia-do-Caneco.jpg\" alt='' title='Academia do Caneco'  height=\"400\" width=\"392\"  itemprop=\"thumbnailUrl\" srcset=\"https:\/\/sebraepr.com.br\/experienciasturisticas\/wp-content\/uploads\/Academia-do-Caneco.jpg 392w, https:\/\/sebraepr.com.br\/experienciasturisticas\/wp-content\/uploads\/Academia-do-Caneco-294x300.jpg 294w, https:\/\/sebraepr.com.br\/experienciasturisticas\/wp-content\/uploads\/Academia-do-Caneco-36x36.jpg 36w\" sizes=\"(max-width: 392px) 100vw, 392px\" \/><\/div><\/div><\/div><\/div><\/div><!--close column table wrapper. Autoclose: 1 --><div class='flex_column_table av-av_one_half-d9fbda461c0ecb0bb39492d993d97c9f sc-av_one_half av-equal-height-column-flextable'><div class='flex_column av-av_one_half-d9fbda461c0ecb0bb39492d993d97c9f av_one_half  avia-builder-el-9  el_after_av_one_half  el_before_av_one_half  imgarga first flex_column_table_cell av-equal-height-column av-align-top  av-animated-generic bottom-to-top column-top-margin'   ><style type=\"text\/css\" id=\"style-css-av-m4shvs6p-b073064c8139eb26562bb78bb8819d64\">\n.avia-image-container.av-m4shvs6p-b073064c8139eb26562bb78bb8819d64 .av-image-caption-overlay-center{\ncolor:#ffffff;\n}\n<\/style>\n<div  class='avia-image-container av-m4shvs6p-b073064c8139eb26562bb78bb8819d64 av-styling- avia-align-center  avia-builder-el-10  avia-builder-el-no-sibling  '  itemprop=\"image\" itemscope=\"itemscope\" itemtype=\"https:\/\/schema.org\/ImageObject\" ><div class=\"avia-image-container-inner\"><div class=\"avia-image-overlay-wrap\"><img decoding=\"async\" class='wp-image-4205 avia-img-lazy-loading-not-4205 avia_image' src=\"https:\/\/sebraepr.com.br\/experienciasturisticas\/wp-content\/uploads\/Tour-de-Petiscos2.jpg\" alt='' title='Tour de Petiscos2'  height=\"668\" width=\"500\"  itemprop=\"thumbnailUrl\" srcset=\"https:\/\/sebraepr.com.br\/experienciasturisticas\/wp-content\/uploads\/Tour-de-Petiscos2.jpg 500w, https:\/\/sebraepr.com.br\/experienciasturisticas\/wp-content\/uploads\/Tour-de-Petiscos2-225x300.jpg 225w\" sizes=\"(max-width: 500px) 100vw, 500px\" \/><\/div><\/div><\/div><\/div><div class='av-flex-placeholder'><\/div>\n<style type=\"text\/css\" id=\"style-css-av-av_one_half-93596daf7edf3228db145efec6c4ecad\">\n.flex_column.av-av_one_half-93596daf7edf3228db145efec6c4ecad{\nborder-radius:20px 20px 20px 20px;\n-webkit-border-radius:20px 20px 20px 20px;\n-moz-border-radius:20px 20px 20px 20px;\npadding:20px 20px 20px 20px;\nbackground-color:#831927;\n}\n<\/style>\n<div class='flex_column av-av_one_half-93596daf7edf3228db145efec6c4ecad av_one_half  avia-builder-el-11  el_after_av_one_half  avia-builder-el-last  cont-mapas flex_column_table_cell av-equal-height-column av-align-top  av-animated-generic bottom-to-top column-top-margin'   id=\"cont-mapas-li\"  ><p>\n<style type=\"text\/css\" id=\"style-css-av-av_image-925968a13906859ee863ba5ccfb24430\">\n.avia-image-container.av-av_image-925968a13906859ee863ba5ccfb24430 .av-image-caption-overlay-center{\ncolor:#ffffff;\n}\n<\/style>\n<div  class='avia-image-container av-av_image-925968a13906859ee863ba5ccfb24430 av-styling- av-hover-grow avia-align-center  avia-builder-el-12  el_before_av_textblock  avia-builder-el-first  '  itemprop=\"image\" itemscope=\"itemscope\" itemtype=\"https:\/\/schema.org\/ImageObject\" ><div class=\"avia-image-container-inner\"><div class=\"avia-image-overlay-wrap\"><a href=\"https:\/\/sebraepr.com.br\/experienciasturisticas\/category\/locais\/campos-gerais\/\" class='avia_image' ><img decoding=\"async\" width=\"300\" height=\"206\" class='wp-image-247 avia-img-lazy-loading-not-247 avia_image' src=\"https:\/\/sebraepr.com.br\/experienciasturisticas\/wp-content\/uploads\/Parana-Campos-Gerais-300x206.png\" alt='' title='Paran\u00e1 Campos Gerais'  itemprop=\"thumbnailUrl\" srcset=\"https:\/\/sebraepr.com.br\/experienciasturisticas\/wp-content\/uploads\/Parana-Campos-Gerais-300x206.png 300w, https:\/\/sebraepr.com.br\/experienciasturisticas\/wp-content\/uploads\/Parana-Campos-Gerais.png 600w\" sizes=\"(max-width: 300px) 100vw, 300px\" \/><\/a><\/div><\/div><\/div><br \/>\n<section class=\"av_textblock_section \"  itemscope=\"itemscope\" itemtype=\"https:\/\/schema.org\/BlogPosting\" itemprop=\"blogPost\" ><div class='avia_textblock  av_inherit_color '  style='color:#ffffff; '  itemprop=\"text\" ><p><strong>Empresa:<\/strong> Academia do Caneco<br \/>\n<strong>Munic\u00edpio:<\/strong> Ponta Grossa<\/p>\n<\/div><\/section><br \/>\n<section class=\"av_textblock_section \"  itemscope=\"itemscope\" itemtype=\"https:\/\/schema.org\/BlogPosting\" itemprop=\"blogPost\" ><div class='avia_textblock  av_inherit_color '  style='color:#ffffff; '  itemprop=\"text\" ><p>\n<style type=\"text\/css\" id=\"style-css-av-av_font_icon-5a31fb3f97e1c734d60dec3b7e5e8827\">\n.av_font_icon.av-av_font_icon-5a31fb3f97e1c734d60dec3b7e5e8827 .av-icon-char{\nfont-size:30px;\nline-height:30px;\n}\n<\/style>\n<span  class=\"av_font_icon av-av_font_icon-5a31fb3f97e1c734d60dec3b7e5e8827 avia_animate_when_visible av-icon-style- avia-icon-pos-left av-no-color avia-icon-animate \"><span class='av-icon-char' aria-hidden='true' data-av_icon='\ue842' data-av_iconfont='entypo-fontello' ><\/span><\/span> <a href=\"https:\/\/maps.app.goo.gl\/q2nvcksSpKAHUY1S6\" target=\"_blank\" rel=\"noopener\">Rua Antonio Jo\u00e3o, 282<\/a><\/p>\n<p>\n<style type=\"text\/css\" id=\"style-css-av-av_font_icon-bd2a8b0e133824b13e0f9cc4ee22619f\">\n.av_font_icon.av-av_font_icon-bd2a8b0e133824b13e0f9cc4ee22619f .av-icon-char{\nfont-size:30px;\nline-height:30px;\n}\n<\/style>\n<span  class=\"av_font_icon av-av_font_icon-bd2a8b0e133824b13e0f9cc4ee22619f avia_animate_when_visible av-icon-style- avia-icon-pos-left av-no-color avia-icon-animate \"><span class='av-icon-char' aria-hidden='true' data-av_icon='\ue8ac' data-av_iconfont='entypo-fontello' ><\/span><\/span> (42) 99938-2121<\/p>\n<p>\n<style type=\"text\/css\" id=\"style-css-av-av_font_icon-3ba8aa5ee4b50f5db5e9ac4b8a999184\">\n.av_font_icon.av-av_font_icon-3ba8aa5ee4b50f5db5e9ac4b8a999184 .av-icon-char{\nfont-size:30px;\nline-height:30px;\n}\n<\/style>\n<span  class=\"av_font_icon av-av_font_icon-3ba8aa5ee4b50f5db5e9ac4b8a999184 avia_animate_when_visible av-icon-style- avia-icon-pos-left av-no-color avia-icon-animate \"><span class='av-icon-char' aria-hidden='true' data-av_icon='\uf232' data-av_iconfont='entypo-fontello' ><\/span><\/span> <a href=\"https:\/\/api.whatsapp.com\/send?phone=5542999382121&amp;text=Ol\u00e1!%20Vim%20pelo%20site%20de%20experi\u00eancias%20tur\u00edsticas%20e%20quero%20mais%20informa\u00e7\u00f5es\">5542999382121<\/a><\/p>\n<p>\n<style type=\"text\/css\" id=\"style-css-av-av_font_icon-b5e04dfcd1e8e0c66c0e451178508a65\">\n.av_font_icon.av-av_font_icon-b5e04dfcd1e8e0c66c0e451178508a65 .av-icon-char{\nfont-size:30px;\nline-height:30px;\n}\n<\/style>\n<span  class=\"av_font_icon av-av_font_icon-b5e04dfcd1e8e0c66c0e451178508a65 avia_animate_when_visible av-icon-style- avia-icon-pos-left av-no-color avia-icon-animate \"><span class='av-icon-char' aria-hidden='true' data-av_icon='\ue909' data-av_iconfont='entypo-fontello' ><\/span><\/span><a href=\"https:\/\/www.instagram.com\/academiadocaneco\/\" target=\"_blank\" rel=\"noopener\">@academiadocaneco<\/a><\/p>\n<p>\n<style type=\"text\/css\" id=\"style-css-av-av_font_icon-db3a616d684c371f0f73169020833d16\">\n.av_font_icon.av-av_font_icon-db3a616d684c371f0f73169020833d16 .av-icon-char{\nfont-size:30px;\nline-height:30px;\n}\n<\/style>\n<span  class=\"av_font_icon av-av_font_icon-db3a616d684c371f0f73169020833d16 avia_animate_when_visible av-icon-style- avia-icon-pos-left av-no-color avia-icon-animate \"><span class='av-icon-char' aria-hidden='true' data-av_icon='\ue8f5' data-av_iconfont='entypo-fontello' ><\/span><\/span><a href=\"https:\/\/facebook.com\/academiadocaneco\/\" target=\"_blank\" rel=\"noopener\">\/academiadocaneco<\/a><\/p>\n<\/div><\/section><\/p><\/div><\/div><!--close column table wrapper. Autoclose: 1 --><\/p>\n","protected":false},"excerpt":{"rendered":"<p>Uma jornada de sabores com tradi\u00e7\u00e3o e inova\u00e7\u00e3o!<br \/>\nEmpresa: <strong>Academia do Caneco<\/strong><br \/>\nMunic\u00edpio: <strong>Ponta Grossa<\/strong><\/p>\n","protected":false},"author":2,"featured_media":4205,"comment_status":"closed","ping_status":"open","sticky":false,"template":"","format":"standard","meta":{"footnotes":""},"categories":[21,2,12,8],"tags":[198,197],"class_list":["post-4204","post","type-post","status-publish","format-standard","has-post-thumbnail","hentry","category-campos-gerais","category-gastronomia","category-locais","category-segmentos","tag-petiscos","tag-rodizio"],"_links":{"self":[{"href":"https:\/\/sebraepr.com.br\/experienciasturisticas\/wp-json\/wp\/v2\/posts\/4204","targetHints":{"allow":["GET"]}}],"collection":[{"href":"https:\/\/sebraepr.com.br\/experienciasturisticas\/wp-json\/wp\/v2\/posts"}],"about":[{"href":"https:\/\/sebraepr.com.br\/experienciasturisticas\/wp-json\/wp\/v2\/types\/post"}],"author":[{"embeddable":true,"href":"https:\/\/sebraepr.com.br\/experienciasturisticas\/wp-json\/wp\/v2\/users\/2"}],"replies":[{"embeddable":true,"href":"https:\/\/sebraepr.com.br\/experienciasturisticas\/wp-json\/wp\/v2\/comments?post=4204"}],"version-history":[{"count":2,"href":"https:\/\/sebraepr.com.br\/experienciasturisticas\/wp-json\/wp\/v2\/posts\/4204\/revisions"}],"predecessor-version":[{"id":4209,"href":"https:\/\/sebraepr.com.br\/experienciasturisticas\/wp-json\/wp\/v2\/posts\/4204\/revisions\/4209"}],"wp:featuredmedia":[{"embeddable":true,"href":"https:\/\/sebraepr.com.br\/experienciasturisticas\/wp-json\/wp\/v2\/media\/4205"}],"wp:attachment":[{"href":"https:\/\/sebraepr.com.br\/experienciasturisticas\/wp-json\/wp\/v2\/media?parent=4204"}],"wp:term":[{"taxonomy":"category","embeddable":true,"href":"https:\/\/sebraepr.com.br\/experienciasturisticas\/wp-json\/wp\/v2\/categories?post=4204"},{"taxonomy":"post_tag","embeddable":true,"href":"https:\/\/sebraepr.com.br\/experienciasturisticas\/wp-json\/wp\/v2\/tags?post=4204"}],"curies":[{"name":"wp","href":"https:\/\/api.w.org\/{rel}","templated":true}]}}