{"id":4185,"date":"2024-12-17T09:37:16","date_gmt":"2024-12-17T12:37:16","guid":{"rendered":"https:\/\/sebraepr.com.br\/experienciasturisticas\/?p=4185"},"modified":"2025-08-01T09:16:56","modified_gmt":"2025-08-01T12:16:56","slug":"pizza-de-barreado-gostinho-do-litoral-em-forma-de-pizza","status":"publish","type":"post","link":"https:\/\/sebraepr.com.br\/experienciasturisticas\/pizza-de-barreado-gostinho-do-litoral-em-forma-de-pizza\/","title":{"rendered":"Pizza de Barreado &#8211; Gostinho do litoral em forma de pizza"},"content":{"rendered":"<div id='full_slider_1'  class='avia-fullwidth-slider main_color avia-shadow   avia-builder-el-0  el_before_av_one_full  avia-builder-el-first   container_wrap sidebar_right'  ><div   data-size='no scaling'  data-lightbox_size='large'  data-animation='slide'  data-conditional_play=''  data-ids='2212'  data-video_counter='0'  data-autoplay='false'  data-bg_slider='false'  data-slide_height=''  data-handle='av_slideshow_full'  data-interval='5'  data-class=' '  data-el_id=''  data-css_id=''  data-scroll_down=''  data-control_layout='av-control-default'  data-custom_markup=''  data-perma_caption=''  data-autoplay_stopper=''  data-image_attachment=''  data-min_height='0px'  data-lazy_loading='disabled'  data-src=''  data-position='top left'  data-repeat='no-repeat'  data-attach='scroll'  data-stretch=''  class='avia-slideshow avia-slideshow-1  av-control-default av-default-height-applied avia-slideshow-no scaling av_slideshow_full   avia-slide-slider '  itemprop=\"image\" itemscope=\"itemscope\" itemtype=\"https:\/\/schema.org\/ImageObject\" ><ul class='avia-slideshow-inner ' style='padding-bottom: 9.4791666666667%;' ><li  class=' av-single-slide slide-1 ' ><div data-rel='slideshow-1' class='avia-slide-wrap '   ><img decoding=\"async\" class=\"wp-image-2212 avia-img-lazy-loading-not-2212\"  src=\"https:\/\/sebraepr.com.br\/experienciasturisticas\/wp-content\/uploads\/Top-Gastronomia.png\" width=\"1920\" height=\"182\" title='Top Gastronomia' alt=''  itemprop=\"thumbnailUrl\" srcset=\"https:\/\/sebraepr.com.br\/experienciasturisticas\/wp-content\/uploads\/Top-Gastronomia.png 1920w, https:\/\/sebraepr.com.br\/experienciasturisticas\/wp-content\/uploads\/Top-Gastronomia-300x28.png 300w, https:\/\/sebraepr.com.br\/experienciasturisticas\/wp-content\/uploads\/Top-Gastronomia-1030x98.png 1030w, https:\/\/sebraepr.com.br\/experienciasturisticas\/wp-content\/uploads\/Top-Gastronomia-768x73.png 768w, https:\/\/sebraepr.com.br\/experienciasturisticas\/wp-content\/uploads\/Top-Gastronomia-1536x146.png 1536w, https:\/\/sebraepr.com.br\/experienciasturisticas\/wp-content\/uploads\/Top-Gastronomia-1500x142.png 1500w, https:\/\/sebraepr.com.br\/experienciasturisticas\/wp-content\/uploads\/Top-Gastronomia-705x67.png 705w\" sizes=\"(max-width: 1920px) 100vw, 1920px\" \/><\/div><\/li><\/ul><\/div><\/div><div id='after_full_slider_1'  class='main_color av_default_container_wrap container_wrap sidebar_right'  ><div class='container av-section-cont-open' ><div class='template-page content  av-content-small alpha units'><div class='post-entry post-entry-type-page post-entry-4185'><div class='entry-content-wrapper clearfix'>\n<div class='flex_column av-1uiund-a53b41a8a8812b29da7e51927aced3b9 av_one_full  avia-builder-el-1  el_after_av_slideshow_full  el_before_av_one_full  avia-builder-el-first  cultura first flex_column_div '   ><div   data-size='no scaling'  data-lightbox_size='large'  data-animation='slide'  data-conditional_play=''  data-ids='4187'  data-video_counter='0'  data-autoplay='false'  data-bg_slider='false'  data-slide_height=''  data-handle='av_slideshow'  data-interval='5'  data-class=' avia-builder-el-2  avia-builder-el-no-sibling  gas-banner '  data-el_id=''  data-css_id=''  data-scroll_down=''  data-control_layout='av-control-default'  data-custom_markup=''  data-perma_caption=''  data-autoplay_stopper=''  data-image_attachment=''  data-min_height='0px'  data-lazy_loading='disabled'  class='avia-slideshow avia-slideshow-2  av-control-default av-default-height-applied avia-slideshow-no scaling av_slideshow  avia-builder-el-2  avia-builder-el-no-sibling  gas-banner  avia-slide-slider '  itemprop=\"image\" itemscope=\"itemscope\" itemtype=\"https:\/\/schema.org\/ImageObject\" ><ul class='avia-slideshow-inner ' style='padding-bottom: 70.777777777778%;' ><li  class=' av-single-slide slide-1 ' ><div data-rel='slideshow-2' class='avia-slide-wrap '   ><div class=\"avia-caption av-slideshow-caption\"><div class=\"avia-inner-caption\"><h2  class='avia-caption-title  '  itemprop=\"name\" >Pizza de Barreado<\/h2><div class='avia-caption-content  '  itemprop=\"description\"  ><p>Gostinho do litoral em forma de pizza<\/p>\n<\/div><\/div><\/div><img decoding=\"async\" class=\"wp-image-4187 avia-img-lazy-loading-not-4187\"  src=\"https:\/\/sebraepr.com.br\/experienciasturisticas\/wp-content\/uploads\/Pizza-de-Barreado.jpg\" width=\"900\" height=\"637\" title='Pizza de Barreado' alt=''  itemprop=\"thumbnailUrl\" srcset=\"https:\/\/sebraepr.com.br\/experienciasturisticas\/wp-content\/uploads\/Pizza-de-Barreado.jpg 900w, https:\/\/sebraepr.com.br\/experienciasturisticas\/wp-content\/uploads\/Pizza-de-Barreado-300x212.jpg 300w, https:\/\/sebraepr.com.br\/experienciasturisticas\/wp-content\/uploads\/Pizza-de-Barreado-768x544.jpg 768w, https:\/\/sebraepr.com.br\/experienciasturisticas\/wp-content\/uploads\/Pizza-de-Barreado-260x185.jpg 260w, https:\/\/sebraepr.com.br\/experienciasturisticas\/wp-content\/uploads\/Pizza-de-Barreado-705x499.jpg 705w\" sizes=\"(max-width: 900px) 100vw, 900px\" \/><\/div><\/li><\/ul><\/div><\/div>\n<div class='flex_column av-hwaqy1-29d437726eb4d1909a82cc7dab9b3446 av_one_full  avia-builder-el-3  el_after_av_one_full  el_before_av_one_half  gastronomia first flex_column_div  av-animated-generic pop-up column-top-margin'   ><section class=\"av_textblock_section \"  itemscope=\"itemscope\" itemtype=\"https:\/\/schema.org\/BlogPosting\" itemprop=\"blogPost\" ><div class='avia_textblock  '   itemprop=\"text\" ><p><strong>O Barreado, prato t\u00edpico do Litoral do Paran\u00e1 e Patrim\u00f4nio Imaterial do Paran\u00e1, foi disseminado no Entrudo (Carnaval do s\u00e9c XVII), como forma de repor a energia dos foli\u00f5es. E \u00e9 a receita tradicional do Barreado com a sua Hist\u00f3ria que voc\u00ea ir\u00e1 provar em forma de Pizza no Emp\u00f3rio da Pizza.<\/strong><\/p>\n<\/div><\/section><\/div>\n<div class='flex_column_table av-ggpjdl-f732b7023d926ec9c76c644dd8d58a44 sc-av_one_half av-equal-height-column-flextable'><div class='flex_column av-ggpjdl-f732b7023d926ec9c76c644dd8d58a44 av_one_half  avia-builder-el-5  el_after_av_one_full  el_before_av_one_half  gastronomia first flex_column_table_cell av-equal-height-column av-align-middle  av-animated-generic bottom-to-top column-top-margin'   ><section class=\"av_textblock_section \"  itemscope=\"itemscope\" itemtype=\"https:\/\/schema.org\/BlogPosting\" itemprop=\"blogPost\" ><div class='avia_textblock  '   itemprop=\"text\" ><p><strong>Dias e hor\u00e1rios de funcionamento:<\/strong> A experi\u00eancia est\u00e1 dispon\u00edvel nas duas semanas que antecedem o Carnaval e nas duas semanas posteriores ao Carnaval. Todos os dias destas semanas, das 18:00h \u00e0s 23:00h.<br \/>\n<strong>O que a experi\u00eancia inclui: <\/strong> shot cacha\u00e7a de banana, pizza, bala de banana<br \/>\n<strong>Anteced\u00eancia para reserva: <\/strong> N\u00e3o necessita<br \/>\n<strong>N\u00famero m\u00ednimo e m\u00e1ximo de pessoas: <\/strong> m\u00e1ximo 44 pessoas<br \/>\n<strong>Indicado para: <\/strong> Todos os P\u00fablicos<\/p>\n<\/div><\/section><\/div><div class='av-flex-placeholder'><\/div><div class='flex_column av-elt24p-bbd004243c11bfbfa0b4c3ef483dbbbd av_one_half  avia-builder-el-7  el_after_av_one_half  el_before_av_one_half  cultura flex_column_table_cell av-equal-height-column av-align-middle  av-animated-generic bottom-to-top column-top-margin'   ><style type=\"text\/css\" id=\"style-css-av-m4sg0g5r-502b4a38ed7f2a350d42f017437ad371\">\n.avia-image-container.av-m4sg0g5r-502b4a38ed7f2a350d42f017437ad371 .av-image-caption-overlay-center{\ncolor:#ffffff;\n}\n<\/style>\n<div  class='avia-image-container av-m4sg0g5r-502b4a38ed7f2a350d42f017437ad371 av-styling- avia-align-center  avia-builder-el-8  avia-builder-el-no-sibling  '  itemprop=\"image\" itemscope=\"itemscope\" itemtype=\"https:\/\/schema.org\/ImageObject\" ><div class=\"avia-image-container-inner\"><div class=\"avia-image-overlay-wrap\"><img decoding=\"async\" class='wp-image-4188 avia-img-lazy-loading-not-4188 avia_image' src=\"https:\/\/sebraepr.com.br\/experienciasturisticas\/wp-content\/uploads\/Emporio-da-Pizza.jpg\" alt='' title='Emporio da Pizza'  height=\"252\" width=\"400\"  itemprop=\"thumbnailUrl\" srcset=\"https:\/\/sebraepr.com.br\/experienciasturisticas\/wp-content\/uploads\/Emporio-da-Pizza.jpg 400w, https:\/\/sebraepr.com.br\/experienciasturisticas\/wp-content\/uploads\/Emporio-da-Pizza-300x189.jpg 300w\" sizes=\"(max-width: 400px) 100vw, 400px\" \/><\/div><\/div><\/div><\/div><\/div><!--close column table wrapper. Autoclose: 1 --><\/p>\n<div class='flex_column_table av-bteayh-6b27be005817f78ed358051c84efe8c4 sc-av_one_half av-equal-height-column-flextable'><div class='flex_column av-bteayh-6b27be005817f78ed358051c84efe8c4 av_one_half  avia-builder-el-9  el_after_av_one_half  el_before_av_one_half  imgarga first flex_column_table_cell av-equal-height-column av-align-top  av-animated-generic bottom-to-top column-top-margin'   ><style type=\"text\/css\" id=\"style-css-av-m4sg0mq8-a9491ae65c84da67e17a62e92e5bc21b\">\n.avia-image-container.av-m4sg0mq8-a9491ae65c84da67e17a62e92e5bc21b .av-image-caption-overlay-center{\ncolor:#ffffff;\n}\n<\/style>\n<div  class='avia-image-container av-m4sg0mq8-a9491ae65c84da67e17a62e92e5bc21b av-styling- avia-align-center  avia-builder-el-10  avia-builder-el-no-sibling  '  itemprop=\"image\" itemscope=\"itemscope\" itemtype=\"https:\/\/schema.org\/ImageObject\" ><div class=\"avia-image-container-inner\"><div class=\"avia-image-overlay-wrap\"><img decoding=\"async\" class='wp-image-4186 avia-img-lazy-loading-not-4186 avia_image' src=\"https:\/\/sebraepr.com.br\/experienciasturisticas\/wp-content\/uploads\/Pizza-de-Barreado2.jpg\" alt='' title='Pizza de Barreado2'  height=\"781\" width=\"580\"  itemprop=\"thumbnailUrl\" srcset=\"https:\/\/sebraepr.com.br\/experienciasturisticas\/wp-content\/uploads\/Pizza-de-Barreado2.jpg 580w, https:\/\/sebraepr.com.br\/experienciasturisticas\/wp-content\/uploads\/Pizza-de-Barreado2-223x300.jpg 223w, https:\/\/sebraepr.com.br\/experienciasturisticas\/wp-content\/uploads\/Pizza-de-Barreado2-524x705.jpg 524w\" sizes=\"(max-width: 580px) 100vw, 580px\" \/><\/div><\/div><\/div><\/div>\n<div class='av-flex-placeholder'><\/div>\n<style type=\"text\/css\" id=\"style-css-av-bik7qx-8ee90add9cf43c0d606eb463336a1499\">\n.flex_column.av-bik7qx-8ee90add9cf43c0d606eb463336a1499{\nborder-radius:20px 20px 20px 20px;\n-webkit-border-radius:20px 20px 20px 20px;\n-moz-border-radius:20px 20px 20px 20px;\npadding:20px 20px 20px 20px;\nbackground-color:#831927;\n}\n<\/style>\n<div class='flex_column av-bik7qx-8ee90add9cf43c0d606eb463336a1499 av_one_half  avia-builder-el-11  el_after_av_one_half  avia-builder-el-last  cont-mapas flex_column_table_cell av-equal-height-column av-align-top  av-animated-generic bottom-to-top column-top-margin'   id=\"cont-mapas-li\"  ><p>\n<style type=\"text\/css\" id=\"style-css-av-wucyh-cdf8202917837bfaecda12a22880d64d\">\n.avia-image-container.av-wucyh-cdf8202917837bfaecda12a22880d64d .av-image-caption-overlay-center{\ncolor:#ffffff;\n}\n<\/style>\n<div  class='avia-image-container av-wucyh-cdf8202917837bfaecda12a22880d64d av-styling- av-hover-grow avia-align-center  avia-builder-el-12  el_before_av_textblock  avia-builder-el-first  '  itemprop=\"image\" itemscope=\"itemscope\" itemtype=\"https:\/\/schema.org\/ImageObject\" ><div class=\"avia-image-container-inner\"><div class=\"avia-image-overlay-wrap\"><a href=\"https:\/\/sebraepr.com.br\/experienciasturisticas\/category\/locais\/campos-gerais\/\" class='avia_image' ><img decoding=\"async\" width=\"300\" height=\"206\" class='wp-image-247 avia-img-lazy-loading-not-247 avia_image' src=\"https:\/\/sebraepr.com.br\/experienciasturisticas\/wp-content\/uploads\/Parana-Campos-Gerais-300x206.png\" alt='' title='Paran\u00e1 Campos Gerais'  itemprop=\"thumbnailUrl\" srcset=\"https:\/\/sebraepr.com.br\/experienciasturisticas\/wp-content\/uploads\/Parana-Campos-Gerais-300x206.png 300w, https:\/\/sebraepr.com.br\/experienciasturisticas\/wp-content\/uploads\/Parana-Campos-Gerais.png 600w\" sizes=\"(max-width: 300px) 100vw, 300px\" \/><\/a><\/div><\/div><\/div><br \/>\n<section class=\"av_textblock_section \"  itemscope=\"itemscope\" itemtype=\"https:\/\/schema.org\/BlogPosting\" itemprop=\"blogPost\" ><div class='avia_textblock  av_inherit_color '  style='color:#ffffff; '  itemprop=\"text\" ><p><strong>Empresa:<\/strong> Emp\u00f3rio da Pizza<br \/>\n<strong>Munic\u00edpio:<\/strong> Ponta Grossa<\/p>\n<\/div><\/section><br \/>\n<section class=\"av_textblock_section \"  itemscope=\"itemscope\" itemtype=\"https:\/\/schema.org\/BlogPosting\" itemprop=\"blogPost\" ><div class='avia_textblock  av_inherit_color '  style='color:#ffffff; '  itemprop=\"text\" ><p>\n<style type=\"text\/css\" id=\"style-css-av-86wqax-ae19fee2c68f43b24385b37f6b80ed0b\">\n.av_font_icon.av-86wqax-ae19fee2c68f43b24385b37f6b80ed0b .av-icon-char{\nfont-size:30px;\nline-height:30px;\n}\n<\/style>\n<span  class=\"av_font_icon av-86wqax-ae19fee2c68f43b24385b37f6b80ed0b avia_animate_when_visible av-icon-style- avia-icon-pos-left av-no-color avia-icon-animate \"><span class='av-icon-char' aria-hidden='true' data-av_icon='\ue842' data-av_iconfont='entypo-fontello' ><\/span><\/span> <a href=\"https:\/\/maps.app.goo.gl\/imgMrJUBykHwGSMB9\" target=\"_blank\" rel=\"noopener\">Rua Prefeito Bras\u00edlio Ribas, 464<\/a><\/p>\n<p>\n<style type=\"text\/css\" id=\"style-css-av-5p0pe1-98ee2a104d88a34841097e32a30d8a54\">\n.av_font_icon.av-5p0pe1-98ee2a104d88a34841097e32a30d8a54 .av-icon-char{\nfont-size:30px;\nline-height:30px;\n}\n<\/style>\n<span  class=\"av_font_icon av-5p0pe1-98ee2a104d88a34841097e32a30d8a54 avia_animate_when_visible av-icon-style- avia-icon-pos-left av-no-color avia-icon-animate \"><span class='av-icon-char' aria-hidden='true' data-av_icon='\ue8ac' data-av_iconfont='entypo-fontello' ><\/span><\/span> (42) 3027-5757<\/p>\n<p>\n<style type=\"text\/css\" id=\"style-css-av-492mux-cc13e2ccbf2f061de5831d2b1923b907\">\n.av_font_icon.av-492mux-cc13e2ccbf2f061de5831d2b1923b907 .av-icon-char{\nfont-size:30px;\nline-height:30px;\n}\n<\/style>\n<span  class=\"av_font_icon av-492mux-cc13e2ccbf2f061de5831d2b1923b907 avia_animate_when_visible av-icon-style- avia-icon-pos-left av-no-color avia-icon-animate \"><span class='av-icon-char' aria-hidden='true' data-av_icon='\uf232' data-av_iconfont='entypo-fontello' ><\/span><\/span> <a href=\"https:\/\/api.whatsapp.com\/send?phone=5542984223667&amp;text=Ol\u00e1!%20Vim%20pelo%20site%20de%20experi\u00eancias%20tur\u00edsticas%20e%20quero%20mais%20informa\u00e7\u00f5es\">5542984223667<\/a><\/p>\n<p>\n<style type=\"text\/css\" id=\"style-css-av-9ag9l-cfe7cf61eca1c93f49cab3964c405414\">\n.av_font_icon.av-9ag9l-cfe7cf61eca1c93f49cab3964c405414 .av-icon-char{\nfont-size:30px;\nline-height:30px;\n}\n<\/style>\n<span  class=\"av_font_icon av-9ag9l-cfe7cf61eca1c93f49cab3964c405414 avia_animate_when_visible av-icon-style- avia-icon-pos-left av-no-color avia-icon-animate \"><span class='av-icon-char' aria-hidden='true' data-av_icon='\ue909' data-av_iconfont='entypo-fontello' ><\/span><\/span><a href=\"https:\/\/www.instagram.com\/emporiodapizzapg\/\" target=\"_blank\" rel=\"noopener\">@emporiodapizzapg<\/a><\/p>\n<\/div><\/section><\/p><\/div><\/div><!--close column table wrapper. Autoclose: 1 -->\n","protected":false},"excerpt":{"rendered":"<p>Prove a receita tradicional do Barreado em forma de Pizza!<br \/>\nEmpresa: <strong>Emp\u00f3rio da Pizza<\/strong><br \/>\nMunic\u00edpio: <strong>Ponta Grossa<\/strong><\/p>\n","protected":false},"author":2,"featured_media":4186,"comment_status":"closed","ping_status":"open","sticky":false,"template":"","format":"standard","meta":{"footnotes":""},"categories":[21,2,12,8],"tags":[194,193],"class_list":["post-4185","post","type-post","status-publish","format-standard","has-post-thumbnail","hentry","category-campos-gerais","category-gastronomia","category-locais","category-segmentos","tag-barreado","tag-pizza"],"_links":{"self":[{"href":"https:\/\/sebraepr.com.br\/experienciasturisticas\/wp-json\/wp\/v2\/posts\/4185","targetHints":{"allow":["GET"]}}],"collection":[{"href":"https:\/\/sebraepr.com.br\/experienciasturisticas\/wp-json\/wp\/v2\/posts"}],"about":[{"href":"https:\/\/sebraepr.com.br\/experienciasturisticas\/wp-json\/wp\/v2\/types\/post"}],"author":[{"embeddable":true,"href":"https:\/\/sebraepr.com.br\/experienciasturisticas\/wp-json\/wp\/v2\/users\/2"}],"replies":[{"embeddable":true,"href":"https:\/\/sebraepr.com.br\/experienciasturisticas\/wp-json\/wp\/v2\/comments?post=4185"}],"version-history":[{"count":3,"href":"https:\/\/sebraepr.com.br\/experienciasturisticas\/wp-json\/wp\/v2\/posts\/4185\/revisions"}],"predecessor-version":[{"id":4190,"href":"https:\/\/sebraepr.com.br\/experienciasturisticas\/wp-json\/wp\/v2\/posts\/4185\/revisions\/4190"}],"wp:featuredmedia":[{"embeddable":true,"href":"https:\/\/sebraepr.com.br\/experienciasturisticas\/wp-json\/wp\/v2\/media\/4186"}],"wp:attachment":[{"href":"https:\/\/sebraepr.com.br\/experienciasturisticas\/wp-json\/wp\/v2\/media?parent=4185"}],"wp:term":[{"taxonomy":"category","embeddable":true,"href":"https:\/\/sebraepr.com.br\/experienciasturisticas\/wp-json\/wp\/v2\/categories?post=4185"},{"taxonomy":"post_tag","embeddable":true,"href":"https:\/\/sebraepr.com.br\/experienciasturisticas\/wp-json\/wp\/v2\/tags?post=4185"}],"curies":[{"name":"wp","href":"https:\/\/api.w.org\/{rel}","templated":true}]}}