{"id":4147,"date":"2024-12-16T11:53:30","date_gmt":"2024-12-16T14:53:30","guid":{"rendered":"https:\/\/sebraepr.com.br\/experienciasturisticas\/?p=4147"},"modified":"2025-08-01T09:23:24","modified_gmt":"2025-08-01T12:23:24","slug":"happy-sunset","status":"publish","type":"post","link":"https:\/\/sebraepr.com.br\/experienciasturisticas\/happy-sunset\/","title":{"rendered":"Happy Sunset"},"content":{"rendered":"<div id='full_slider_1'  class='avia-fullwidth-slider main_color avia-shadow   avia-builder-el-0  el_before_av_one_full  avia-builder-el-first   container_wrap sidebar_right'  ><div   data-size='no scaling'  data-lightbox_size='large'  data-animation='slide'  data-conditional_play=''  data-ids='2212'  data-video_counter='0'  data-autoplay='false'  data-bg_slider='false'  data-slide_height=''  data-handle='av_slideshow_full'  data-interval='5'  data-class=' '  data-el_id=''  data-css_id=''  data-scroll_down=''  data-control_layout='av-control-default'  data-custom_markup=''  data-perma_caption=''  data-autoplay_stopper=''  data-image_attachment=''  data-min_height='0px'  data-lazy_loading='disabled'  data-src=''  data-position='top left'  data-repeat='no-repeat'  data-attach='scroll'  data-stretch=''  class='avia-slideshow avia-slideshow-1  av-control-default av-default-height-applied avia-slideshow-no scaling av_slideshow_full   avia-slide-slider '  itemprop=\"image\" itemscope=\"itemscope\" itemtype=\"https:\/\/schema.org\/ImageObject\" ><ul class='avia-slideshow-inner ' style='padding-bottom: 9.4791666666667%;' ><li  class=' av-single-slide slide-1 ' ><div data-rel='slideshow-1' class='avia-slide-wrap '   ><img decoding=\"async\" class=\"wp-image-2212 avia-img-lazy-loading-not-2212\"  src=\"https:\/\/sebraepr.com.br\/experienciasturisticas\/wp-content\/uploads\/Top-Gastronomia.png\" width=\"1920\" height=\"182\" title='Top Gastronomia' alt=''  itemprop=\"thumbnailUrl\" srcset=\"https:\/\/sebraepr.com.br\/experienciasturisticas\/wp-content\/uploads\/Top-Gastronomia.png 1920w, https:\/\/sebraepr.com.br\/experienciasturisticas\/wp-content\/uploads\/Top-Gastronomia-300x28.png 300w, https:\/\/sebraepr.com.br\/experienciasturisticas\/wp-content\/uploads\/Top-Gastronomia-1030x98.png 1030w, https:\/\/sebraepr.com.br\/experienciasturisticas\/wp-content\/uploads\/Top-Gastronomia-768x73.png 768w, https:\/\/sebraepr.com.br\/experienciasturisticas\/wp-content\/uploads\/Top-Gastronomia-1536x146.png 1536w, https:\/\/sebraepr.com.br\/experienciasturisticas\/wp-content\/uploads\/Top-Gastronomia-1500x142.png 1500w, https:\/\/sebraepr.com.br\/experienciasturisticas\/wp-content\/uploads\/Top-Gastronomia-705x67.png 705w\" sizes=\"(max-width: 1920px) 100vw, 1920px\" \/><\/div><\/li><\/ul><\/div><\/div><div id='after_full_slider_1'  class='main_color av_default_container_wrap container_wrap sidebar_right'  ><div class='container av-section-cont-open' ><div class='template-page content  av-content-small alpha units'><div class='post-entry post-entry-type-page post-entry-4147'><div class='entry-content-wrapper clearfix'>\n<div class='flex_column av-ldlf6b-67c9945fa304d1aa6537feea2bc77252 av_one_full  avia-builder-el-1  el_after_av_slideshow_full  el_before_av_one_full  avia-builder-el-first  cultura first flex_column_div '   ><div   data-size='no scaling'  data-lightbox_size='large'  data-animation='slide'  data-conditional_play=''  data-ids='4148'  data-video_counter='0'  data-autoplay='false'  data-bg_slider='false'  data-slide_height=''  data-handle='av_slideshow'  data-interval='5'  data-class=' avia-builder-el-2  avia-builder-el-no-sibling  gas-banner '  data-el_id=''  data-css_id=''  data-scroll_down=''  data-control_layout='av-control-default'  data-custom_markup=''  data-perma_caption=''  data-autoplay_stopper=''  data-image_attachment=''  data-min_height='0px'  data-lazy_loading='disabled'  class='avia-slideshow avia-slideshow-2  av-control-default av-default-height-applied avia-slideshow-no scaling av_slideshow  avia-builder-el-2  avia-builder-el-no-sibling  gas-banner  avia-slide-slider '  itemprop=\"image\" itemscope=\"itemscope\" itemtype=\"https:\/\/schema.org\/ImageObject\" ><ul class='avia-slideshow-inner ' style='padding-bottom: 59.024390243902%;' ><li  class=' av-single-slide slide-1 ' ><div data-rel='slideshow-2' class='avia-slide-wrap '   ><div class=\"avia-caption av-slideshow-caption\"><div class=\"avia-inner-caption\"><h2  class='avia-caption-title  '  itemprop=\"name\" >Happy Sunset<\/h2><\/div><\/div><img decoding=\"async\" class=\"wp-image-4148 avia-img-lazy-loading-not-4148\"  src=\"https:\/\/sebraepr.com.br\/experienciasturisticas\/wp-content\/uploads\/Happy-Sunset.jpg\" width=\"1025\" height=\"605\" title='Happy Sunset' alt=''  itemprop=\"thumbnailUrl\" srcset=\"https:\/\/sebraepr.com.br\/experienciasturisticas\/wp-content\/uploads\/Happy-Sunset.jpg 1025w, https:\/\/sebraepr.com.br\/experienciasturisticas\/wp-content\/uploads\/Happy-Sunset-300x177.jpg 300w, https:\/\/sebraepr.com.br\/experienciasturisticas\/wp-content\/uploads\/Happy-Sunset-768x453.jpg 768w, https:\/\/sebraepr.com.br\/experienciasturisticas\/wp-content\/uploads\/Happy-Sunset-705x416.jpg 705w\" sizes=\"(max-width: 1025px) 100vw, 1025px\" \/><\/div><\/li><\/ul><\/div><\/div>\n<div class='flex_column av-jbjydv-5216f6cbd2fd27f08914f610bf468474 av_one_full  avia-builder-el-3  el_after_av_one_full  el_before_av_one_half  gastronomia first flex_column_div  av-animated-generic pop-up column-top-margin'   ><section class=\"av_textblock_section \"  itemscope=\"itemscope\" itemtype=\"https:\/\/schema.org\/BlogPosting\" itemprop=\"blogPost\" ><div class='avia_textblock  '   itemprop=\"text\" ><p><strong>O p\u00f4r do sol exclusivo com uma vista ampla no hotel \u00e9 o que o Happy Sunset oferece. Iguarias regionais como queijos premiados, salames, frutas, geleia e a cerveja Strasburguer. A qualidade dos produtos acentua ainda mais os sabores degustados de frente para uma das mais lindas paisagens da regi\u00e3o.<\/strong><\/p>\n<\/div><\/section><\/div>\n<div class='flex_column_table av-gseho3-22936fbe10c37380f473cf9fe8d4dda3 sc-av_one_half av-equal-height-column-flextable'><div class='flex_column av-gseho3-22936fbe10c37380f473cf9fe8d4dda3 av_one_half  avia-builder-el-5  el_after_av_one_full  el_before_av_one_half  gastronomia first flex_column_table_cell av-equal-height-column av-align-middle  av-animated-generic bottom-to-top column-top-margin'   ><section class=\"av_textblock_section \"  itemscope=\"itemscope\" itemtype=\"https:\/\/schema.org\/BlogPosting\" itemprop=\"blogPost\" ><div class='avia_textblock  '   itemprop=\"text\" ><p><strong>Dias e hor\u00e1rios de funcionamento:<\/strong> Das 17h \u00e0s 19h, servido no sal\u00e3o Campos Gerais. Em caso de mau tempo, o reagendamento para uma nova data em at\u00e9 15 dias, \u00e9 gratuito desde que solicitado com at\u00e9 3 horas de anteced\u00eancia.<br \/>\n<strong>O que a experi\u00eancia inclui: <\/strong> Sele\u00e7\u00e3o de frios e produtos locais, acompanhados de um espumante nacional ou duas cervejas Strasburguer<br \/>\n<strong>Anteced\u00eancia para reserva: <\/strong> 12 horas.<br \/>\n<strong>N\u00famero m\u00ednimo e m\u00e1ximo de pessoas: <\/strong> M\u00ednimo 2, m\u00e1ximo 12 pessoas.<br \/>\n<strong>Indicado para: <\/strong> Mulheres, Homens, casais, pessoas de neg\u00f3cios, reuni\u00e3o\/confraterniza\u00e7\u00e3o de amigos.<\/p>\n<\/div><\/section><\/div><div class='av-flex-placeholder'><\/div><div class='flex_column av-g540hf-0648f494fb78acb6f5eb229fd051b734 av_one_half  avia-builder-el-7  el_after_av_one_half  el_before_av_one_half  cultura flex_column_table_cell av-equal-height-column av-align-middle  av-animated-generic bottom-to-top column-top-margin'   ><style type=\"text\/css\" id=\"style-css-av-m4r5edog-b8a74d4e81848414dfa0b700dc9d93fd\">\n.avia-image-container.av-m4r5edog-b8a74d4e81848414dfa0b700dc9d93fd .av-image-caption-overlay-center{\ncolor:#ffffff;\n}\n<\/style>\n<div  class='avia-image-container av-m4r5edog-b8a74d4e81848414dfa0b700dc9d93fd av-styling- avia-align-center  avia-builder-el-8  avia-builder-el-no-sibling  '  itemprop=\"image\" itemscope=\"itemscope\" itemtype=\"https:\/\/schema.org\/ImageObject\" ><div class=\"avia-image-container-inner\"><div class=\"avia-image-overlay-wrap\"><img decoding=\"async\" class='wp-image-4150 avia-img-lazy-loading-not-4150 avia_image' src=\"https:\/\/sebraepr.com.br\/experienciasturisticas\/wp-content\/uploads\/Premium-Vila-Velha-Hotel.jpg\" alt='' title='Premium Vila Velha Hotel'  height=\"155\" width=\"400\"  itemprop=\"thumbnailUrl\" srcset=\"https:\/\/sebraepr.com.br\/experienciasturisticas\/wp-content\/uploads\/Premium-Vila-Velha-Hotel.jpg 400w, https:\/\/sebraepr.com.br\/experienciasturisticas\/wp-content\/uploads\/Premium-Vila-Velha-Hotel-300x116.jpg 300w\" sizes=\"(max-width: 400px) 100vw, 400px\" \/><\/div><\/div><\/div><\/div><\/div><!--close column table wrapper. Autoclose: 1 --><\/p>\n<div class='flex_column_table av-ebn6sz-33e5f8d2c82d904cd5df2fa30beab09b sc-av_one_half av-equal-height-column-flextable'><div class='flex_column av-ebn6sz-33e5f8d2c82d904cd5df2fa30beab09b av_one_half  avia-builder-el-9  el_after_av_one_half  el_before_av_one_half  imgarga first flex_column_table_cell av-equal-height-column av-align-top  av-animated-generic bottom-to-top column-top-margin'   ><style type=\"text\/css\" id=\"style-css-av-m4r5eo78-fb46a70bd9d5d18eb74096ed410ca771\">\n.avia-image-container.av-m4r5eo78-fb46a70bd9d5d18eb74096ed410ca771 .av-image-caption-overlay-center{\ncolor:#ffffff;\n}\n<\/style>\n<div  class='avia-image-container av-m4r5eo78-fb46a70bd9d5d18eb74096ed410ca771 av-styling- avia-align-center  avia-builder-el-10  avia-builder-el-no-sibling  '  itemprop=\"image\" itemscope=\"itemscope\" itemtype=\"https:\/\/schema.org\/ImageObject\" ><div class=\"avia-image-container-inner\"><div class=\"avia-image-overlay-wrap\"><img decoding=\"async\" class='wp-image-4149 avia-img-lazy-loading-not-4149 avia_image' src=\"https:\/\/sebraepr.com.br\/experienciasturisticas\/wp-content\/uploads\/Happy-Sunset2.jpg\" alt='' title='Happy Sunset2'  height=\"702\" width=\"442\"  itemprop=\"thumbnailUrl\" srcset=\"https:\/\/sebraepr.com.br\/experienciasturisticas\/wp-content\/uploads\/Happy-Sunset2.jpg 442w, https:\/\/sebraepr.com.br\/experienciasturisticas\/wp-content\/uploads\/Happy-Sunset2-189x300.jpg 189w\" sizes=\"(max-width: 442px) 100vw, 442px\" \/><\/div><\/div><\/div><\/div>\n<div class='av-flex-placeholder'><\/div>\n<style type=\"text\/css\" id=\"style-css-av-4ewsj-366da73f9cda7e2ab427691d1f7db427\">\n.flex_column.av-4ewsj-366da73f9cda7e2ab427691d1f7db427{\nborder-radius:20px 20px 20px 20px;\n-webkit-border-radius:20px 20px 20px 20px;\n-moz-border-radius:20px 20px 20px 20px;\npadding:20px 20px 20px 20px;\nbackground-color:#831927;\n}\n<\/style>\n<div class='flex_column av-4ewsj-366da73f9cda7e2ab427691d1f7db427 av_one_half  avia-builder-el-11  el_after_av_one_half  avia-builder-el-last  cont-mapas flex_column_table_cell av-equal-height-column av-align-top  av-animated-generic bottom-to-top column-top-margin'   id=\"cont-mapas-li\"  ><p>\n<style type=\"text\/css\" id=\"style-css-av-ao7yqb-f48d96723d73626504f04fb9c7b0ef47\">\n.avia-image-container.av-ao7yqb-f48d96723d73626504f04fb9c7b0ef47 .av-image-caption-overlay-center{\ncolor:#ffffff;\n}\n<\/style>\n<div  class='avia-image-container av-ao7yqb-f48d96723d73626504f04fb9c7b0ef47 av-styling- av-hover-grow avia-align-center  avia-builder-el-12  el_before_av_textblock  avia-builder-el-first  '  itemprop=\"image\" itemscope=\"itemscope\" itemtype=\"https:\/\/schema.org\/ImageObject\" ><div class=\"avia-image-container-inner\"><div class=\"avia-image-overlay-wrap\"><a href=\"https:\/\/sebraepr.com.br\/experienciasturisticas\/category\/locais\/campos-gerais\/\" class='avia_image' ><img decoding=\"async\" width=\"300\" height=\"206\" class='wp-image-247 avia-img-lazy-loading-not-247 avia_image' src=\"https:\/\/sebraepr.com.br\/experienciasturisticas\/wp-content\/uploads\/Parana-Campos-Gerais-300x206.png\" alt='' title='Paran\u00e1 Campos Gerais'  itemprop=\"thumbnailUrl\" srcset=\"https:\/\/sebraepr.com.br\/experienciasturisticas\/wp-content\/uploads\/Parana-Campos-Gerais-300x206.png 300w, https:\/\/sebraepr.com.br\/experienciasturisticas\/wp-content\/uploads\/Parana-Campos-Gerais.png 600w\" sizes=\"(max-width: 300px) 100vw, 300px\" \/><\/a><\/div><\/div><\/div><br \/>\n<section class=\"av_textblock_section \"  itemscope=\"itemscope\" itemtype=\"https:\/\/schema.org\/BlogPosting\" itemprop=\"blogPost\" ><div class='avia_textblock  av_inherit_color '  style='color:#ffffff; '  itemprop=\"text\" ><p><strong>Empresa:<\/strong> Premium Vila Velha Hotel<br \/>\n<strong>Munic\u00edpio:<\/strong> Ponta Grossa<\/p>\n<\/div><\/section><br \/>\n<section class=\"av_textblock_section \"  itemscope=\"itemscope\" itemtype=\"https:\/\/schema.org\/BlogPosting\" itemprop=\"blogPost\" ><div class='avia_textblock  av_inherit_color '  style='color:#ffffff; '  itemprop=\"text\" ><p>\n<style type=\"text\/css\" id=\"style-css-av-8gcnxf-ef3ef55a2f05777aabf93e4752adf631\">\n.av_font_icon.av-8gcnxf-ef3ef55a2f05777aabf93e4752adf631 .av-icon-char{\nfont-size:30px;\nline-height:30px;\n}\n<\/style>\n<span  class=\"av_font_icon av-8gcnxf-ef3ef55a2f05777aabf93e4752adf631 avia_animate_when_visible av-icon-style- avia-icon-pos-left av-no-color avia-icon-animate \"><span class='av-icon-char' aria-hidden='true' data-av_icon='\ue842' data-av_iconfont='entypo-fontello' ><\/span><\/span> <a href=\"https:\/\/maps.app.goo.gl\/UVDFuRtYtp95WiYE9\" target=\"_blank\" rel=\"noopener\">Rua Balduino Taques, 123<\/a><\/p>\n<p>\n<style type=\"text\/css\" id=\"style-css-av-p50cz-f2fca48332ad87c9bad9898d3f0c5253\">\n.av_font_icon.av-p50cz-f2fca48332ad87c9bad9898d3f0c5253 .av-icon-char{\nfont-size:30px;\nline-height:30px;\n}\n<\/style>\n<span  class=\"av_font_icon av-p50cz-f2fca48332ad87c9bad9898d3f0c5253 avia_animate_when_visible av-icon-style- avia-icon-pos-left av-no-color avia-icon-animate \"><span class='av-icon-char' aria-hidden='true' data-av_icon='\ue8ac' data-av_iconfont='entypo-fontello' ><\/span><\/span> (42) 9 99807 3683<\/p>\n<p>\n<style type=\"text\/css\" id=\"style-css-av-6b8683-b128903fcf3d789c5a6068e6be01db59\">\n.av_font_icon.av-6b8683-b128903fcf3d789c5a6068e6be01db59 .av-icon-char{\nfont-size:30px;\nline-height:30px;\n}\n<\/style>\n<span  class=\"av_font_icon av-6b8683-b128903fcf3d789c5a6068e6be01db59 avia_animate_when_visible av-icon-style- avia-icon-pos-left av-no-color avia-icon-animate \"><span class='av-icon-char' aria-hidden='true' data-av_icon='\uf232' data-av_iconfont='entypo-fontello' ><\/span><\/span> <a href=\"https:\/\/api.whatsapp.com\/send?phone=5542998073683&amp;text=Ol\u00e1!%20Vim%20pelo%20site%20de%20experi\u00eancias%20tur\u00edsticas%20e%20quero%20mais%20informa\u00e7\u00f5es\">5542998073683<\/a><\/p>\n<p>\n<style type=\"text\/css\" id=\"style-css-av-3m6awj-7103ef0e2ff86c2d0d2cdab62989c1f7\">\n.av_font_icon.av-3m6awj-7103ef0e2ff86c2d0d2cdab62989c1f7 .av-icon-char{\nfont-size:30px;\nline-height:30px;\n}\n<\/style>\n<span  class=\"av_font_icon av-3m6awj-7103ef0e2ff86c2d0d2cdab62989c1f7 avia_animate_when_visible av-icon-style- avia-icon-pos-left av-no-color avia-icon-animate \"><span class='av-icon-char' aria-hidden='true' data-av_icon='\ue909' data-av_iconfont='entypo-fontello' ><\/span><\/span><a href=\"https:\/\/www.instagram.com\/premiumvilavelhahotel\/\" target=\"_blank\" rel=\"noopener\">@premiumvilavelhahotel<\/a><\/p>\n<p>\n<style type=\"text\/css\" id=\"style-css-av-3a6f2b-4b9524a602b025cddd57b4560f16113f\">\n.av_font_icon.av-3a6f2b-4b9524a602b025cddd57b4560f16113f .av-icon-char{\nfont-size:30px;\nline-height:30px;\n}\n<\/style>\n<span  class=\"av_font_icon av-3a6f2b-4b9524a602b025cddd57b4560f16113f avia_animate_when_visible av-icon-style- avia-icon-pos-left av-no-color avia-icon-animate \"><span class='av-icon-char' aria-hidden='true' data-av_icon='\ue8f5' data-av_iconfont='entypo-fontello' ><\/span><\/span><a href=\"https:\/\/facebook.com\/premiumvilavelha\/\" target=\"_blank\" rel=\"noopener\">\/premiumvilavelha<\/a><\/p>\n<\/div><\/section><\/p><\/div><\/div><!--close column table wrapper. Autoclose: 1 -->\n","protected":false},"excerpt":{"rendered":"<p>O p\u00f4r do sol exclusivo com uma vista ampla no hotel \u00e9 o que o Happy Sunset oferece.<br \/>\nEmpresa: <strong>Premium Vila Velha Hotel<\/strong><br \/>\nMunic\u00edpio: <strong>Ponta Grossa<\/strong><\/p>\n","protected":false},"author":2,"featured_media":4149,"comment_status":"closed","ping_status":"open","sticky":false,"template":"","format":"standard","meta":{"footnotes":""},"categories":[21,2,12,8],"tags":[191],"class_list":["post-4147","post","type-post","status-publish","format-standard","has-post-thumbnail","hentry","category-campos-gerais","category-gastronomia","category-locais","category-segmentos","tag-happy-hour"],"_links":{"self":[{"href":"https:\/\/sebraepr.com.br\/experienciasturisticas\/wp-json\/wp\/v2\/posts\/4147","targetHints":{"allow":["GET"]}}],"collection":[{"href":"https:\/\/sebraepr.com.br\/experienciasturisticas\/wp-json\/wp\/v2\/posts"}],"about":[{"href":"https:\/\/sebraepr.com.br\/experienciasturisticas\/wp-json\/wp\/v2\/types\/post"}],"author":[{"embeddable":true,"href":"https:\/\/sebraepr.com.br\/experienciasturisticas\/wp-json\/wp\/v2\/users\/2"}],"replies":[{"embeddable":true,"href":"https:\/\/sebraepr.com.br\/experienciasturisticas\/wp-json\/wp\/v2\/comments?post=4147"}],"version-history":[{"count":3,"href":"https:\/\/sebraepr.com.br\/experienciasturisticas\/wp-json\/wp\/v2\/posts\/4147\/revisions"}],"predecessor-version":[{"id":4152,"href":"https:\/\/sebraepr.com.br\/experienciasturisticas\/wp-json\/wp\/v2\/posts\/4147\/revisions\/4152"}],"wp:featuredmedia":[{"embeddable":true,"href":"https:\/\/sebraepr.com.br\/experienciasturisticas\/wp-json\/wp\/v2\/media\/4149"}],"wp:attachment":[{"href":"https:\/\/sebraepr.com.br\/experienciasturisticas\/wp-json\/wp\/v2\/media?parent=4147"}],"wp:term":[{"taxonomy":"category","embeddable":true,"href":"https:\/\/sebraepr.com.br\/experienciasturisticas\/wp-json\/wp\/v2\/categories?post=4147"},{"taxonomy":"post_tag","embeddable":true,"href":"https:\/\/sebraepr.com.br\/experienciasturisticas\/wp-json\/wp\/v2\/tags?post=4147"}],"curies":[{"name":"wp","href":"https:\/\/api.w.org\/{rel}","templated":true}]}}