{"id":4133,"date":"2024-12-16T11:19:12","date_gmt":"2024-12-16T14:19:12","guid":{"rendered":"https:\/\/sebraepr.com.br\/experienciasturisticas\/?p=4133"},"modified":"2025-08-01T09:24:37","modified_gmt":"2025-08-01T12:24:37","slug":"extracoes-do-cafe-graos-e-harmonia","status":"publish","type":"post","link":"https:\/\/sebraepr.com.br\/experienciasturisticas\/extracoes-do-cafe-graos-e-harmonia\/","title":{"rendered":"Extra\u00e7\u00f5es do Caf\u00e9 &#8211; Gr\u00e3os e Harmonia"},"content":{"rendered":"<div id='full_slider_1'  class='avia-fullwidth-slider main_color avia-shadow   avia-builder-el-0  el_before_av_one_full  avia-builder-el-first   container_wrap sidebar_right'  ><div   data-size='no scaling'  data-lightbox_size='large'  data-animation='slide'  data-conditional_play=''  data-ids='2212'  data-video_counter='0'  data-autoplay='false'  data-bg_slider='false'  data-slide_height=''  data-handle='av_slideshow_full'  data-interval='5'  data-class=' '  data-el_id=''  data-css_id=''  data-scroll_down=''  data-control_layout='av-control-default'  data-custom_markup=''  data-perma_caption=''  data-autoplay_stopper=''  data-image_attachment=''  data-min_height='0px'  data-lazy_loading='disabled'  data-src=''  data-position='top left'  data-repeat='no-repeat'  data-attach='scroll'  data-stretch=''  class='avia-slideshow avia-slideshow-1  av-control-default av-default-height-applied avia-slideshow-no scaling av_slideshow_full   avia-slide-slider '  itemprop=\"image\" itemscope=\"itemscope\" itemtype=\"https:\/\/schema.org\/ImageObject\" ><ul class='avia-slideshow-inner ' style='padding-bottom: 9.4791666666667%;' ><li  class=' av-single-slide slide-1 ' ><div data-rel='slideshow-1' class='avia-slide-wrap '   ><img decoding=\"async\" class=\"wp-image-2212 avia-img-lazy-loading-not-2212\"  src=\"https:\/\/sebraepr.com.br\/experienciasturisticas\/wp-content\/uploads\/Top-Gastronomia.png\" width=\"1920\" height=\"182\" title='Top Gastronomia' alt=''  itemprop=\"thumbnailUrl\" srcset=\"https:\/\/sebraepr.com.br\/experienciasturisticas\/wp-content\/uploads\/Top-Gastronomia.png 1920w, https:\/\/sebraepr.com.br\/experienciasturisticas\/wp-content\/uploads\/Top-Gastronomia-300x28.png 300w, https:\/\/sebraepr.com.br\/experienciasturisticas\/wp-content\/uploads\/Top-Gastronomia-1030x98.png 1030w, https:\/\/sebraepr.com.br\/experienciasturisticas\/wp-content\/uploads\/Top-Gastronomia-768x73.png 768w, https:\/\/sebraepr.com.br\/experienciasturisticas\/wp-content\/uploads\/Top-Gastronomia-1536x146.png 1536w, https:\/\/sebraepr.com.br\/experienciasturisticas\/wp-content\/uploads\/Top-Gastronomia-1500x142.png 1500w, https:\/\/sebraepr.com.br\/experienciasturisticas\/wp-content\/uploads\/Top-Gastronomia-705x67.png 705w\" sizes=\"(max-width: 1920px) 100vw, 1920px\" \/><\/div><\/li><\/ul><\/div><\/div><div id='after_full_slider_1'  class='main_color av_default_container_wrap container_wrap sidebar_right'  ><div class='container av-section-cont-open' ><div class='template-page content  av-content-small alpha units'><div class='post-entry post-entry-type-page post-entry-4133'><div class='entry-content-wrapper clearfix'>\n<div class='flex_column av-j2ut85-0609dac66a997197a1732bb747a94cb6 av_one_full  avia-builder-el-1  el_after_av_slideshow_full  el_before_av_one_full  avia-builder-el-first  cultura first flex_column_div '   ><div   data-size='no scaling'  data-lightbox_size='large'  data-animation='slide'  data-conditional_play=''  data-ids='4135'  data-video_counter='0'  data-autoplay='false'  data-bg_slider='false'  data-slide_height=''  data-handle='av_slideshow'  data-interval='5'  data-class=' avia-builder-el-2  avia-builder-el-no-sibling  gas-banner '  data-el_id=''  data-css_id=''  data-scroll_down=''  data-control_layout='av-control-default'  data-custom_markup=''  data-perma_caption=''  data-autoplay_stopper=''  data-image_attachment=''  data-min_height='0px'  data-lazy_loading='disabled'  class='avia-slideshow avia-slideshow-2  av-control-default av-default-height-applied avia-slideshow-no scaling av_slideshow  avia-builder-el-2  avia-builder-el-no-sibling  gas-banner  avia-slide-slider '  itemprop=\"image\" itemscope=\"itemscope\" itemtype=\"https:\/\/schema.org\/ImageObject\" ><ul class='avia-slideshow-inner ' style='padding-bottom: 64.686192468619%;' ><li  class=' av-single-slide slide-1 ' ><div data-rel='slideshow-2' class='avia-slide-wrap '   ><div class=\"avia-caption av-slideshow-caption\"><div class=\"avia-inner-caption\"><h2  class='avia-caption-title  '  itemprop=\"name\" >Extra\u00e7\u00f5es do Caf\u00e9<\/h2><div class='avia-caption-content  '  itemprop=\"description\"  ><p>Gr\u00e3os e Harmonia<\/p>\n<\/div><\/div><\/div><img decoding=\"async\" class=\"wp-image-4135 avia-img-lazy-loading-not-4135\"  src=\"https:\/\/sebraepr.com.br\/experienciasturisticas\/wp-content\/uploads\/Extracoes-do-Cafe-Graos-e-Harmonia.jpg\" width=\"1195\" height=\"773\" title='Extra\u00e7\u00f5es do Caf\u00e9 Gr\u00e3os e Harmonia' alt=''  itemprop=\"thumbnailUrl\" srcset=\"https:\/\/sebraepr.com.br\/experienciasturisticas\/wp-content\/uploads\/Extracoes-do-Cafe-Graos-e-Harmonia.jpg 1195w, https:\/\/sebraepr.com.br\/experienciasturisticas\/wp-content\/uploads\/Extracoes-do-Cafe-Graos-e-Harmonia-300x194.jpg 300w, https:\/\/sebraepr.com.br\/experienciasturisticas\/wp-content\/uploads\/Extracoes-do-Cafe-Graos-e-Harmonia-1030x666.jpg 1030w, https:\/\/sebraepr.com.br\/experienciasturisticas\/wp-content\/uploads\/Extracoes-do-Cafe-Graos-e-Harmonia-768x497.jpg 768w, https:\/\/sebraepr.com.br\/experienciasturisticas\/wp-content\/uploads\/Extracoes-do-Cafe-Graos-e-Harmonia-705x456.jpg 705w\" sizes=\"(max-width: 1195px) 100vw, 1195px\" \/><\/div><\/li><\/ul><\/div><\/div>\n<div class='flex_column av-1o5305-b04f10a3b347b81c23ac3f64407ec7df av_one_full  avia-builder-el-3  el_after_av_one_full  el_before_av_one_half  gastronomia first flex_column_div  av-animated-generic pop-up column-top-margin'   ><section class=\"av_textblock_section \"  itemscope=\"itemscope\" itemtype=\"https:\/\/schema.org\/BlogPosting\" itemprop=\"blogPost\" ><div class='avia_textblock  '   itemprop=\"text\" ><p><strong>O caf\u00e9 \u00e9 a segunda bebida mais consumida no mundo, por\u00e9m, muitos n\u00e3o conhecem as diferen\u00e7as que cada m\u00e9todo de extra\u00e7\u00e3o pode extrair do caf\u00e9. Diante disto, ser\u00e1 feita uma degusta\u00e7\u00e3o de um caf\u00e9 exclusivo para que cada um possa desfrutar e saborear a diferen\u00e7a de cada uma. Aproveitando para conhecer um pouco mais sobre o caf\u00e9, sua hist\u00f3ria e seus sabores. Como B\u00f4nus exclusivo, ser\u00e1 concedido um brigadeiro gourmet exclusivo e uma surpresa que ajudar\u00e1 cada um a ter uma melhora significativa em sua vida.<\/strong><\/p>\n<\/div><\/section><\/div>\n<div class='flex_column_table av-1n65ad-68ad81175b4195e9f65caa398ec24faa sc-av_one_half av-equal-height-column-flextable'><div class='flex_column av-1n65ad-68ad81175b4195e9f65caa398ec24faa av_one_half  avia-builder-el-5  el_after_av_one_full  el_before_av_one_half  gastronomia first flex_column_table_cell av-equal-height-column av-align-middle  av-animated-generic bottom-to-top column-top-margin'   ><section class=\"av_textblock_section \"  itemscope=\"itemscope\" itemtype=\"https:\/\/schema.org\/BlogPosting\" itemprop=\"blogPost\" ><div class='avia_textblock  '   itemprop=\"text\" ><p><strong>Dias e hor\u00e1rios de funcionamento:<\/strong> De segunda a sexta, das 6:30 \u00e0s 19:30. S\u00e1bados das 7:00 \u00e0s 18:30. E feriados das 7:00 \u00e0s 13:00.<br \/>\n<strong>O que a experi\u00eancia inclui: <\/strong> Guia explicando todo o processo, caf\u00e9s, e um doce de sobremesa<br \/>\n<strong>Anteced\u00eancia para reserva: <\/strong> 24 horas.<br \/>\n<strong>N\u00famero m\u00ednimo e m\u00e1ximo de pessoas: <\/strong> at\u00e9 12 pessoas<br \/>\n<strong>Indicado para: <\/strong> A todo o p\u00fablico<\/p>\n<\/div><\/section><\/div><div class='av-flex-placeholder'><\/div><div class='flex_column av-ept39x-6c2332bc771e6e60c9b89d32d5db8467 av_one_half  avia-builder-el-7  el_after_av_one_half  el_before_av_one_half  cultura flex_column_table_cell av-equal-height-column av-align-middle  av-animated-generic bottom-to-top column-top-margin'   ><style type=\"text\/css\" id=\"style-css-av-m4r465b1-50b5543b37065ccce48c7551144a6d60\">\n.avia-image-container.av-m4r465b1-50b5543b37065ccce48c7551144a6d60 .av-image-caption-overlay-center{\ncolor:#ffffff;\n}\n<\/style>\n<div  class='avia-image-container av-m4r465b1-50b5543b37065ccce48c7551144a6d60 av-styling- avia-align-center  avia-builder-el-8  avia-builder-el-no-sibling  '  itemprop=\"image\" itemscope=\"itemscope\" itemtype=\"https:\/\/schema.org\/ImageObject\" ><div class=\"avia-image-container-inner\"><div class=\"avia-image-overlay-wrap\"><img decoding=\"async\" class='wp-image-4136 avia-img-lazy-loading-not-4136 avia_image' src=\"https:\/\/sebraepr.com.br\/experienciasturisticas\/wp-content\/uploads\/Parada-do-Pao-300x225.jpg\" alt='' title='Parada do P\u00e3o'  height=\"225\" width=\"300\"  itemprop=\"thumbnailUrl\" srcset=\"https:\/\/sebraepr.com.br\/experienciasturisticas\/wp-content\/uploads\/Parada-do-Pao-300x225.jpg 300w, https:\/\/sebraepr.com.br\/experienciasturisticas\/wp-content\/uploads\/Parada-do-Pao.jpg 672w\" sizes=\"(max-width: 300px) 100vw, 300px\" \/><\/div><\/div><\/div><\/div><\/div><!--close column table wrapper. Autoclose: 1 --><\/p>\n<div class='flex_column_table av-bu9t6d-9304f601ede83644d7b4813b971320c9 sc-av_one_half av-equal-height-column-flextable'><div class='flex_column av-bu9t6d-9304f601ede83644d7b4813b971320c9 av_one_half  avia-builder-el-9  el_after_av_one_half  el_before_av_one_half  imgarga first flex_column_table_cell av-equal-height-column av-align-top  av-animated-generic bottom-to-top column-top-margin'   ><style type=\"text\/css\" id=\"style-css-av-m4r46eja-07ab6ab6bab9c1a7e42158383f5aae12\">\n.avia-image-container.av-m4r46eja-07ab6ab6bab9c1a7e42158383f5aae12 .av-image-caption-overlay-center{\ncolor:#ffffff;\n}\n<\/style>\n<div  class='avia-image-container av-m4r46eja-07ab6ab6bab9c1a7e42158383f5aae12 av-styling- avia-align-center  avia-builder-el-10  avia-builder-el-no-sibling  '  itemprop=\"image\" itemscope=\"itemscope\" itemtype=\"https:\/\/schema.org\/ImageObject\" ><div class=\"avia-image-container-inner\"><div class=\"avia-image-overlay-wrap\"><img decoding=\"async\" class='wp-image-4134 avia-img-lazy-loading-not-4134 avia_image' src=\"https:\/\/sebraepr.com.br\/experienciasturisticas\/wp-content\/uploads\/Extracoes-do-Cafe-Graos-e-Harmonia2.jpg\" alt='' title='Extra\u00e7\u00f5es do Caf\u00e9 Gr\u00e3os e Harmonia2'  height=\"780\" width=\"564\"  itemprop=\"thumbnailUrl\" srcset=\"https:\/\/sebraepr.com.br\/experienciasturisticas\/wp-content\/uploads\/Extracoes-do-Cafe-Graos-e-Harmonia2.jpg 564w, https:\/\/sebraepr.com.br\/experienciasturisticas\/wp-content\/uploads\/Extracoes-do-Cafe-Graos-e-Harmonia2-217x300.jpg 217w, https:\/\/sebraepr.com.br\/experienciasturisticas\/wp-content\/uploads\/Extracoes-do-Cafe-Graos-e-Harmonia2-510x705.jpg 510w\" sizes=\"(max-width: 564px) 100vw, 564px\" \/><\/div><\/div><\/div><\/div>\n<div class='av-flex-placeholder'><\/div>\n<style type=\"text\/css\" id=\"style-css-av-a5at45-83575d4518557365cbb99bd7cb66af16\">\n.flex_column.av-a5at45-83575d4518557365cbb99bd7cb66af16{\nborder-radius:20px 20px 20px 20px;\n-webkit-border-radius:20px 20px 20px 20px;\n-moz-border-radius:20px 20px 20px 20px;\npadding:20px 20px 20px 20px;\nbackground-color:#831927;\n}\n<\/style>\n<div class='flex_column av-a5at45-83575d4518557365cbb99bd7cb66af16 av_one_half  avia-builder-el-11  el_after_av_one_half  avia-builder-el-last  cont-mapas flex_column_table_cell av-equal-height-column av-align-top  av-animated-generic bottom-to-top column-top-margin'   id=\"cont-mapas-li\"  ><p>\n<style type=\"text\/css\" id=\"style-css-av-917wo5-70dcb94c7089594133106f1f166b0f3c\">\n.avia-image-container.av-917wo5-70dcb94c7089594133106f1f166b0f3c .av-image-caption-overlay-center{\ncolor:#ffffff;\n}\n<\/style>\n<div  class='avia-image-container av-917wo5-70dcb94c7089594133106f1f166b0f3c av-styling- av-hover-grow avia-align-center  avia-builder-el-12  el_before_av_textblock  avia-builder-el-first  '  itemprop=\"image\" itemscope=\"itemscope\" itemtype=\"https:\/\/schema.org\/ImageObject\" ><div class=\"avia-image-container-inner\"><div class=\"avia-image-overlay-wrap\"><a href=\"https:\/\/sebraepr.com.br\/experienciasturisticas\/category\/locais\/campos-gerais\/\" class='avia_image' ><img decoding=\"async\" width=\"300\" height=\"206\" class='wp-image-247 avia-img-lazy-loading-not-247 avia_image' src=\"https:\/\/sebraepr.com.br\/experienciasturisticas\/wp-content\/uploads\/Parana-Campos-Gerais-300x206.png\" alt='' title='Paran\u00e1 Campos Gerais'  itemprop=\"thumbnailUrl\" srcset=\"https:\/\/sebraepr.com.br\/experienciasturisticas\/wp-content\/uploads\/Parana-Campos-Gerais-300x206.png 300w, https:\/\/sebraepr.com.br\/experienciasturisticas\/wp-content\/uploads\/Parana-Campos-Gerais.png 600w\" sizes=\"(max-width: 300px) 100vw, 300px\" \/><\/a><\/div><\/div><\/div><br \/>\n<section class=\"av_textblock_section \"  itemscope=\"itemscope\" itemtype=\"https:\/\/schema.org\/BlogPosting\" itemprop=\"blogPost\" ><div class='avia_textblock  av_inherit_color '  style='color:#ffffff; '  itemprop=\"text\" ><p><strong>Empresa:<\/strong> Parada do P\u00e3o<br \/>\n<strong>Munic\u00edpio:<\/strong> Ponta Grossa<\/p>\n<\/div><\/section><br \/>\n<section class=\"av_textblock_section \"  itemscope=\"itemscope\" itemtype=\"https:\/\/schema.org\/BlogPosting\" itemprop=\"blogPost\" ><div class='avia_textblock  av_inherit_color '  style='color:#ffffff; '  itemprop=\"text\" ><p>\n<style type=\"text\/css\" id=\"style-css-av-7lzrs5-3b9354c6a32c0b1bcb45ad74e1331cf3\">\n.av_font_icon.av-7lzrs5-3b9354c6a32c0b1bcb45ad74e1331cf3 .av-icon-char{\nfont-size:30px;\nline-height:30px;\n}\n<\/style>\n<span  class=\"av_font_icon av-7lzrs5-3b9354c6a32c0b1bcb45ad74e1331cf3 avia_animate_when_visible av-icon-style- avia-icon-pos-left av-no-color avia-icon-animate \"><span class='av-icon-char' aria-hidden='true' data-av_icon='\ue842' data-av_iconfont='entypo-fontello' ><\/span><\/span> <a href=\"https:\/\/maps.app.goo.gl\/zX4jk5aL2hFFRinbA\" target=\"_blank\" rel=\"noopener\">Rua Dr. Leopoldo Guimar\u00e3es da Cunha, 198. Lj-02<\/a><\/p>\n<p>\n<style type=\"text\/css\" id=\"style-css-av-5yhhv9-4ce18d49965af7016a099d6dc58d9783\">\n.av_font_icon.av-5yhhv9-4ce18d49965af7016a099d6dc58d9783 .av-icon-char{\nfont-size:30px;\nline-height:30px;\n}\n<\/style>\n<span  class=\"av_font_icon av-5yhhv9-4ce18d49965af7016a099d6dc58d9783 avia_animate_when_visible av-icon-style- avia-icon-pos-left av-no-color avia-icon-animate \"><span class='av-icon-char' aria-hidden='true' data-av_icon='\ue8ac' data-av_iconfont='entypo-fontello' ><\/span><\/span> (42) 9 8415-8508<\/p>\n<p>\n<style type=\"text\/css\" id=\"style-css-av-3hk6yd-84ef124340b74ea2788f6a80887252e5\">\n.av_font_icon.av-3hk6yd-84ef124340b74ea2788f6a80887252e5 .av-icon-char{\nfont-size:30px;\nline-height:30px;\n}\n<\/style>\n<span  class=\"av_font_icon av-3hk6yd-84ef124340b74ea2788f6a80887252e5 avia_animate_when_visible av-icon-style- avia-icon-pos-left av-no-color avia-icon-animate \"><span class='av-icon-char' aria-hidden='true' data-av_icon='\ue909' data-av_iconfont='entypo-fontello' ><\/span><\/span><a href=\"https:\/\/www.instagram.com\/paradapaoecafespg\/\" target=\"_blank\" rel=\"noopener\">@paradapaoecafespg<\/a><\/p>\n<p>\n<style type=\"text\/css\" id=\"style-css-av-1vnsdh-f8e6659bf47f5b90376aba7ee37f2286\">\n.av_font_icon.av-1vnsdh-f8e6659bf47f5b90376aba7ee37f2286 .av-icon-char{\nfont-size:30px;\nline-height:30px;\n}\n<\/style>\n<span  class=\"av_font_icon av-1vnsdh-f8e6659bf47f5b90376aba7ee37f2286 avia_animate_when_visible av-icon-style- avia-icon-pos-left av-no-color avia-icon-animate \"><span class='av-icon-char' aria-hidden='true' data-av_icon='\ue8f5' data-av_iconfont='entypo-fontello' ><\/span><\/span><a href=\"https:\/\/www.facebook.com\/profile.php?id=100091433486898\/\" target=\"_blank\" rel=\"noopener\">\/paradapaoecafespg<\/a><\/p>\n<\/div><\/section><\/p><\/div><\/div><!--close column table wrapper. Autoclose: 1 -->\n","protected":false},"excerpt":{"rendered":"<p>Conhe\u00e7a as diferen\u00e7as de cada m\u00e9todo de extra\u00e7\u00e3o do caf\u00e9 e seus sabores.<br \/>\nEmpresa: <strong>Parada do P\u00e3o<\/strong><br \/>\nMunic\u00edpio: <strong>Ponta Grossa<\/strong><\/p>\n","protected":false},"author":2,"featured_media":4134,"comment_status":"closed","ping_status":"open","sticky":false,"template":"","format":"standard","meta":{"footnotes":""},"categories":[21,2,12,8],"tags":[30],"class_list":["post-4133","post","type-post","status-publish","format-standard","has-post-thumbnail","hentry","category-campos-gerais","category-gastronomia","category-locais","category-segmentos","tag-cafe"],"_links":{"self":[{"href":"https:\/\/sebraepr.com.br\/experienciasturisticas\/wp-json\/wp\/v2\/posts\/4133","targetHints":{"allow":["GET"]}}],"collection":[{"href":"https:\/\/sebraepr.com.br\/experienciasturisticas\/wp-json\/wp\/v2\/posts"}],"about":[{"href":"https:\/\/sebraepr.com.br\/experienciasturisticas\/wp-json\/wp\/v2\/types\/post"}],"author":[{"embeddable":true,"href":"https:\/\/sebraepr.com.br\/experienciasturisticas\/wp-json\/wp\/v2\/users\/2"}],"replies":[{"embeddable":true,"href":"https:\/\/sebraepr.com.br\/experienciasturisticas\/wp-json\/wp\/v2\/comments?post=4133"}],"version-history":[{"count":4,"href":"https:\/\/sebraepr.com.br\/experienciasturisticas\/wp-json\/wp\/v2\/posts\/4133\/revisions"}],"predecessor-version":[{"id":4138,"href":"https:\/\/sebraepr.com.br\/experienciasturisticas\/wp-json\/wp\/v2\/posts\/4133\/revisions\/4138"}],"wp:featuredmedia":[{"embeddable":true,"href":"https:\/\/sebraepr.com.br\/experienciasturisticas\/wp-json\/wp\/v2\/media\/4134"}],"wp:attachment":[{"href":"https:\/\/sebraepr.com.br\/experienciasturisticas\/wp-json\/wp\/v2\/media?parent=4133"}],"wp:term":[{"taxonomy":"category","embeddable":true,"href":"https:\/\/sebraepr.com.br\/experienciasturisticas\/wp-json\/wp\/v2\/categories?post=4133"},{"taxonomy":"post_tag","embeddable":true,"href":"https:\/\/sebraepr.com.br\/experienciasturisticas\/wp-json\/wp\/v2\/tags?post=4133"}],"curies":[{"name":"wp","href":"https:\/\/api.w.org\/{rel}","templated":true}]}}