{"id":3952,"date":"2024-12-11T10:03:11","date_gmt":"2024-12-11T13:03:11","guid":{"rendered":"https:\/\/sebraepr.com.br\/experienciasturisticas\/?p=3952"},"modified":"2024-12-11T10:03:50","modified_gmt":"2024-12-11T13:03:50","slug":"caminhos-dos-santuarios-de-londrina","status":"publish","type":"post","link":"https:\/\/sebraepr.com.br\/experienciasturisticas\/caminhos-dos-santuarios-de-londrina\/","title":{"rendered":"Caminhos dos Santu\u00e1rios de Londrina"},"content":{"rendered":"<div id='full_slider_1'  class='avia-fullwidth-slider main_color avia-shadow   avia-builder-el-0  el_before_av_one_full  avia-builder-el-first   container_wrap sidebar_right'  ><div   data-size='no scaling'  data-lightbox_size='large'  data-animation='slide'  data-conditional_play=''  data-ids='2307'  data-video_counter='0'  data-autoplay='false'  data-bg_slider='false'  data-slide_height=''  data-handle='av_slideshow_full'  data-interval='5'  data-class=' '  data-el_id=''  data-css_id=''  data-scroll_down=''  data-control_layout='av-control-default'  data-custom_markup=''  data-perma_caption=''  data-autoplay_stopper=''  data-image_attachment=''  data-min_height='0px'  data-lazy_loading='disabled'  data-src=''  data-position='top left'  data-repeat='no-repeat'  data-attach='scroll'  data-stretch=''  class='avia-slideshow avia-slideshow-1  av-control-default av-default-height-applied avia-slideshow-no scaling av_slideshow_full   avia-slide-slider '  itemprop=\"image\" itemscope=\"itemscope\" itemtype=\"https:\/\/schema.org\/ImageObject\" ><ul class='avia-slideshow-inner ' style='padding-bottom: 9.4791666666667%;' ><li  class=' av-single-slide slide-1 ' ><div data-rel='slideshow-1' class='avia-slide-wrap '   ><img decoding=\"async\" class=\"wp-image-2307 avia-img-lazy-loading-not-2307\"  src=\"https:\/\/sebraepr.com.br\/experienciasturisticas\/wp-content\/uploads\/Top-Turismo-Religioso.png\" width=\"1920\" height=\"182\" title='Top Turismo Religioso' alt=''  itemprop=\"thumbnailUrl\" srcset=\"https:\/\/sebraepr.com.br\/experienciasturisticas\/wp-content\/uploads\/Top-Turismo-Religioso.png 1920w, https:\/\/sebraepr.com.br\/experienciasturisticas\/wp-content\/uploads\/Top-Turismo-Religioso-300x28.png 300w, https:\/\/sebraepr.com.br\/experienciasturisticas\/wp-content\/uploads\/Top-Turismo-Religioso-1030x98.png 1030w, https:\/\/sebraepr.com.br\/experienciasturisticas\/wp-content\/uploads\/Top-Turismo-Religioso-768x73.png 768w, https:\/\/sebraepr.com.br\/experienciasturisticas\/wp-content\/uploads\/Top-Turismo-Religioso-1536x146.png 1536w, https:\/\/sebraepr.com.br\/experienciasturisticas\/wp-content\/uploads\/Top-Turismo-Religioso-1500x142.png 1500w, https:\/\/sebraepr.com.br\/experienciasturisticas\/wp-content\/uploads\/Top-Turismo-Religioso-705x67.png 705w\" sizes=\"(max-width: 1920px) 100vw, 1920px\" \/><\/div><\/li><\/ul><\/div><\/div><div id='after_full_slider_1'  class='main_color av_default_container_wrap container_wrap sidebar_right'  ><div class='container av-section-cont-open' ><div class='template-page content  av-content-small alpha units'><div class='post-entry post-entry-type-page post-entry-3952'><div class='entry-content-wrapper clearfix'>\n<div class='flex_column av-jtflj4-7a488696b49ec1db54095c3133c04025 av_one_full  avia-builder-el-1  el_after_av_slideshow_full  el_before_av_hr  avia-builder-el-first  cultura first flex_column_div '   ><div   data-size='no scaling'  data-lightbox_size='large'  data-animation='slide'  data-conditional_play=''  data-ids='3954'  data-video_counter='0'  data-autoplay='false'  data-bg_slider='false'  data-slide_height=''  data-handle='av_slideshow'  data-interval='5'  data-class=' avia-builder-el-2  avia-builder-el-no-sibling  religioso-banner '  data-el_id=''  data-css_id=''  data-scroll_down=''  data-control_layout='av-control-default'  data-custom_markup=''  data-perma_caption=''  data-autoplay_stopper=''  data-image_attachment=''  data-min_height='0px'  data-lazy_loading='disabled'  class='avia-slideshow avia-slideshow-2  av-control-default av-default-height-applied avia-slideshow-no scaling av_slideshow  avia-builder-el-2  avia-builder-el-no-sibling  religioso-banner  avia-slide-slider '  itemprop=\"image\" itemscope=\"itemscope\" itemtype=\"https:\/\/schema.org\/ImageObject\" ><ul class='avia-slideshow-inner ' style='padding-bottom: 58.153078202995%;' ><li  class=' av-single-slide slide-1 ' ><div data-rel='slideshow-2' class='avia-slide-wrap '   ><div class=\"avia-caption av-slideshow-caption\"><div class=\"avia-inner-caption\"><h2  class='avia-caption-title  '  itemprop=\"name\" >Caminhos dos Santu\u00e1rios de Londrina<\/h2><div class='avia-caption-content  '  itemprop=\"description\"  ><p>Descubra a espiritualidade e a beleza dos santu\u00e1rios de Londrina em um passeio religioso inesquec\u00edvel!<\/p>\n<\/div><\/div><\/div><img decoding=\"async\" class=\"wp-image-3954 avia-img-lazy-loading-not-3954\"  src=\"https:\/\/sebraepr.com.br\/experienciasturisticas\/wp-content\/uploads\/Caminhos-dos-Santuarios-de-Londrina.jpg\" width=\"1202\" height=\"699\" title='Caminhos dos Santu\u00e1rios de Londrina' alt=''  itemprop=\"thumbnailUrl\" srcset=\"https:\/\/sebraepr.com.br\/experienciasturisticas\/wp-content\/uploads\/Caminhos-dos-Santuarios-de-Londrina.jpg 1202w, https:\/\/sebraepr.com.br\/experienciasturisticas\/wp-content\/uploads\/Caminhos-dos-Santuarios-de-Londrina-300x174.jpg 300w, https:\/\/sebraepr.com.br\/experienciasturisticas\/wp-content\/uploads\/Caminhos-dos-Santuarios-de-Londrina-1030x599.jpg 1030w, https:\/\/sebraepr.com.br\/experienciasturisticas\/wp-content\/uploads\/Caminhos-dos-Santuarios-de-Londrina-768x447.jpg 768w, https:\/\/sebraepr.com.br\/experienciasturisticas\/wp-content\/uploads\/Caminhos-dos-Santuarios-de-Londrina-705x410.jpg 705w\" sizes=\"(max-width: 1202px) 100vw, 1202px\" \/><\/div><\/li><\/ul><\/div><\/div>\n\n<style type=\"text\/css\" id=\"style-css-av-gtp7m8-dbce57ae4841182cece6924355997de7\">\n#top .hr.hr-invisible.av-gtp7m8-dbce57ae4841182cece6924355997de7{\nheight:50px;\n}\n<\/style>\n<div  class='hr av-gtp7m8-dbce57ae4841182cece6924355997de7 hr-invisible  avia-builder-el-3  el_after_av_one_full  el_before_av_one_full  '><span class='hr-inner '><span class=\"hr-inner-style\"><\/span><\/span><\/div>\n<div class='flex_column av-fnffo0-cd915bd15a41bacb854e0bef34870f26 av_one_full  avia-builder-el-4  el_after_av_hr  el_before_av_one_half  religioso first no_margin flex_column_div  av-animated-generic pop-up '   ><section class=\"av_textblock_section \"  itemscope=\"itemscope\" itemtype=\"https:\/\/schema.org\/BlogPosting\" itemprop=\"blogPost\" ><div class='avia_textblock  '   itemprop=\"text\" ><p><strong>Tour panor\u00e2mico com paradas, visitando: a Catedral Metropolitana de Londrina, Santu\u00e1rio de Schoenstatt &#8211; Tabor Esmagadora da Serpente, Santu\u00e1rio de Nossa Senhora Aparecida e Santu\u00e1rio Eucar\u00edstico Mariano. Parada para um caf\u00e9zinho.<\/strong><\/p>\n<\/div><\/section><\/div>\n<div class='flex_column_table av-dvewpc-75e404b7413c97d993009be3eb032582 sc-av_one_half av-equal-height-column-flextable'><div class='flex_column av-dvewpc-75e404b7413c97d993009be3eb032582 av_one_half  avia-builder-el-6  el_after_av_one_full  el_before_av_one_half  first flex_column_table_cell av-equal-height-column av-align-middle  av-animated-generic bottom-to-top column-top-margin'   ><section class=\"av_textblock_section \"  itemscope=\"itemscope\" itemtype=\"https:\/\/schema.org\/BlogPosting\" itemprop=\"blogPost\" ><div class='avia_textblock religioso '   itemprop=\"text\" ><p><strong>Dias e hor\u00e1rios de funcionamento:<\/strong><br \/>\n<strong>O que a experi\u00eancia inclui:<\/strong> Visitas aos Santu\u00e1rios, transporte, guia<br \/>\nCadastur, seguro de viagem, 01 caf\u00e9 e 01 souvenir.<br \/>\n<strong>Anteced\u00eancia para reserva: <\/strong> 7 dias.<br \/>\n<strong>N\u00famero m\u00ednimo e m\u00e1ximo de pessoas: <\/strong> De 4 a 15 pessoas.<br \/>\n<strong>Indicado para: <\/strong> Familias, Casais, Grupo de amigos, Idosos e jovens.<\/p>\n<\/div><\/section><\/div>\n<div class='av-flex-placeholder'><\/div><div class='flex_column av-cnx6yo-f87a2c36d631d0a134033ec3763f419c av_one_half  avia-builder-el-8  el_after_av_one_half  el_before_av_one_half  flex_column_table_cell av-equal-height-column av-align-middle  av-animated-generic bottom-to-top column-top-margin'   ><style type=\"text\/css\" id=\"style-css-av-m4jwa2vm-20526c6a25b8053b3d048506e1ca01a6\">\n.avia-image-container.av-m4jwa2vm-20526c6a25b8053b3d048506e1ca01a6 .av-image-caption-overlay-center{\ncolor:#ffffff;\n}\n<\/style>\n<div  class='avia-image-container av-m4jwa2vm-20526c6a25b8053b3d048506e1ca01a6 av-styling- avia-align-center  avia-builder-el-9  avia-builder-el-no-sibling  '  itemprop=\"image\" itemscope=\"itemscope\" itemtype=\"https:\/\/schema.org\/ImageObject\" ><div class=\"avia-image-container-inner\"><div class=\"avia-image-overlay-wrap\"><img decoding=\"async\" class='wp-image-3955 avia-img-lazy-loading-not-3955 avia_image' src=\"https:\/\/sebraepr.com.br\/experienciasturisticas\/wp-content\/uploads\/KTS-Turismo-300x230.jpg\" alt='' title='KTS Turismo'  height=\"230\" width=\"300\"  itemprop=\"thumbnailUrl\" srcset=\"https:\/\/sebraepr.com.br\/experienciasturisticas\/wp-content\/uploads\/KTS-Turismo-300x230.jpg 300w, https:\/\/sebraepr.com.br\/experienciasturisticas\/wp-content\/uploads\/KTS-Turismo.jpg 556w\" sizes=\"(max-width: 300px) 100vw, 300px\" \/><\/div><\/div><\/div><\/div><\/div><!--close column table wrapper. Autoclose: 1 -->\n<div class='flex_column_table av-10m11c-92998f719aac04419f80e31798bf9913 sc-av_one_half av-equal-height-column-flextable'><div class='flex_column av-10m11c-92998f719aac04419f80e31798bf9913 av_one_half  avia-builder-el-10  el_after_av_one_half  el_before_av_one_half  imgarr first flex_column_table_cell av-equal-height-column av-align-top  av-animated-generic bottom-to-top column-top-margin'   ><style type=\"text\/css\" id=\"style-css-av-m4jwaa9t-738c43fbc196672c04aa6e6401c8b678\">\n.avia-image-container.av-m4jwaa9t-738c43fbc196672c04aa6e6401c8b678 .av-image-caption-overlay-center{\ncolor:#ffffff;\n}\n<\/style>\n<div  class='avia-image-container av-m4jwaa9t-738c43fbc196672c04aa6e6401c8b678 av-styling- avia-align-center  avia-builder-el-11  avia-builder-el-no-sibling  '  itemprop=\"image\" itemscope=\"itemscope\" itemtype=\"https:\/\/schema.org\/ImageObject\" ><div class=\"avia-image-container-inner\"><div class=\"avia-image-overlay-wrap\"><img decoding=\"async\" class='wp-image-3953 avia-img-lazy-loading-not-3953 avia_image' src=\"https:\/\/sebraepr.com.br\/experienciasturisticas\/wp-content\/uploads\/Caminhos-dos-Santuarios-de-Londrina2.jpg\" alt='' title='Caminhos dos Santu\u00e1rios de Londrina2'  height=\"746\" width=\"442\"  itemprop=\"thumbnailUrl\" srcset=\"https:\/\/sebraepr.com.br\/experienciasturisticas\/wp-content\/uploads\/Caminhos-dos-Santuarios-de-Londrina2.jpg 442w, https:\/\/sebraepr.com.br\/experienciasturisticas\/wp-content\/uploads\/Caminhos-dos-Santuarios-de-Londrina2-178x300.jpg 178w, https:\/\/sebraepr.com.br\/experienciasturisticas\/wp-content\/uploads\/Caminhos-dos-Santuarios-de-Londrina2-418x705.jpg 418w\" sizes=\"(max-width: 442px) 100vw, 442px\" \/><\/div><\/div><\/div><\/div>\n<div class='av-flex-placeholder'><\/div>\n<style type=\"text\/css\" id=\"style-css-av-97m3kg-852dc3a2d4e3a84053a89ec020413e80\">\n.flex_column.av-97m3kg-852dc3a2d4e3a84053a89ec020413e80{\nborder-radius:20px 20px 20px 20px;\n-webkit-border-radius:20px 20px 20px 20px;\n-moz-border-radius:20px 20px 20px 20px;\npadding:20px 20px 20px 20px;\nbackground-color:#22afaa;\n}\n<\/style>\n<div class='flex_column av-97m3kg-852dc3a2d4e3a84053a89ec020413e80 av_one_half  avia-builder-el-12  el_after_av_one_half  avia-builder-el-last  cont-mapas flex_column_table_cell av-equal-height-column av-align-top  av-animated-generic bottom-to-top column-top-margin'   id=\"cont-mapas-li\"  ><p>\n<style type=\"text\/css\" id=\"style-css-av-m4jw42yk-6409571a89166ca5bf43fb01126aeed0\">\n.avia-image-container.av-m4jw42yk-6409571a89166ca5bf43fb01126aeed0 .av-image-caption-overlay-center{\ncolor:#ffffff;\n}\n<\/style>\n<div  class='avia-image-container av-m4jw42yk-6409571a89166ca5bf43fb01126aeed0 av-styling- av-hover-grow avia-align-center  avia-builder-el-13  el_before_av_textblock  avia-builder-el-first  '  itemprop=\"image\" itemscope=\"itemscope\" itemtype=\"https:\/\/schema.org\/ImageObject\" ><div class=\"avia-image-container-inner\"><div class=\"avia-image-overlay-wrap\"><a href=\"https:\/\/sebraepr.com.br\/experienciasturisticas\/category\/locais\/norte-do-parana\/\" class='avia_image' ><img decoding=\"async\" width=\"300\" height=\"206\" class='wp-image-265 avia-img-lazy-loading-not-265 avia_image' src=\"https:\/\/sebraepr.com.br\/experienciasturisticas\/wp-content\/uploads\/Parana-Norte-300x206.png\" alt='' title='Paran\u00e1 Norte'  itemprop=\"thumbnailUrl\" srcset=\"https:\/\/sebraepr.com.br\/experienciasturisticas\/wp-content\/uploads\/Parana-Norte-300x206.png 300w, https:\/\/sebraepr.com.br\/experienciasturisticas\/wp-content\/uploads\/Parana-Norte.png 600w\" sizes=\"(max-width: 300px) 100vw, 300px\" \/><\/a><\/div><\/div><\/div><br \/>\n<section class=\"av_textblock_section \"  itemscope=\"itemscope\" itemtype=\"https:\/\/schema.org\/BlogPosting\" itemprop=\"blogPost\" ><div class='avia_textblock  av_inherit_color '  style='color:#ffffff; '  itemprop=\"text\" ><p><strong>Empresa:<\/strong> KTS Turismo<br \/>\n<strong>Munic\u00edpio:<\/strong> Londrina<\/p>\n<\/div><\/section><br \/>\n<section class=\"av_textblock_section \"  itemscope=\"itemscope\" itemtype=\"https:\/\/schema.org\/BlogPosting\" itemprop=\"blogPost\" ><div class='avia_textblock  av_inherit_color '  style='color:#ffffff; '  itemprop=\"text\" ><p>\n<style type=\"text\/css\" id=\"style-css-av-7pjieo-aaff66462c2c9077592057ff0697c987\">\n.av_font_icon.av-7pjieo-aaff66462c2c9077592057ff0697c987 .av-icon-char{\nfont-size:30px;\nline-height:30px;\n}\n<\/style>\n<span  class=\"av_font_icon av-7pjieo-aaff66462c2c9077592057ff0697c987 avia_animate_when_visible av-icon-style- avia-icon-pos-left av-no-color avia-icon-animate \"><span class='av-icon-char' aria-hidden='true' data-av_icon='\ue842' data-av_iconfont='entypo-fontello' ><\/span><\/span> <a href=\"https:\/\/maps.app.goo.gl\/nkLX85hVpQ5fAyU7A\" target=\"_blank\" rel=\"noopener\">Ponto de Encontro: em frente ao Hotel Bourbon, localizado na Alameda Miguel Blasi, 40<\/a><\/p>\n<p>\n<style type=\"text\/css\" id=\"style-css-av-64a95s-f9031e8e24c6f8d738ceccc62914f66a\">\n.av_font_icon.av-64a95s-f9031e8e24c6f8d738ceccc62914f66a .av-icon-char{\nfont-size:30px;\nline-height:30px;\n}\n<\/style>\n<span  class=\"av_font_icon av-64a95s-f9031e8e24c6f8d738ceccc62914f66a avia_animate_when_visible av-icon-style- avia-icon-pos-left av-no-color avia-icon-animate \"><span class='av-icon-char' aria-hidden='true' data-av_icon='\ue8ac' data-av_iconfont='entypo-fontello' ><\/span><\/span> (43) 3327-5319<\/p>\n<p>\n<style type=\"text\/css\" id=\"style-css-av-3hbm68-bf7d8a45d97a22f1594f147a9785337c\">\n.av_font_icon.av-3hbm68-bf7d8a45d97a22f1594f147a9785337c .av-icon-char{\nfont-size:30px;\nline-height:30px;\n}\n<\/style>\n<span  class=\"av_font_icon av-3hbm68-bf7d8a45d97a22f1594f147a9785337c avia_animate_when_visible av-icon-style- avia-icon-pos-left av-no-color avia-icon-animate \"><span class='av-icon-char' aria-hidden='true' data-av_icon='\ue909' data-av_iconfont='entypo-fontello' ><\/span><\/span><a href=\"https:\/\/www.instagram.com\/kts.turismo\/\" target=\"_blank\" rel=\"noopener\">@kts.turismo<\/a><\/p>\n<p>\n<style type=\"text\/css\" id=\"style-css-av-1wh5c0-9189cdc9f4f13d142027113c6ed2802f\">\n.av_font_icon.av-1wh5c0-9189cdc9f4f13d142027113c6ed2802f .av-icon-char{\nfont-size:30px;\nline-height:30px;\n}\n<\/style>\n<span  class=\"av_font_icon av-1wh5c0-9189cdc9f4f13d142027113c6ed2802f avia_animate_when_visible av-icon-style- avia-icon-pos-left av-no-color avia-icon-animate \"><span class='av-icon-char' aria-hidden='true' data-av_icon='\ue8ad' data-av_iconfont='entypo-fontello' ><\/span><\/span> <a href=\"https:\/\/www.ktsturismo.com.br\">ktsturismo.com.br<\/a><\/p>\n<\/div><\/section><\/p><\/div><\/div><!--close column table wrapper. Autoclose: 1 -->\n","protected":false},"excerpt":{"rendered":"<p>Tour com paradas na Catedral Metropolitana de Londrina, Santu\u00e1rio de Schoenstatt &#8211; Tabor Esmagadora da Serpente, Santu\u00e1rio de Nossa Senhora Aparecida e Santu\u00e1rio Eucar\u00edstico Mariano.<br \/>\nEmpresa: <strong>KTS Turismo<\/strong><br \/>\nMunic\u00edpio: <strong>Londrina<\/strong><\/p>\n","protected":false},"author":2,"featured_media":3953,"comment_status":"closed","ping_status":"open","sticky":false,"template":"","format":"standard","meta":{"footnotes":""},"categories":[12,20,8,131],"tags":[122],"class_list":["post-3952","post","type-post","status-publish","format-standard","has-post-thumbnail","hentry","category-locais","category-norte-do-parana","category-segmentos","category-turismo-religioso","tag-tour"],"_links":{"self":[{"href":"https:\/\/sebraepr.com.br\/experienciasturisticas\/wp-json\/wp\/v2\/posts\/3952","targetHints":{"allow":["GET"]}}],"collection":[{"href":"https:\/\/sebraepr.com.br\/experienciasturisticas\/wp-json\/wp\/v2\/posts"}],"about":[{"href":"https:\/\/sebraepr.com.br\/experienciasturisticas\/wp-json\/wp\/v2\/types\/post"}],"author":[{"embeddable":true,"href":"https:\/\/sebraepr.com.br\/experienciasturisticas\/wp-json\/wp\/v2\/users\/2"}],"replies":[{"embeddable":true,"href":"https:\/\/sebraepr.com.br\/experienciasturisticas\/wp-json\/wp\/v2\/comments?post=3952"}],"version-history":[{"count":3,"href":"https:\/\/sebraepr.com.br\/experienciasturisticas\/wp-json\/wp\/v2\/posts\/3952\/revisions"}],"predecessor-version":[{"id":3957,"href":"https:\/\/sebraepr.com.br\/experienciasturisticas\/wp-json\/wp\/v2\/posts\/3952\/revisions\/3957"}],"wp:featuredmedia":[{"embeddable":true,"href":"https:\/\/sebraepr.com.br\/experienciasturisticas\/wp-json\/wp\/v2\/media\/3953"}],"wp:attachment":[{"href":"https:\/\/sebraepr.com.br\/experienciasturisticas\/wp-json\/wp\/v2\/media?parent=3952"}],"wp:term":[{"taxonomy":"category","embeddable":true,"href":"https:\/\/sebraepr.com.br\/experienciasturisticas\/wp-json\/wp\/v2\/categories?post=3952"},{"taxonomy":"post_tag","embeddable":true,"href":"https:\/\/sebraepr.com.br\/experienciasturisticas\/wp-json\/wp\/v2\/tags?post=3952"}],"curies":[{"name":"wp","href":"https:\/\/api.w.org\/{rel}","templated":true}]}}