{"id":3850,"date":"2024-11-25T10:55:31","date_gmt":"2024-11-25T13:55:31","guid":{"rendered":"https:\/\/sebraepr.com.br\/experienciasturisticas\/?p=3850"},"modified":"2024-11-25T10:56:12","modified_gmt":"2024-11-25T13:56:12","slug":"navegando-pelo-arquipelago-dos-currais","status":"publish","type":"post","link":"https:\/\/sebraepr.com.br\/experienciasturisticas\/navegando-pelo-arquipelago-dos-currais\/","title":{"rendered":"Navegando pelo Arquip\u00e9lago dos Currais"},"content":{"rendered":"<div id='full_slider_1'  class='avia-fullwidth-slider main_color avia-shadow   avia-builder-el-0  el_before_av_one_full  avia-builder-el-first   container_wrap sidebar_right'  ><div   data-size='no scaling'  data-lightbox_size='large'  data-animation='slide'  data-conditional_play=''  data-ids='330'  data-video_counter='0'  data-autoplay='false'  data-bg_slider='false'  data-slide_height=''  data-handle='av_slideshow_full'  data-interval='5'  data-class=' '  data-el_id=''  data-css_id=''  data-scroll_down=''  data-control_layout='av-control-default'  data-custom_markup=''  data-perma_caption=''  data-autoplay_stopper=''  data-image_attachment=''  data-min_height='0px'  data-lazy_loading='disabled'  data-src=''  data-position='top left'  data-repeat='no-repeat'  data-attach='scroll'  data-stretch=''  class='avia-slideshow avia-slideshow-1  av-control-default av-default-height-applied avia-slideshow-no scaling av_slideshow_full   avia-slide-slider '  itemprop=\"image\" itemscope=\"itemscope\" itemtype=\"https:\/\/schema.org\/ImageObject\" ><ul class='avia-slideshow-inner ' style='padding-bottom: 9.4791666666667%;' ><li  class=' av-single-slide slide-1 ' ><div data-rel='slideshow-1' class='avia-slide-wrap '   ><img decoding=\"async\" class=\"wp-image-330 avia-img-lazy-loading-not-330\"  src=\"https:\/\/sebraepr.com.br\/experienciasturisticas\/wp-content\/uploads\/Top-Ecoturismo-Aventura-e-Natureza.png\" width=\"1920\" height=\"182\" title='Top Ecoturismo Aventura e Natureza' alt=''  itemprop=\"thumbnailUrl\" srcset=\"https:\/\/sebraepr.com.br\/experienciasturisticas\/wp-content\/uploads\/Top-Ecoturismo-Aventura-e-Natureza.png 1920w, https:\/\/sebraepr.com.br\/experienciasturisticas\/wp-content\/uploads\/Top-Ecoturismo-Aventura-e-Natureza-300x28.png 300w, https:\/\/sebraepr.com.br\/experienciasturisticas\/wp-content\/uploads\/Top-Ecoturismo-Aventura-e-Natureza-1030x98.png 1030w, https:\/\/sebraepr.com.br\/experienciasturisticas\/wp-content\/uploads\/Top-Ecoturismo-Aventura-e-Natureza-768x73.png 768w, https:\/\/sebraepr.com.br\/experienciasturisticas\/wp-content\/uploads\/Top-Ecoturismo-Aventura-e-Natureza-1536x146.png 1536w, https:\/\/sebraepr.com.br\/experienciasturisticas\/wp-content\/uploads\/Top-Ecoturismo-Aventura-e-Natureza-1500x142.png 1500w, https:\/\/sebraepr.com.br\/experienciasturisticas\/wp-content\/uploads\/Top-Ecoturismo-Aventura-e-Natureza-705x67.png 705w\" sizes=\"(max-width: 1920px) 100vw, 1920px\" \/><\/div><\/li><\/ul><\/div><\/div><div id='after_full_slider_1'  class='main_color av_default_container_wrap container_wrap sidebar_right'  ><div class='container av-section-cont-open' ><div class='template-page content  av-content-small alpha units'><div class='post-entry post-entry-type-page post-entry-3850'><div class='entry-content-wrapper clearfix'>\n<div class='flex_column av-gpu3tm-6a473bef52b8ab382c46117e8de6d0a4 av_one_full  avia-builder-el-1  el_after_av_slideshow_full  el_before_av_one_full  avia-builder-el-first  cultura first flex_column_div '   ><div   data-size='no scaling'  data-lightbox_size='large'  data-animation='slide'  data-conditional_play=''  data-ids='3853'  data-video_counter='0'  data-autoplay='false'  data-bg_slider='false'  data-slide_height=''  data-handle='av_slideshow'  data-interval='5'  data-class=' avia-builder-el-2  avia-builder-el-no-sibling  eco-banner '  data-el_id=''  data-css_id=''  data-scroll_down=''  data-control_layout='av-control-default'  data-custom_markup=''  data-perma_caption=''  data-autoplay_stopper=''  data-image_attachment=''  data-min_height='0px'  data-lazy_loading='disabled'  class='avia-slideshow avia-slideshow-2  av-control-default av-default-height-applied avia-slideshow-no scaling av_slideshow  avia-builder-el-2  avia-builder-el-no-sibling  eco-banner  avia-slide-slider '  itemprop=\"image\" itemscope=\"itemscope\" itemtype=\"https:\/\/schema.org\/ImageObject\" ><ul class='avia-slideshow-inner ' style='padding-bottom: 55.057915057915%;' ><li  class=' av-single-slide slide-1 ' ><div data-rel='slideshow-2' class='avia-slide-wrap '   ><div class=\"avia-caption av-slideshow-caption\"><div class=\"avia-inner-caption\"><h2  class='avia-caption-title  '  itemprop=\"name\" >Navegando pelo Arquip\u00e9lago dos Currais<\/h2><div class='avia-caption-content  '  itemprop=\"description\"  ><p>Ber\u00e7o Marinho no quintal de Pontal do Paran\u00e1<\/p>\n<\/div><\/div><\/div><img decoding=\"async\" class=\"wp-image-3853 avia-img-lazy-loading-not-3853\"  src=\"https:\/\/sebraepr.com.br\/experienciasturisticas\/wp-content\/uploads\/Navegando-pelo-Arquipelago-dos-Currais.jpg\" width=\"1295\" height=\"713\" title='Navegando pelo Arquip\u00e9lago dos Currais' alt=''  itemprop=\"thumbnailUrl\" srcset=\"https:\/\/sebraepr.com.br\/experienciasturisticas\/wp-content\/uploads\/Navegando-pelo-Arquipelago-dos-Currais.jpg 1295w, https:\/\/sebraepr.com.br\/experienciasturisticas\/wp-content\/uploads\/Navegando-pelo-Arquipelago-dos-Currais-300x165.jpg 300w, https:\/\/sebraepr.com.br\/experienciasturisticas\/wp-content\/uploads\/Navegando-pelo-Arquipelago-dos-Currais-1030x567.jpg 1030w, https:\/\/sebraepr.com.br\/experienciasturisticas\/wp-content\/uploads\/Navegando-pelo-Arquipelago-dos-Currais-768x423.jpg 768w, https:\/\/sebraepr.com.br\/experienciasturisticas\/wp-content\/uploads\/Navegando-pelo-Arquipelago-dos-Currais-705x388.jpg 705w\" sizes=\"(max-width: 1295px) 100vw, 1295px\" \/><\/div><\/li><\/ul><\/div><\/div>\n<div class='flex_column av-fbuzay-ee16d2ff57ecc334eba1e901eff6f9ed av_one_full  avia-builder-el-3  el_after_av_one_full  el_before_av_one_half  ecotur first flex_column_div  av-animated-generic pop-up column-top-margin'   ><section class=\"av_textblock_section \"  itemscope=\"itemscope\" itemtype=\"https:\/\/schema.org\/BlogPosting\" itemprop=\"blogPost\" ><div class='avia_textblock  '   itemprop=\"text\" ><p><strong>O Parque Nacional Marinho da Ilha dos Currais \u00e9 o primeiro parque marinho do estado do Paran\u00e1 e o terceiro do pa\u00eds, atr\u00e1s dos Parques Marinhos dos Abrolhos e de Fernando de Noronha. O passeio integra as modalidades de Ecoturismo, Turismo de Aventura e Birdwatching, proporcionando uma visualiza\u00e7\u00e3o completa nas paisagens e na biodiversidade do Arquip\u00e9logo dos Currais. Saindo do terminal de embarque de Pontal do Sul avistamos a Ilha do Mel, a Serra do Mar e a vista panor\u00e2mica da cidade de Pontal do Paran\u00e1 em terra, al\u00e9m do passeio 360\u00ba em torno do arquip\u00e9logo dos currais. Uma experi\u00eancia comportada at\u00e9 10 pessoas, garantindo uma viv\u00eancia mais exclusiva e atenciosa.<\/strong><\/p>\n<\/div><\/section><\/div>\n<div class='flex_column_table av-e2zbq2-7311bb5b09c60997a146694eeff7931a sc-av_one_half av-equal-height-column-flextable'><div class='flex_column av-e2zbq2-7311bb5b09c60997a146694eeff7931a av_one_half  avia-builder-el-5  el_after_av_one_full  el_before_av_one_half  ecotur first flex_column_table_cell av-equal-height-column av-align-middle  av-animated-generic bottom-to-top column-top-margin'   ><section class=\"av_textblock_section \"  itemscope=\"itemscope\" itemtype=\"https:\/\/schema.org\/BlogPosting\" itemprop=\"blogPost\" ><div class='avia_textblock  '   itemprop=\"text\" ><p><strong>Dias e hor\u00e1rios de funcionamento:<\/strong> Quinta, sexta, s\u00e1bado e domingo das 7h30 \u00e0s 12h00 o ano todo. A comunica\u00e7\u00e3o pr\u00e9via de 24 horas \u00e9 obrigat\u00f3ria para a confirma\u00e7\u00e3o do passeio que s\u00f3 acontece no per\u00edodo da manh\u00e3, uma vez que a sua realiza\u00e7\u00e3o depende das condi\u00e7\u00f5es clim\u00e1ticas, como vento e mar.<br \/>\n<strong>O que a experi\u00eancia inclui: <\/strong><br \/>\nEste passeio oferece uma experi\u00eancia \u00fanica de contempla\u00e7\u00e3o e observa\u00e7\u00e3o de aves no Arquip\u00e9lago dos Currais e da vida Marinha permitindo aos turistas um novo olhar sobre as belezas naturais de Pontal do Paran\u00e1. Al\u00e9m de ser um passeio contemplativo, busca se tornar uma refer\u00eancia em observa\u00e7\u00e3o de aves no litoral do Paran\u00e1, promovendo a valoriza\u00e7\u00e3o e preserva\u00e7\u00e3o desse ecossistema singular. A experi\u00eancia inclui Guia de Turismo e\/ou condutor de aventura, embarca\u00e7\u00e3o, kit lanche.<br \/>\n<strong>Anteced\u00eancia para reserva: <\/strong> A comunica\u00e7\u00e3o pr\u00e9via de 24 horas \u00e9 obrigat\u00f3ria para a confirma\u00e7\u00e3o.<br \/>\n<strong>N\u00famero m\u00ednimo e m\u00e1ximo de pessoas: <\/strong>M\u00ednimo 1 pessoas e M\u00e1ximo de 10 pessoas.<br \/>\n<strong>Indicado para: <\/strong> O passeio \u00e9 voltado para amantes da natureza, observadores de aves (birdwatching), p\u00fablico t\u00e9cnico-cient\u00edfico, pesquisadores, adeptos do ecoturismo e do turismo de aventura. O perfil predominante \u00e9 dos turistas aloc\u00eantricos, caracterizados por sua curiosidade, esp\u00edrito aventureiro e busca por experi\u00eancias aut\u00eanticas.<\/p>\n<\/div><\/section><\/div>\n<div class='av-flex-placeholder'><\/div><div class='flex_column av-cfsmh6-2cb9095f2031bb437a048d1a59a4cc83 av_one_half  avia-builder-el-7  el_after_av_one_half  el_before_av_one_half  cultura flex_column_table_cell av-equal-height-column av-align-middle  av-animated-generic bottom-to-top column-top-margin'   ><style type=\"text\/css\" id=\"style-css-av-m3x3319g-13e91a38ac1c462ece81af7305eaed36\">\n.avia-image-container.av-m3x3319g-13e91a38ac1c462ece81af7305eaed36 .av-image-caption-overlay-center{\ncolor:#ffffff;\n}\n<\/style>\n<div  class='avia-image-container av-m3x3319g-13e91a38ac1c462ece81af7305eaed36 av-styling- avia-align-center  avia-builder-el-8  avia-builder-el-no-sibling  '  itemprop=\"image\" itemscope=\"itemscope\" itemtype=\"https:\/\/schema.org\/ImageObject\" ><div class=\"avia-image-container-inner\"><div class=\"avia-image-overlay-wrap\"><img decoding=\"async\" class='wp-image-3851 avia-img-lazy-loading-not-3851 avia_image' src=\"https:\/\/sebraepr.com.br\/experienciasturisticas\/wp-content\/uploads\/Sambaqui-Tour.jpg\" alt='' title='Sambaqui Tour'  height=\"494\" width=\"490\"  itemprop=\"thumbnailUrl\" srcset=\"https:\/\/sebraepr.com.br\/experienciasturisticas\/wp-content\/uploads\/Sambaqui-Tour.jpg 490w, https:\/\/sebraepr.com.br\/experienciasturisticas\/wp-content\/uploads\/Sambaqui-Tour-298x300.jpg 298w, https:\/\/sebraepr.com.br\/experienciasturisticas\/wp-content\/uploads\/Sambaqui-Tour-80x80.jpg 80w, https:\/\/sebraepr.com.br\/experienciasturisticas\/wp-content\/uploads\/Sambaqui-Tour-36x36.jpg 36w, https:\/\/sebraepr.com.br\/experienciasturisticas\/wp-content\/uploads\/Sambaqui-Tour-180x180.jpg 180w\" sizes=\"(max-width: 490px) 100vw, 490px\" \/><\/div><\/div><\/div><\/div><\/div><!--close column table wrapper. Autoclose: 1 -->\n<div class='flex_column_table av-a981ru-e4d84429732081d419ac617ef4b15f60 sc-av_one_half av-equal-height-column-flextable'><div class='flex_column av-a981ru-e4d84429732081d419ac617ef4b15f60 av_one_half  avia-builder-el-9  el_after_av_one_half  el_before_av_one_half  imgarec first flex_column_table_cell av-equal-height-column av-align-top  av-animated-generic bottom-to-top column-top-margin'   ><style type=\"text\/css\" id=\"style-css-av-m3x338n0-4772c411e3e38b7292c3f80e94a9cfb9\">\n.avia-image-container.av-m3x338n0-4772c411e3e38b7292c3f80e94a9cfb9 .av-image-caption-overlay-center{\ncolor:#ffffff;\n}\n<\/style>\n<div  class='avia-image-container av-m3x338n0-4772c411e3e38b7292c3f80e94a9cfb9 av-styling- avia-align-center  avia-builder-el-10  avia-builder-el-no-sibling  '  itemprop=\"image\" itemscope=\"itemscope\" itemtype=\"https:\/\/schema.org\/ImageObject\" ><div class=\"avia-image-container-inner\"><div class=\"avia-image-overlay-wrap\"><img decoding=\"async\" class='wp-image-3852 avia-img-lazy-loading-not-3852 avia_image' src=\"https:\/\/sebraepr.com.br\/experienciasturisticas\/wp-content\/uploads\/Navegando-pelo-Arquipelago-dos-Currais2.jpg\" alt='' title='Navegando pelo Arquip\u00e9lago dos Currais2'  height=\"704\" width=\"659\"  itemprop=\"thumbnailUrl\" srcset=\"https:\/\/sebraepr.com.br\/experienciasturisticas\/wp-content\/uploads\/Navegando-pelo-Arquipelago-dos-Currais2.jpg 659w, https:\/\/sebraepr.com.br\/experienciasturisticas\/wp-content\/uploads\/Navegando-pelo-Arquipelago-dos-Currais2-281x300.jpg 281w\" sizes=\"(max-width: 659px) 100vw, 659px\" \/><\/div><\/div><\/div><\/div>\n<div class='av-flex-placeholder'><\/div>\n<style type=\"text\/css\" id=\"style-css-av-9goqqy-1c20f5bb4191e75bae4f27d49a939b88\">\n.flex_column.av-9goqqy-1c20f5bb4191e75bae4f27d49a939b88{\nborder-radius:20px 20px 20px 20px;\n-webkit-border-radius:20px 20px 20px 20px;\n-moz-border-radius:20px 20px 20px 20px;\npadding:20px 20px 20px 20px;\nbackground-color:#1a8136;\n}\n<\/style>\n<div class='flex_column av-9goqqy-1c20f5bb4191e75bae4f27d49a939b88 av_one_half  avia-builder-el-11  el_after_av_one_half  avia-builder-el-last  cont-mapas flex_column_table_cell av-equal-height-column av-align-top  av-animated-generic bottom-to-top column-top-margin'   id=\"cont-mapas-li\"  ><p>\n<style type=\"text\/css\" id=\"style-css-av-84t2a2-37ad179b339fd1816aacfe7c5d21fd63\">\n.avia-image-container.av-84t2a2-37ad179b339fd1816aacfe7c5d21fd63 .av-image-caption-overlay-center{\ncolor:#ffffff;\n}\n<\/style>\n<div  class='avia-image-container av-84t2a2-37ad179b339fd1816aacfe7c5d21fd63 av-styling- av-hover-grow avia-align-center  avia-builder-el-12  el_before_av_textblock  avia-builder-el-first  '  itemprop=\"image\" itemscope=\"itemscope\" itemtype=\"https:\/\/schema.org\/ImageObject\" ><div class=\"avia-image-container-inner\"><div class=\"avia-image-overlay-wrap\"><a href=\"https:\/\/sebraepr.com.br\/experienciasturisticas\/category\/locais\/litoral\/\" class='avia_image' ><img decoding=\"async\" width=\"300\" height=\"206\" class='wp-image-263 avia-img-lazy-loading-not-263 avia_image' src=\"https:\/\/sebraepr.com.br\/experienciasturisticas\/wp-content\/uploads\/Parana-Litoral-1-300x206.png\" alt='' title='Paran\u00e1 Litoral'  itemprop=\"thumbnailUrl\" srcset=\"https:\/\/sebraepr.com.br\/experienciasturisticas\/wp-content\/uploads\/Parana-Litoral-1-300x206.png 300w, https:\/\/sebraepr.com.br\/experienciasturisticas\/wp-content\/uploads\/Parana-Litoral-1.png 600w\" sizes=\"(max-width: 300px) 100vw, 300px\" \/><\/a><\/div><\/div><\/div><br \/>\n<section class=\"av_textblock_section \"  itemscope=\"itemscope\" itemtype=\"https:\/\/schema.org\/BlogPosting\" itemprop=\"blogPost\" ><div class='avia_textblock  av_inherit_color '  style='color:#ffffff; '  itemprop=\"text\" ><p><strong>Empresa:<\/strong> Sambaqui Tour<br \/>\n<strong>Munic\u00edpio:<\/strong> Pontal do Parana<\/p>\n<\/div><\/section><br \/>\n<section class=\"av_textblock_section \"  itemscope=\"itemscope\" itemtype=\"https:\/\/schema.org\/BlogPosting\" itemprop=\"blogPost\" ><div class='avia_textblock  av_inherit_color '  style='color:#ffffff; '  itemprop=\"text\" ><p>\n<style type=\"text\/css\" id=\"style-css-av-628y6y-748824999f723df0692bd4309933dd27\">\n.av_font_icon.av-628y6y-748824999f723df0692bd4309933dd27 .av-icon-char{\nfont-size:30px;\nline-height:30px;\n}\n<\/style>\n<span  class=\"av_font_icon av-628y6y-748824999f723df0692bd4309933dd27 avia_animate_when_visible av-icon-style- avia-icon-pos-left av-no-color avia-icon-animate \"><span class='av-icon-char' aria-hidden='true' data-av_icon='\ue842' data-av_iconfont='entypo-fontello' ><\/span><\/span> <a href=\"https:\/\/maps.app.goo.gl\/TiK7D4mdbjqW1wm57\" target=\"_blank\" rel=\"noopener\">Rua Agricola n\u00ba40, Jardim Jacaranda, Praia de Leste<\/a><\/p>\n<p>\n<style type=\"text\/css\" id=\"style-css-av-4qv25m-3463bfef3e7b64a4c7b15a08842bb4c9\">\n.av_font_icon.av-4qv25m-3463bfef3e7b64a4c7b15a08842bb4c9 .av-icon-char{\nfont-size:30px;\nline-height:30px;\n}\n<\/style>\n<span  class=\"av_font_icon av-4qv25m-3463bfef3e7b64a4c7b15a08842bb4c9 avia_animate_when_visible av-icon-style- avia-icon-pos-left av-no-color avia-icon-animate \"><span class='av-icon-char' aria-hidden='true' data-av_icon='\ue8ac' data-av_iconfont='entypo-fontello' ><\/span><\/span> (41) 99284-6918<\/p>\n<p>\n<style type=\"text\/css\" id=\"style-css-av-2ws5q2-d0cd56a0df73f05e75bba78e885c1131\">\n.av_font_icon.av-2ws5q2-d0cd56a0df73f05e75bba78e885c1131 .av-icon-char{\nfont-size:30px;\nline-height:30px;\n}\n<\/style>\n<span  class=\"av_font_icon av-2ws5q2-d0cd56a0df73f05e75bba78e885c1131 avia_animate_when_visible av-icon-style- avia-icon-pos-left av-no-color avia-icon-animate \"><span class='av-icon-char' aria-hidden='true' data-av_icon='\uf232' data-av_iconfont='entypo-fontello' ><\/span><\/span> <a href=\"https:\/\/api.whatsapp.com\/send?phone=5541992846918&amp;text=Ol\u00e1!%20Vim%20pelo%20site%20de%20experi\u00eancias%20tur\u00edsticas%20e%20quero%20mais%20informa\u00e7\u00f5es\">5541992846918<\/a><\/p>\n<\/div><\/section><\/p><\/div><\/div><!--close column table wrapper. Autoclose: 1 -->\n","protected":false},"excerpt":{"rendered":"<p>O Parque Nacional Marinho da Ilha dos Currais \u00e9 o primeiro parque marinho do estado do Paran\u00e1 e o terceiro do pa\u00eds, atr\u00e1s dos Parques Marinhos dos Abrolhos e de Fernando de Noronha.<br \/>\nEmpresa: <strong>Sambaqui Tour<\/strong><br \/>\nMunic\u00edpio: <strong>Pontal do Parana<\/strong><\/p>\n","protected":false},"author":2,"featured_media":3852,"comment_status":"closed","ping_status":"open","sticky":false,"template":"","format":"standard","meta":{"footnotes":""},"categories":[4,22,12,8],"tags":[166],"class_list":["post-3850","post","type-post","status-publish","format-standard","has-post-thumbnail","hentry","category-ecoturismo-e-natureza","category-litoral","category-locais","category-segmentos","tag-navegacao"],"_links":{"self":[{"href":"https:\/\/sebraepr.com.br\/experienciasturisticas\/wp-json\/wp\/v2\/posts\/3850","targetHints":{"allow":["GET"]}}],"collection":[{"href":"https:\/\/sebraepr.com.br\/experienciasturisticas\/wp-json\/wp\/v2\/posts"}],"about":[{"href":"https:\/\/sebraepr.com.br\/experienciasturisticas\/wp-json\/wp\/v2\/types\/post"}],"author":[{"embeddable":true,"href":"https:\/\/sebraepr.com.br\/experienciasturisticas\/wp-json\/wp\/v2\/users\/2"}],"replies":[{"embeddable":true,"href":"https:\/\/sebraepr.com.br\/experienciasturisticas\/wp-json\/wp\/v2\/comments?post=3850"}],"version-history":[{"count":3,"href":"https:\/\/sebraepr.com.br\/experienciasturisticas\/wp-json\/wp\/v2\/posts\/3850\/revisions"}],"predecessor-version":[{"id":3855,"href":"https:\/\/sebraepr.com.br\/experienciasturisticas\/wp-json\/wp\/v2\/posts\/3850\/revisions\/3855"}],"wp:featuredmedia":[{"embeddable":true,"href":"https:\/\/sebraepr.com.br\/experienciasturisticas\/wp-json\/wp\/v2\/media\/3852"}],"wp:attachment":[{"href":"https:\/\/sebraepr.com.br\/experienciasturisticas\/wp-json\/wp\/v2\/media?parent=3850"}],"wp:term":[{"taxonomy":"category","embeddable":true,"href":"https:\/\/sebraepr.com.br\/experienciasturisticas\/wp-json\/wp\/v2\/categories?post=3850"},{"taxonomy":"post_tag","embeddable":true,"href":"https:\/\/sebraepr.com.br\/experienciasturisticas\/wp-json\/wp\/v2\/tags?post=3850"}],"curies":[{"name":"wp","href":"https:\/\/api.w.org\/{rel}","templated":true}]}}