{"id":3840,"date":"2024-11-25T10:32:20","date_gmt":"2024-11-25T13:32:20","guid":{"rendered":"https:\/\/sebraepr.com.br\/experienciasturisticas\/?p=3840"},"modified":"2026-02-13T10:37:17","modified_gmt":"2026-02-13T13:37:17","slug":"pakova-roysa","status":"publish","type":"post","link":"https:\/\/sebraepr.com.br\/experienciasturisticas\/pakova-roysa\/","title":{"rendered":"Pakova ro&#8217;ys\u00e3"},"content":{"rendered":"<div id='full_slider_1'  class='avia-fullwidth-slider main_color avia-shadow   avia-builder-el-0  el_before_av_one_full  avia-builder-el-first   container_wrap sidebar_right'  ><div   data-size='no scaling'  data-lightbox_size='large'  data-animation='slide'  data-conditional_play=''  data-ids='2212'  data-video_counter='0'  data-autoplay='false'  data-bg_slider='false'  data-slide_height=''  data-handle='av_slideshow_full'  data-interval='5'  data-class=' '  data-el_id=''  data-css_id=''  data-scroll_down=''  data-control_layout='av-control-default'  data-custom_markup=''  data-perma_caption=''  data-autoplay_stopper=''  data-image_attachment=''  data-min_height='0px'  data-lazy_loading='disabled'  data-src=''  data-position='top left'  data-repeat='no-repeat'  data-attach='scroll'  data-stretch=''  class='avia-slideshow avia-slideshow-1  av-control-default av-default-height-applied avia-slideshow-no scaling av_slideshow_full   avia-slide-slider '  itemprop=\"image\" itemscope=\"itemscope\" itemtype=\"https:\/\/schema.org\/ImageObject\" ><ul class='avia-slideshow-inner ' style='padding-bottom: 9.4791666666667%;' ><li  class=' av-single-slide slide-1 ' ><div data-rel='slideshow-1' class='avia-slide-wrap '   ><img decoding=\"async\" class=\"wp-image-2212 avia-img-lazy-loading-not-2212\"  src=\"https:\/\/sebraepr.com.br\/experienciasturisticas\/wp-content\/uploads\/Top-Gastronomia.png\" width=\"1920\" height=\"182\" title='Top Gastronomia' alt=''  itemprop=\"thumbnailUrl\" srcset=\"https:\/\/sebraepr.com.br\/experienciasturisticas\/wp-content\/uploads\/Top-Gastronomia.png 1920w, https:\/\/sebraepr.com.br\/experienciasturisticas\/wp-content\/uploads\/Top-Gastronomia-300x28.png 300w, https:\/\/sebraepr.com.br\/experienciasturisticas\/wp-content\/uploads\/Top-Gastronomia-1030x98.png 1030w, https:\/\/sebraepr.com.br\/experienciasturisticas\/wp-content\/uploads\/Top-Gastronomia-768x73.png 768w, https:\/\/sebraepr.com.br\/experienciasturisticas\/wp-content\/uploads\/Top-Gastronomia-1536x146.png 1536w, https:\/\/sebraepr.com.br\/experienciasturisticas\/wp-content\/uploads\/Top-Gastronomia-1500x142.png 1500w, https:\/\/sebraepr.com.br\/experienciasturisticas\/wp-content\/uploads\/Top-Gastronomia-705x67.png 705w\" sizes=\"(max-width: 1920px) 100vw, 1920px\" \/><\/div><\/li><\/ul><\/div><\/div><div id='after_full_slider_1'  class='main_color av_default_container_wrap container_wrap sidebar_right'  ><div class='container av-section-cont-open' ><div class='template-page content  av-content-small alpha units'><div class='post-entry post-entry-type-page post-entry-3840'><div class='entry-content-wrapper clearfix'>\n<div class='flex_column av-1wsi74-00eb70afdb043e8082d0850595de4a6a av_one_full  avia-builder-el-1  el_after_av_slideshow_full  el_before_av_one_full  avia-builder-el-first  cultura first flex_column_div '   ><div   data-size='no scaling'  data-lightbox_size='large'  data-animation='slide'  data-conditional_play=''  data-ids='3843'  data-video_counter='0'  data-autoplay='false'  data-bg_slider='false'  data-slide_height=''  data-handle='av_slideshow'  data-interval='5'  data-class=' avia-builder-el-2  avia-builder-el-no-sibling  gas-banner '  data-el_id=''  data-css_id=''  data-scroll_down=''  data-control_layout='av-control-default'  data-custom_markup=''  data-perma_caption=''  data-autoplay_stopper=''  data-image_attachment=''  data-min_height='0px'  data-lazy_loading='disabled'  class='avia-slideshow avia-slideshow-2  av-control-default av-default-height-applied avia-slideshow-no scaling av_slideshow  avia-builder-el-2  avia-builder-el-no-sibling  gas-banner  avia-slide-slider '  itemprop=\"image\" itemscope=\"itemscope\" itemtype=\"https:\/\/schema.org\/ImageObject\" ><ul class='avia-slideshow-inner ' style='padding-bottom: 73.203883495146%;' ><li  class=' av-single-slide slide-1 ' ><div data-rel='slideshow-2' class='avia-slide-wrap '   ><div class=\"avia-caption av-slideshow-caption\"><div class=\"avia-inner-caption\"><h2  class='avia-caption-title  '  itemprop=\"name\" >Pakova ro\u2019ys\u00e3<\/h2><div class='avia-caption-content  '  itemprop=\"description\"  ><p>Uma verdadeira experi\u00eancia, mais que uma sobremesa, uma explos\u00e3o refrescante de sabores cai\u00e7ara<\/p>\n<\/div><\/div><\/div><img decoding=\"async\" class=\"wp-image-3843 avia-img-lazy-loading-not-3843\"  src=\"https:\/\/sebraepr.com.br\/experienciasturisticas\/wp-content\/uploads\/Pakova.jpg\" width=\"1030\" height=\"754\" title='Pakova' alt=''  itemprop=\"thumbnailUrl\" srcset=\"https:\/\/sebraepr.com.br\/experienciasturisticas\/wp-content\/uploads\/Pakova.jpg 1030w, https:\/\/sebraepr.com.br\/experienciasturisticas\/wp-content\/uploads\/Pakova-300x220.jpg 300w, https:\/\/sebraepr.com.br\/experienciasturisticas\/wp-content\/uploads\/Pakova-768x562.jpg 768w, https:\/\/sebraepr.com.br\/experienciasturisticas\/wp-content\/uploads\/Pakova-705x516.jpg 705w\" sizes=\"(max-width: 1030px) 100vw, 1030px\" \/><\/div><\/li><\/ul><\/div><\/div>\n<div class='flex_column av-hrkzkg-3f04377a744b61f5ddf697ec8a74940f av_one_full  avia-builder-el-3  el_after_av_one_full  el_before_av_one_half  gastronomia first flex_column_div  av-animated-generic pop-up column-top-margin'   ><section class=\"av_textblock_section \"  itemscope=\"itemscope\" itemtype=\"https:\/\/schema.org\/BlogPosting\" itemprop=\"blogPost\" ><div class='avia_textblock  '   itemprop=\"text\" ><p><strong>Desfrute da Pakova ro&#8217;ys\u00e3, uma do\u00e7ura cai\u00e7ara no seu paladar! Experimente uma leve sobremesa que traz a simplicidade tradicional e uma explos\u00e3o de sabores regionais do litoral do Paran\u00e1. Delicie-se com a banana flambada na cataia, coco tropical e doce de leite cozido na cataia. Uma verdadeira celebra\u00e7\u00e3o dos nossos sabores!<\/strong><\/p>\n<\/div><\/section><\/div>\n<div class='flex_column_table av-fxqvhs-b6ff6cda24707d5b7395ee11fcb66f55 sc-av_one_half av-equal-height-column-flextable'><div class='flex_column av-fxqvhs-b6ff6cda24707d5b7395ee11fcb66f55 av_one_half  avia-builder-el-5  el_after_av_one_full  el_before_av_one_half  gastronomia first flex_column_table_cell av-equal-height-column av-align-middle  av-animated-generic bottom-to-top column-top-margin'   ><section class=\"av_textblock_section \"  itemscope=\"itemscope\" itemtype=\"https:\/\/schema.org\/BlogPosting\" itemprop=\"blogPost\" ><div class='avia_textblock  '   itemprop=\"text\" ><p><strong>Dias e hor\u00e1rios de funcionamento:<\/strong> Segunda a segunda das 11hrs as 15Hrs \/ 18hrs 22hrs<br \/>\n<strong>O que a experi\u00eancia inclui: <\/strong> Degusta\u00e7\u00e3o de uma sobremesa composta pelos ingredientes regionais do litoral paranaene, banana reginalissima, flambana na cachaca de cataia, com o coco sendo tropical, sorvete de tapioca, doce de leite cozido com cataia, acompanhado com uma farofa de castanhas levemente mentolada.<br \/>\n<strong>Anteced\u00eancia para reserva: <\/strong> N\u00e3o h\u00e1 necessidade de reserva<br \/>\n<strong>N\u00famero m\u00ednimo e m\u00e1ximo de pessoas: <\/strong> N\u00e3o se aplica<br \/>\n<strong>Indicado para: <\/strong> A popula\u00e7\u00e3o local e turistas que visitam o litoral paranaense e que desejam experiementar a mais pura e saborosa gastromia local.<\/p>\n<\/div><\/section><\/div>\n<div class='av-flex-placeholder'><\/div><div class='flex_column av-dwqpao-7f94bec005ee1f4db02fbbf46e4119ea av_one_half  avia-builder-el-7  el_after_av_one_half  el_before_av_one_half  cultura flex_column_table_cell av-equal-height-column av-align-middle  av-animated-generic bottom-to-top column-top-margin'   ><style type=\"text\/css\" id=\"style-css-av-m3x2aafq-efb1514a1286909a5ad80f4f7fd0484e\">\n.avia-image-container.av-m3x2aafq-efb1514a1286909a5ad80f4f7fd0484e .av-image-caption-overlay-center{\ncolor:#ffffff;\n}\n<\/style>\n<div  class='avia-image-container av-m3x2aafq-efb1514a1286909a5ad80f4f7fd0484e av-styling- avia-align-center  avia-builder-el-8  avia-builder-el-no-sibling  '  itemprop=\"image\" itemscope=\"itemscope\" itemtype=\"https:\/\/schema.org\/ImageObject\" ><div class=\"avia-image-container-inner\"><div class=\"avia-image-overlay-wrap\"><img decoding=\"async\" class='wp-image-3841 avia-img-lazy-loading-not-3841 avia_image' src=\"https:\/\/sebraepr.com.br\/experienciasturisticas\/wp-content\/uploads\/Pousada-e-Pub-Guaricana.jpg\" alt='' title='Pousada e Pub Guaricana'  height=\"448\" width=\"416\"  itemprop=\"thumbnailUrl\" srcset=\"https:\/\/sebraepr.com.br\/experienciasturisticas\/wp-content\/uploads\/Pousada-e-Pub-Guaricana.jpg 416w, https:\/\/sebraepr.com.br\/experienciasturisticas\/wp-content\/uploads\/Pousada-e-Pub-Guaricana-279x300.jpg 279w\" sizes=\"(max-width: 416px) 100vw, 416px\" \/><\/div><\/div><\/div><\/div><\/div><!--close column table wrapper. Autoclose: 1 -->\n<div class='flex_column_table av-clllm8-cac06af81e6a02afa78472a529b87c30 sc-av_one_half av-equal-height-column-flextable'><div class='flex_column av-clllm8-cac06af81e6a02afa78472a529b87c30 av_one_half  avia-builder-el-9  el_after_av_one_half  el_before_av_one_half  imgarga first flex_column_table_cell av-equal-height-column av-align-top  av-animated-generic bottom-to-top column-top-margin'   ><style type=\"text\/css\" id=\"style-css-av-m3x2alpd-49df6fd054720dc405eb5ff85cd0eb6d\">\n.avia-image-container.av-m3x2alpd-49df6fd054720dc405eb5ff85cd0eb6d .av-image-caption-overlay-center{\ncolor:#ffffff;\n}\n<\/style>\n<div  class='avia-image-container av-m3x2alpd-49df6fd054720dc405eb5ff85cd0eb6d av-styling- avia-align-center  avia-builder-el-10  avia-builder-el-no-sibling  '  itemprop=\"image\" itemscope=\"itemscope\" itemtype=\"https:\/\/schema.org\/ImageObject\" ><div class=\"avia-image-container-inner\"><div class=\"avia-image-overlay-wrap\"><img decoding=\"async\" class='wp-image-3844 avia-img-lazy-loading-not-3844 avia_image' src=\"https:\/\/sebraepr.com.br\/experienciasturisticas\/wp-content\/uploads\/Pakova2-1.jpg\" alt='' title='Pakova2'  height=\"787\" width=\"585\"  itemprop=\"thumbnailUrl\" srcset=\"https:\/\/sebraepr.com.br\/experienciasturisticas\/wp-content\/uploads\/Pakova2-1.jpg 585w, https:\/\/sebraepr.com.br\/experienciasturisticas\/wp-content\/uploads\/Pakova2-1-223x300.jpg 223w, https:\/\/sebraepr.com.br\/experienciasturisticas\/wp-content\/uploads\/Pakova2-1-524x705.jpg 524w\" sizes=\"(max-width: 585px) 100vw, 585px\" \/><\/div><\/div><\/div><\/div>\n<div class='av-flex-placeholder'><\/div>\n<style type=\"text\/css\" id=\"style-css-av-bggrfk-90e8158923f6dbf8aecbb30104c15f22\">\n.flex_column.av-bggrfk-90e8158923f6dbf8aecbb30104c15f22{\nborder-radius:20px 20px 20px 20px;\n-webkit-border-radius:20px 20px 20px 20px;\n-moz-border-radius:20px 20px 20px 20px;\npadding:20px 20px 20px 20px;\nbackground-color:#831927;\n}\n<\/style>\n<div class='flex_column av-bggrfk-90e8158923f6dbf8aecbb30104c15f22 av_one_half  avia-builder-el-11  el_after_av_one_half  avia-builder-el-last  cont-mapas flex_column_table_cell av-equal-height-column av-align-top  av-animated-generic bottom-to-top column-top-margin'   id=\"cont-mapas-li\"  ><p>\n<style type=\"text\/css\" id=\"style-css-av-xhpqo-6fd3b0d620234a2dc89e97b7062f9ab1\">\n.avia-image-container.av-xhpqo-6fd3b0d620234a2dc89e97b7062f9ab1 .av-image-caption-overlay-center{\ncolor:#ffffff;\n}\n<\/style>\n<div  class='avia-image-container av-xhpqo-6fd3b0d620234a2dc89e97b7062f9ab1 av-styling- av-hover-grow avia-align-center  avia-builder-el-12  el_before_av_textblock  avia-builder-el-first  '  itemprop=\"image\" itemscope=\"itemscope\" itemtype=\"https:\/\/schema.org\/ImageObject\" ><div class=\"avia-image-container-inner\"><div class=\"avia-image-overlay-wrap\"><a href=\"https:\/\/sebraepr.com.br\/experienciasturisticas\/category\/locais\/litoral\/\" class='avia_image' ><img decoding=\"async\" width=\"300\" height=\"206\" class='wp-image-263 avia-img-lazy-loading-not-263 avia_image' src=\"https:\/\/sebraepr.com.br\/experienciasturisticas\/wp-content\/uploads\/Parana-Litoral-1-300x206.png\" alt='' title='Paran\u00e1 Litoral'  itemprop=\"thumbnailUrl\" srcset=\"https:\/\/sebraepr.com.br\/experienciasturisticas\/wp-content\/uploads\/Parana-Litoral-1-300x206.png 300w, https:\/\/sebraepr.com.br\/experienciasturisticas\/wp-content\/uploads\/Parana-Litoral-1.png 600w\" sizes=\"(max-width: 300px) 100vw, 300px\" \/><\/a><\/div><\/div><\/div><br \/>\n<section class=\"av_textblock_section \"  itemscope=\"itemscope\" itemtype=\"https:\/\/schema.org\/BlogPosting\" itemprop=\"blogPost\" ><div class='avia_textblock  av_inherit_color '  style='color:#ffffff; '  itemprop=\"text\" ><p><strong>Empresa:<\/strong> Pousada e Pub Guaricana<br \/>\n<strong>Munic\u00edpio:<\/strong> Pontal do Paran\u00e1<\/p>\n<\/div><\/section><br \/>\n<section class=\"av_textblock_section \"  itemscope=\"itemscope\" itemtype=\"https:\/\/schema.org\/BlogPosting\" itemprop=\"blogPost\" ><div class='avia_textblock  av_inherit_color '  style='color:#ffffff; '  itemprop=\"text\" ><p>\n<style type=\"text\/css\" id=\"style-css-av-tptrk-02c5ef7fd4816b4da269b84522334e6c\">\n.av_font_icon.av-tptrk-02c5ef7fd4816b4da269b84522334e6c .av-icon-char{\nfont-size:30px;\nline-height:30px;\n}\n<\/style>\n<span  class=\"av_font_icon av-tptrk-02c5ef7fd4816b4da269b84522334e6c avia_animate_when_visible av-icon-style- avia-icon-pos-left av-no-color avia-icon-animate \"><span class='av-icon-char' aria-hidden='true' data-av_icon='\ue842' data-av_iconfont='entypo-fontello' ><\/span><\/span> <a href=\"https:\/\/maps.app.goo.gl\/SA8L29zw3JLASZAk8\" target=\"_blank\" rel=\"noopener\">Av Dep Anibal Khury, 8405<\/a><\/p>\n<p>\n<style type=\"text\/css\" id=\"style-css-av-6e5u00-a44f8acd87c21b80ce749047334992fb\">\n.av_font_icon.av-6e5u00-a44f8acd87c21b80ce749047334992fb .av-icon-char{\nfont-size:30px;\nline-height:30px;\n}\n<\/style>\n<span  class=\"av_font_icon av-6e5u00-a44f8acd87c21b80ce749047334992fb avia_animate_when_visible av-icon-style- avia-icon-pos-left av-no-color avia-icon-animate \"><span class='av-icon-char' aria-hidden='true' data-av_icon='\ue8ac' data-av_iconfont='entypo-fontello' ><\/span><\/span> (41) 99912-6212<\/p>\n<p>\n<style type=\"text\/css\" id=\"style-css-av-4g89a8-f479db5d38fd2bb8227d49a8c0b9d11b\">\n.av_font_icon.av-4g89a8-f479db5d38fd2bb8227d49a8c0b9d11b .av-icon-char{\nfont-size:30px;\nline-height:30px;\n}\n<\/style>\n<span  class=\"av_font_icon av-4g89a8-f479db5d38fd2bb8227d49a8c0b9d11b avia_animate_when_visible av-icon-style- avia-icon-pos-left av-no-color avia-icon-animate \"><span class='av-icon-char' aria-hidden='true' data-av_icon='\uf232' data-av_iconfont='entypo-fontello' ><\/span><\/span> <a href=\"https:\/\/api.whatsapp.com\/send?phone=5541999126212&amp;text=Ol\u00e1!%20Vim%20pelo%20site%20de%20experi\u00eancias%20tur\u00edsticas%20e%20quero%20mais%20informa\u00e7\u00f5es\">5541999126212<\/a><\/p>\n<p>\n<style type=\"text\/css\" id=\"style-css-av-2ce9yo-f9b25b53c6f1a53d2ff9da7ff9c7c679\">\n.av_font_icon.av-2ce9yo-f9b25b53c6f1a53d2ff9da7ff9c7c679 .av-icon-char{\nfont-size:30px;\nline-height:30px;\n}\n<\/style>\n<span  class=\"av_font_icon av-2ce9yo-f9b25b53c6f1a53d2ff9da7ff9c7c679 avia_animate_when_visible av-icon-style- avia-icon-pos-left av-no-color avia-icon-animate \"><span class='av-icon-char' aria-hidden='true' data-av_icon='\ue909' data-av_iconfont='entypo-fontello' ><\/span><\/span><a href=\"https:\/\/www.instagram.com\/pousadaguaricana\/\" target=\"_blank\" rel=\"noopener\">@pousadaguaricana<\/a><\/p>\n<\/div><\/section><\/p><\/div><\/div><!--close column table wrapper. Autoclose: 1 -->\n","protected":false},"excerpt":{"rendered":"<p>Desfrute da Pakova ro&#8217;ys\u00e3, uma do\u00e7ura cai\u00e7ara no seu paladar!<br \/>\nEmpresa: <strong>Pousada e Pub Guaricana<\/strong><br \/>\nMunic\u00edpio: <strong>Pontal do Paran\u00e1<\/strong><\/p>\n","protected":false},"author":2,"featured_media":4760,"comment_status":"closed","ping_status":"open","sticky":false,"template":"","format":"standard","meta":{"footnotes":""},"categories":[2,22,12,8],"tags":[173],"class_list":["post-3840","post","type-post","status-publish","format-standard","has-post-thumbnail","hentry","category-gastronomia","category-litoral","category-locais","category-segmentos","tag-sobremesa"],"_links":{"self":[{"href":"https:\/\/sebraepr.com.br\/experienciasturisticas\/wp-json\/wp\/v2\/posts\/3840","targetHints":{"allow":["GET"]}}],"collection":[{"href":"https:\/\/sebraepr.com.br\/experienciasturisticas\/wp-json\/wp\/v2\/posts"}],"about":[{"href":"https:\/\/sebraepr.com.br\/experienciasturisticas\/wp-json\/wp\/v2\/types\/post"}],"author":[{"embeddable":true,"href":"https:\/\/sebraepr.com.br\/experienciasturisticas\/wp-json\/wp\/v2\/users\/2"}],"replies":[{"embeddable":true,"href":"https:\/\/sebraepr.com.br\/experienciasturisticas\/wp-json\/wp\/v2\/comments?post=3840"}],"version-history":[{"count":3,"href":"https:\/\/sebraepr.com.br\/experienciasturisticas\/wp-json\/wp\/v2\/posts\/3840\/revisions"}],"predecessor-version":[{"id":5400,"href":"https:\/\/sebraepr.com.br\/experienciasturisticas\/wp-json\/wp\/v2\/posts\/3840\/revisions\/5400"}],"wp:featuredmedia":[{"embeddable":true,"href":"https:\/\/sebraepr.com.br\/experienciasturisticas\/wp-json\/wp\/v2\/media\/4760"}],"wp:attachment":[{"href":"https:\/\/sebraepr.com.br\/experienciasturisticas\/wp-json\/wp\/v2\/media?parent=3840"}],"wp:term":[{"taxonomy":"category","embeddable":true,"href":"https:\/\/sebraepr.com.br\/experienciasturisticas\/wp-json\/wp\/v2\/categories?post=3840"},{"taxonomy":"post_tag","embeddable":true,"href":"https:\/\/sebraepr.com.br\/experienciasturisticas\/wp-json\/wp\/v2\/tags?post=3840"}],"curies":[{"name":"wp","href":"https:\/\/api.w.org\/{rel}","templated":true}]}}