{"id":3755,"date":"2024-11-21T16:37:38","date_gmt":"2024-11-21T19:37:38","guid":{"rendered":"https:\/\/sebraepr.com.br\/experienciasturisticas\/?p=3755"},"modified":"2024-11-21T16:37:38","modified_gmt":"2024-11-21T19:37:38","slug":"mineirice-na-capital-do-vinho","status":"publish","type":"post","link":"https:\/\/sebraepr.com.br\/experienciasturisticas\/mineirice-na-capital-do-vinho\/","title":{"rendered":"Mineirice na Capital do Vinho"},"content":{"rendered":"<div id='full_slider_1'  class='avia-fullwidth-slider main_color avia-shadow   avia-builder-el-0  el_before_av_one_full  avia-builder-el-first   container_wrap sidebar_right'  ><div   data-size='no scaling'  data-lightbox_size='large'  data-animation='slide'  data-conditional_play=''  data-ids='2212'  data-video_counter='0'  data-autoplay='false'  data-bg_slider='false'  data-slide_height=''  data-handle='av_slideshow_full'  data-interval='5'  data-class=' '  data-el_id=''  data-css_id=''  data-scroll_down=''  data-control_layout='av-control-default'  data-custom_markup=''  data-perma_caption=''  data-autoplay_stopper=''  data-image_attachment=''  data-min_height='0px'  data-lazy_loading='disabled'  data-src=''  data-position='top left'  data-repeat='no-repeat'  data-attach='scroll'  data-stretch=''  class='avia-slideshow avia-slideshow-1  av-control-default av-default-height-applied avia-slideshow-no scaling av_slideshow_full   avia-slide-slider '  itemprop=\"image\" itemscope=\"itemscope\" itemtype=\"https:\/\/schema.org\/ImageObject\" ><ul class='avia-slideshow-inner ' style='padding-bottom: 9.4791666666667%;' ><li  class=' av-single-slide slide-1 ' ><div data-rel='slideshow-1' class='avia-slide-wrap '   ><img decoding=\"async\" class=\"wp-image-2212 avia-img-lazy-loading-not-2212\"  src=\"https:\/\/sebraepr.com.br\/experienciasturisticas\/wp-content\/uploads\/Top-Gastronomia.png\" width=\"1920\" height=\"182\" title='Top Gastronomia' alt=''  itemprop=\"thumbnailUrl\" srcset=\"https:\/\/sebraepr.com.br\/experienciasturisticas\/wp-content\/uploads\/Top-Gastronomia.png 1920w, https:\/\/sebraepr.com.br\/experienciasturisticas\/wp-content\/uploads\/Top-Gastronomia-300x28.png 300w, https:\/\/sebraepr.com.br\/experienciasturisticas\/wp-content\/uploads\/Top-Gastronomia-1030x98.png 1030w, https:\/\/sebraepr.com.br\/experienciasturisticas\/wp-content\/uploads\/Top-Gastronomia-768x73.png 768w, https:\/\/sebraepr.com.br\/experienciasturisticas\/wp-content\/uploads\/Top-Gastronomia-1536x146.png 1536w, https:\/\/sebraepr.com.br\/experienciasturisticas\/wp-content\/uploads\/Top-Gastronomia-1500x142.png 1500w, https:\/\/sebraepr.com.br\/experienciasturisticas\/wp-content\/uploads\/Top-Gastronomia-705x67.png 705w\" sizes=\"(max-width: 1920px) 100vw, 1920px\" \/><\/div><\/li><\/ul><\/div><\/div><div id='after_full_slider_1'  class='main_color av_default_container_wrap container_wrap sidebar_right'  ><div class='container av-section-cont-open' ><div class='template-page content  av-content-small alpha units'><div class='post-entry post-entry-type-page post-entry-3755'><div class='entry-content-wrapper clearfix'>\n<div class='flex_column av-av_one_full-557fbd3e5c92d202a51a2c4f9e35573b av_one_full  avia-builder-el-1  el_after_av_slideshow_full  el_before_av_one_full  avia-builder-el-first  cultura first flex_column_div '   ><div   data-size='no scaling'  data-lightbox_size='large'  data-animation='slide'  data-conditional_play=''  data-ids='3756'  data-video_counter='0'  data-autoplay='false'  data-bg_slider='false'  data-slide_height=''  data-handle='av_slideshow'  data-interval='5'  data-class=' avia-builder-el-2  avia-builder-el-no-sibling  gas-banner '  data-el_id=''  data-css_id=''  data-scroll_down=''  data-control_layout='av-control-default'  data-custom_markup=''  data-perma_caption=''  data-autoplay_stopper=''  data-image_attachment=''  data-min_height='0px'  data-lazy_loading='disabled'  class='avia-slideshow avia-slideshow-2  av-control-default av-default-height-applied avia-slideshow-no scaling av_slideshow  avia-builder-el-2  avia-builder-el-no-sibling  gas-banner  avia-slide-slider '  itemprop=\"image\" itemscope=\"itemscope\" itemtype=\"https:\/\/schema.org\/ImageObject\" ><ul class='avia-slideshow-inner ' style='padding-bottom: 66.581849024597%;' ><li  class=' av-single-slide slide-1 ' ><div data-rel='slideshow-2' class='avia-slide-wrap '   ><div class=\"avia-caption av-slideshow-caption\"><div class=\"avia-inner-caption\"><h2  class='avia-caption-title  '  itemprop=\"name\" >Mineirice na Capital do Vinho<\/h2><div class='avia-caption-content  '  itemprop=\"description\"  ><p>O Sabor de Minas, com toque de Tradi\u00e7\u00e3o Italiana!<\/p>\n<\/div><\/div><\/div><img decoding=\"async\" class=\"wp-image-3756 avia-img-lazy-loading-not-3756\"  src=\"https:\/\/sebraepr.com.br\/experienciasturisticas\/wp-content\/uploads\/Mineirice-na-Capital-do-Vinho.jpg\" width=\"1179\" height=\"785\" title='Mineirice na Capital do Vinho' alt=''  itemprop=\"thumbnailUrl\" srcset=\"https:\/\/sebraepr.com.br\/experienciasturisticas\/wp-content\/uploads\/Mineirice-na-Capital-do-Vinho.jpg 1179w, https:\/\/sebraepr.com.br\/experienciasturisticas\/wp-content\/uploads\/Mineirice-na-Capital-do-Vinho-300x200.jpg 300w, https:\/\/sebraepr.com.br\/experienciasturisticas\/wp-content\/uploads\/Mineirice-na-Capital-do-Vinho-1030x686.jpg 1030w, https:\/\/sebraepr.com.br\/experienciasturisticas\/wp-content\/uploads\/Mineirice-na-Capital-do-Vinho-768x511.jpg 768w, https:\/\/sebraepr.com.br\/experienciasturisticas\/wp-content\/uploads\/Mineirice-na-Capital-do-Vinho-705x469.jpg 705w\" sizes=\"(max-width: 1179px) 100vw, 1179px\" \/><\/div><\/li><\/ul><\/div><\/div><div class='flex_column av-av_one_full-48cecc9130ea54b22186d2d71726f40d av_one_full  avia-builder-el-3  el_after_av_one_full  el_before_av_one_half  gastronomia first flex_column_div  av-animated-generic pop-up column-top-margin'   ><section class=\"av_textblock_section \"  itemscope=\"itemscope\" itemtype=\"https:\/\/schema.org\/BlogPosting\" itemprop=\"blogPost\" ><div class='avia_textblock  '   itemprop=\"text\" ><p><strong>Venha saborear o melhor da comida mineira, feita no fog\u00e3o a lenha e com receitas familiares que trazem aconchego. Em plena Capital do Vinho, em uma terra italiana, desfrute de uma refei\u00e7\u00e3o com salada org\u00e2nica em um ambiente familiar e acolhedor. Uma experi\u00eancia que vai aquecer seu cora\u00e7\u00e3o!<\/strong><\/p>\n<\/div><\/section><\/div><div class='flex_column_table av-av_one_half-35ca8c1b98a18110c271235c05581e7c sc-av_one_half av-equal-height-column-flextable'><div class='flex_column av-av_one_half-35ca8c1b98a18110c271235c05581e7c av_one_half  avia-builder-el-5  el_after_av_one_full  el_before_av_one_half  gastronomia first flex_column_table_cell av-equal-height-column av-align-middle  av-animated-generic bottom-to-top column-top-margin'   ><section class=\"av_textblock_section \"  itemscope=\"itemscope\" itemtype=\"https:\/\/schema.org\/BlogPosting\" itemprop=\"blogPost\" ><div class='avia_textblock  '   itemprop=\"text\" ><p><strong>Dias e hor\u00e1rios de funcionamento:<\/strong> Segunda \u00e0 s\u00e1bado das 11h \u00e0s 14h<br \/>\n<strong>O que a experi\u00eancia inclui: <\/strong> Inclui almo\u00e7o com comidas mineira<br \/>\n<strong>Anteced\u00eancia para reserva: <\/strong> 2 dias<br \/>\n<strong>N\u00famero m\u00ednimo e m\u00e1ximo de pessoas: <\/strong> M\u00e1ximo 60 pessoas<br \/>\n<strong>Indicado para: <\/strong> Fam\u00edlias, grupos de amigos<\/p>\n<\/div><\/section><\/div><div class='av-flex-placeholder'><\/div><div class='flex_column av-av_one_half-5dc5640faf13ac9f9a34170381389a7b av_one_half  avia-builder-el-7  el_after_av_one_half  el_before_av_one_half  cultura flex_column_table_cell av-equal-height-column av-align-middle  av-animated-generic bottom-to-top column-top-margin'   ><style type=\"text\/css\" id=\"style-css-av-m3rpm4lb-f8ed598e06f56dfe17890c07cb38c862\">\n.avia-image-container.av-m3rpm4lb-f8ed598e06f56dfe17890c07cb38c862 .av-image-caption-overlay-center{\ncolor:#ffffff;\n}\n<\/style>\n<div  class='avia-image-container av-m3rpm4lb-f8ed598e06f56dfe17890c07cb38c862 av-styling- avia-align-center  avia-builder-el-8  avia-builder-el-no-sibling  '  itemprop=\"image\" itemscope=\"itemscope\" itemtype=\"https:\/\/schema.org\/ImageObject\" ><div class=\"avia-image-container-inner\"><div class=\"avia-image-overlay-wrap\"><img decoding=\"async\" class='wp-image-3758 avia-img-lazy-loading-not-3758 avia_image' src=\"https:\/\/sebraepr.com.br\/experienciasturisticas\/wp-content\/uploads\/Fogao-a-Lenha.jpg\" alt='' title='Fogao a Lenha'  height=\"420\" width=\"600\"  itemprop=\"thumbnailUrl\" srcset=\"https:\/\/sebraepr.com.br\/experienciasturisticas\/wp-content\/uploads\/Fogao-a-Lenha.jpg 600w, https:\/\/sebraepr.com.br\/experienciasturisticas\/wp-content\/uploads\/Fogao-a-Lenha-300x210.jpg 300w\" sizes=\"(max-width: 600px) 100vw, 600px\" \/><\/div><\/div><\/div><\/div><\/div><!--close column table wrapper. Autoclose: 1 --><div class='flex_column_table av-av_one_half-d9fbda461c0ecb0bb39492d993d97c9f sc-av_one_half av-equal-height-column-flextable'><div class='flex_column av-av_one_half-d9fbda461c0ecb0bb39492d993d97c9f av_one_half  avia-builder-el-9  el_after_av_one_half  el_before_av_one_half  imgarga first flex_column_table_cell av-equal-height-column av-align-top  av-animated-generic bottom-to-top column-top-margin'   ><style type=\"text\/css\" id=\"style-css-av-m3rpmg3a-16eb0633400c9bb83d78204c947726ed\">\n.avia-image-container.av-m3rpmg3a-16eb0633400c9bb83d78204c947726ed .av-image-caption-overlay-center{\ncolor:#ffffff;\n}\n<\/style>\n<div  class='avia-image-container av-m3rpmg3a-16eb0633400c9bb83d78204c947726ed av-styling- avia-align-center  avia-builder-el-10  avia-builder-el-no-sibling  '  itemprop=\"image\" itemscope=\"itemscope\" itemtype=\"https:\/\/schema.org\/ImageObject\" ><div class=\"avia-image-container-inner\"><div class=\"avia-image-overlay-wrap\"><img decoding=\"async\" class='wp-image-3757 avia-img-lazy-loading-not-3757 avia_image' src=\"https:\/\/sebraepr.com.br\/experienciasturisticas\/wp-content\/uploads\/Mineirice-na-Capital-do-Vinho2.jpg\" alt='' title='Mineirice na Capital do Vinho2'  height=\"782\" width=\"755\"  itemprop=\"thumbnailUrl\" srcset=\"https:\/\/sebraepr.com.br\/experienciasturisticas\/wp-content\/uploads\/Mineirice-na-Capital-do-Vinho2.jpg 755w, https:\/\/sebraepr.com.br\/experienciasturisticas\/wp-content\/uploads\/Mineirice-na-Capital-do-Vinho2-290x300.jpg 290w, https:\/\/sebraepr.com.br\/experienciasturisticas\/wp-content\/uploads\/Mineirice-na-Capital-do-Vinho2-36x36.jpg 36w, https:\/\/sebraepr.com.br\/experienciasturisticas\/wp-content\/uploads\/Mineirice-na-Capital-do-Vinho2-681x705.jpg 681w\" sizes=\"(max-width: 755px) 100vw, 755px\" \/><\/div><\/div><\/div><\/div><div class='av-flex-placeholder'><\/div>\n<style type=\"text\/css\" id=\"style-css-av-av_one_half-93596daf7edf3228db145efec6c4ecad\">\n.flex_column.av-av_one_half-93596daf7edf3228db145efec6c4ecad{\nborder-radius:20px 20px 20px 20px;\n-webkit-border-radius:20px 20px 20px 20px;\n-moz-border-radius:20px 20px 20px 20px;\npadding:20px 20px 20px 20px;\nbackground-color:#831927;\n}\n<\/style>\n<div class='flex_column av-av_one_half-93596daf7edf3228db145efec6c4ecad av_one_half  avia-builder-el-11  el_after_av_one_half  avia-builder-el-last  cont-mapas flex_column_table_cell av-equal-height-column av-align-top  av-animated-generic bottom-to-top column-top-margin'   id=\"cont-mapas-li\"  ><p>\n<style type=\"text\/css\" id=\"style-css-av-av_image-d7709f4774b256ac0d2695ab9220689b\">\n.avia-image-container.av-av_image-d7709f4774b256ac0d2695ab9220689b .av-image-caption-overlay-center{\ncolor:#ffffff;\n}\n<\/style>\n<div  class='avia-image-container av-av_image-d7709f4774b256ac0d2695ab9220689b av-styling- av-hover-grow avia-align-center  avia-builder-el-12  el_before_av_textblock  avia-builder-el-first  '  itemprop=\"image\" itemscope=\"itemscope\" itemtype=\"https:\/\/schema.org\/ImageObject\" ><div class=\"avia-image-container-inner\"><div class=\"avia-image-overlay-wrap\"><a href=\"https:\/\/sebraepr.com.br\/experienciasturisticas\/category\/locais\/sul-do-parana\/\" class='avia_image' ><img decoding=\"async\" width=\"300\" height=\"206\" class='wp-image-267 avia-img-lazy-loading-not-267 avia_image' src=\"https:\/\/sebraepr.com.br\/experienciasturisticas\/wp-content\/uploads\/Parana-Sul-300x206.png\" alt='' title='Paran\u00e1 Sul'  itemprop=\"thumbnailUrl\" srcset=\"https:\/\/sebraepr.com.br\/experienciasturisticas\/wp-content\/uploads\/Parana-Sul-300x206.png 300w, https:\/\/sebraepr.com.br\/experienciasturisticas\/wp-content\/uploads\/Parana-Sul.png 600w\" sizes=\"(max-width: 300px) 100vw, 300px\" \/><\/a><\/div><\/div><\/div><br \/>\n<section class=\"av_textblock_section \"  itemscope=\"itemscope\" itemtype=\"https:\/\/schema.org\/BlogPosting\" itemprop=\"blogPost\" ><div class='avia_textblock  av_inherit_color '  style='color:#ffffff; '  itemprop=\"text\" ><p><strong>Empresa:<\/strong> Restaurante Fog\u00e3o a Lenha<br \/>\n<strong>Munic\u00edpio:<\/strong> Bituruna<\/p>\n<\/div><\/section><br \/>\n<section class=\"av_textblock_section \"  itemscope=\"itemscope\" itemtype=\"https:\/\/schema.org\/BlogPosting\" itemprop=\"blogPost\" ><div class='avia_textblock  av_inherit_color '  style='color:#ffffff; '  itemprop=\"text\" ><p>\n<style type=\"text\/css\" id=\"style-css-av-av_font_icon-5a31fb3f97e1c734d60dec3b7e5e8827\">\n.av_font_icon.av-av_font_icon-5a31fb3f97e1c734d60dec3b7e5e8827 .av-icon-char{\nfont-size:30px;\nline-height:30px;\n}\n<\/style>\n<span  class=\"av_font_icon av-av_font_icon-5a31fb3f97e1c734d60dec3b7e5e8827 avia_animate_when_visible av-icon-style- avia-icon-pos-left av-no-color avia-icon-animate \"><span class='av-icon-char' aria-hidden='true' data-av_icon='\ue842' data-av_iconfont='entypo-fontello' ><\/span><\/span> <a href=\"https:\/\/maps.app.goo.gl\/grHBw1Q4kNW4591w8\" target=\"_blank\" rel=\"noopener\">Avenida Governador Mois\u00e9s Lupion, 900 &#8211; Bairro Jardim Andreia<\/a><\/p>\n<p>\n<style type=\"text\/css\" id=\"style-css-av-av_font_icon-bd2a8b0e133824b13e0f9cc4ee22619f\">\n.av_font_icon.av-av_font_icon-bd2a8b0e133824b13e0f9cc4ee22619f .av-icon-char{\nfont-size:30px;\nline-height:30px;\n}\n<\/style>\n<span  class=\"av_font_icon av-av_font_icon-bd2a8b0e133824b13e0f9cc4ee22619f avia_animate_when_visible av-icon-style- avia-icon-pos-left av-no-color avia-icon-animate \"><span class='av-icon-char' aria-hidden='true' data-av_icon='\ue8ac' data-av_iconfont='entypo-fontello' ><\/span><\/span> (42) 999351904 (42) 999862049<\/p>\n<p>\n<style type=\"text\/css\" id=\"style-css-av-av_font_icon-b5e04dfcd1e8e0c66c0e451178508a65\">\n.av_font_icon.av-av_font_icon-b5e04dfcd1e8e0c66c0e451178508a65 .av-icon-char{\nfont-size:30px;\nline-height:30px;\n}\n<\/style>\n<span  class=\"av_font_icon av-av_font_icon-b5e04dfcd1e8e0c66c0e451178508a65 avia_animate_when_visible av-icon-style- avia-icon-pos-left av-no-color avia-icon-animate \"><span class='av-icon-char' aria-hidden='true' data-av_icon='\ue909' data-av_iconfont='entypo-fontello' ><\/span><\/span><a href=\"https:\/\/www.instagram.com\/restaurante_fogao_a_lenha1\" target=\"_blank\" rel=\"noopener\">@restaurante_fogao_a_lenha1<\/a><\/p>\n<\/div><\/section><\/p><\/div><\/div><!--close column table wrapper. Autoclose: 1 --><\/p>\n","protected":false},"excerpt":{"rendered":"<p>Venha saborear o melhor da comida mineira, feita no fog\u00e3o a lenha e com receitas familiares que trazem aconchego.<br \/>\nEmpresa: <strong>Restaurante Fog\u00e3o a Lenha<\/strong><br \/>\nMunic\u00edpio: <strong>Bituruna<\/strong><\/p>\n","protected":false},"author":2,"featured_media":3757,"comment_status":"closed","ping_status":"open","sticky":false,"template":"","format":"standard","meta":{"footnotes":""},"categories":[2,12,8,17],"tags":[170],"class_list":["post-3755","post","type-post","status-publish","format-standard","has-post-thumbnail","hentry","category-gastronomia","category-locais","category-segmentos","category-sul-do-parana","tag-comida-mineira"],"_links":{"self":[{"href":"https:\/\/sebraepr.com.br\/experienciasturisticas\/wp-json\/wp\/v2\/posts\/3755","targetHints":{"allow":["GET"]}}],"collection":[{"href":"https:\/\/sebraepr.com.br\/experienciasturisticas\/wp-json\/wp\/v2\/posts"}],"about":[{"href":"https:\/\/sebraepr.com.br\/experienciasturisticas\/wp-json\/wp\/v2\/types\/post"}],"author":[{"embeddable":true,"href":"https:\/\/sebraepr.com.br\/experienciasturisticas\/wp-json\/wp\/v2\/users\/2"}],"replies":[{"embeddable":true,"href":"https:\/\/sebraepr.com.br\/experienciasturisticas\/wp-json\/wp\/v2\/comments?post=3755"}],"version-history":[{"count":2,"href":"https:\/\/sebraepr.com.br\/experienciasturisticas\/wp-json\/wp\/v2\/posts\/3755\/revisions"}],"predecessor-version":[{"id":3760,"href":"https:\/\/sebraepr.com.br\/experienciasturisticas\/wp-json\/wp\/v2\/posts\/3755\/revisions\/3760"}],"wp:featuredmedia":[{"embeddable":true,"href":"https:\/\/sebraepr.com.br\/experienciasturisticas\/wp-json\/wp\/v2\/media\/3757"}],"wp:attachment":[{"href":"https:\/\/sebraepr.com.br\/experienciasturisticas\/wp-json\/wp\/v2\/media?parent=3755"}],"wp:term":[{"taxonomy":"category","embeddable":true,"href":"https:\/\/sebraepr.com.br\/experienciasturisticas\/wp-json\/wp\/v2\/categories?post=3755"},{"taxonomy":"post_tag","embeddable":true,"href":"https:\/\/sebraepr.com.br\/experienciasturisticas\/wp-json\/wp\/v2\/tags?post=3755"}],"curies":[{"name":"wp","href":"https:\/\/api.w.org\/{rel}","templated":true}]}}