{"id":3656,"date":"2024-10-23T13:15:21","date_gmt":"2024-10-23T16:15:21","guid":{"rendered":"https:\/\/sebraepr.com.br\/experienciasturisticas\/?p=3656"},"modified":"2024-11-21T11:20:35","modified_gmt":"2024-11-21T14:20:35","slug":"rodizio-de-tilapia-na-fazendinha-sabores-unicos-momentos-inesqueciveis","status":"publish","type":"post","link":"https:\/\/sebraepr.com.br\/experienciasturisticas\/rodizio-de-tilapia-na-fazendinha-sabores-unicos-momentos-inesqueciveis\/","title":{"rendered":"Rod\u00edzio de til\u00e1pia na fazendinha &#8211; Sabores \u00fanicos, momentos inesquec\u00edveis"},"content":{"rendered":"<div id='full_slider_1'  class='avia-fullwidth-slider main_color avia-shadow   avia-builder-el-0  el_before_av_one_full  avia-builder-el-first   container_wrap sidebar_right'  ><div   data-size='no scaling'  data-lightbox_size='large'  data-animation='slide'  data-conditional_play=''  data-ids='2212'  data-video_counter='0'  data-autoplay='false'  data-bg_slider='false'  data-slide_height=''  data-handle='av_slideshow_full'  data-interval='5'  data-class=' '  data-el_id=''  data-css_id=''  data-scroll_down=''  data-control_layout='av-control-default'  data-custom_markup=''  data-perma_caption=''  data-autoplay_stopper=''  data-image_attachment=''  data-min_height='0px'  data-lazy_loading='disabled'  data-src=''  data-position='top left'  data-repeat='no-repeat'  data-attach='scroll'  data-stretch=''  class='avia-slideshow avia-slideshow-1  av-control-default av-default-height-applied avia-slideshow-no scaling av_slideshow_full   avia-slide-slider '  itemprop=\"image\" itemscope=\"itemscope\" itemtype=\"https:\/\/schema.org\/ImageObject\" ><ul class='avia-slideshow-inner ' style='padding-bottom: 9.4791666666667%;' ><li  class=' av-single-slide slide-1 ' ><div data-rel='slideshow-1' class='avia-slide-wrap '   ><img decoding=\"async\" class=\"wp-image-2212 avia-img-lazy-loading-not-2212\"  src=\"https:\/\/sebraepr.com.br\/experienciasturisticas\/wp-content\/uploads\/Top-Gastronomia.png\" width=\"1920\" height=\"182\" title='Top Gastronomia' alt=''  itemprop=\"thumbnailUrl\" srcset=\"https:\/\/sebraepr.com.br\/experienciasturisticas\/wp-content\/uploads\/Top-Gastronomia.png 1920w, https:\/\/sebraepr.com.br\/experienciasturisticas\/wp-content\/uploads\/Top-Gastronomia-300x28.png 300w, https:\/\/sebraepr.com.br\/experienciasturisticas\/wp-content\/uploads\/Top-Gastronomia-1030x98.png 1030w, https:\/\/sebraepr.com.br\/experienciasturisticas\/wp-content\/uploads\/Top-Gastronomia-768x73.png 768w, https:\/\/sebraepr.com.br\/experienciasturisticas\/wp-content\/uploads\/Top-Gastronomia-1536x146.png 1536w, https:\/\/sebraepr.com.br\/experienciasturisticas\/wp-content\/uploads\/Top-Gastronomia-1500x142.png 1500w, https:\/\/sebraepr.com.br\/experienciasturisticas\/wp-content\/uploads\/Top-Gastronomia-705x67.png 705w\" sizes=\"(max-width: 1920px) 100vw, 1920px\" \/><\/div><\/li><\/ul><\/div><\/div><div id='after_full_slider_1'  class='main_color av_default_container_wrap container_wrap sidebar_right'  ><div class='container av-section-cont-open' ><div class='template-page content  av-content-small alpha units'><div class='post-entry post-entry-type-page post-entry-3656'><div class='entry-content-wrapper clearfix'>\n<div class='flex_column av-j2mvd4-e5fcad54211572eb7345c3e3f4f6a7d1 av_one_full  avia-builder-el-1  el_after_av_slideshow_full  el_before_av_one_full  avia-builder-el-first  cultura first flex_column_div '   ><div   data-size='no scaling'  data-lightbox_size='large'  data-animation='slide'  data-conditional_play=''  data-ids='3659'  data-video_counter='0'  data-autoplay='false'  data-bg_slider='false'  data-slide_height=''  data-handle='av_slideshow'  data-interval='5'  data-class=' avia-builder-el-2  avia-builder-el-no-sibling  gas-banner '  data-el_id=''  data-css_id=''  data-scroll_down=''  data-control_layout='av-control-default'  data-custom_markup=''  data-perma_caption=''  data-autoplay_stopper=''  data-image_attachment=''  data-min_height='0px'  data-lazy_loading='disabled'  class='avia-slideshow avia-slideshow-2  av-control-default av-default-height-applied avia-slideshow-no scaling av_slideshow  avia-builder-el-2  avia-builder-el-no-sibling  gas-banner  avia-slide-slider '  itemprop=\"image\" itemscope=\"itemscope\" itemtype=\"https:\/\/schema.org\/ImageObject\" ><ul class='avia-slideshow-inner ' style='padding-bottom: 35.416666666667%;' ><li  class=' av-single-slide slide-1 ' ><div data-rel='slideshow-2' class='avia-slide-wrap '   ><div class=\"avia-caption av-slideshow-caption\"><div class=\"avia-inner-caption\"><h2  class='avia-caption-title  '  itemprop=\"name\" >Rod\u00edzio de Til\u00e1pia na Fazendinha<\/h2><div class='avia-caption-content  '  itemprop=\"description\"  ><p>Sabores \u00fanicos, momentos inesquec\u00edveis<\/p>\n<\/div><\/div><\/div><img decoding=\"async\" class=\"wp-image-3659 avia-img-lazy-loading-not-3659\"  src=\"https:\/\/sebraepr.com.br\/experienciasturisticas\/wp-content\/uploads\/Rodizio-de-tilapia-na-fazendinha.jpg\" width=\"1200\" height=\"425\" title='Rod\u00edzio de til\u00e1pia na fazendinha' alt=''  itemprop=\"thumbnailUrl\" srcset=\"https:\/\/sebraepr.com.br\/experienciasturisticas\/wp-content\/uploads\/Rodizio-de-tilapia-na-fazendinha.jpg 1200w, https:\/\/sebraepr.com.br\/experienciasturisticas\/wp-content\/uploads\/Rodizio-de-tilapia-na-fazendinha-300x106.jpg 300w, https:\/\/sebraepr.com.br\/experienciasturisticas\/wp-content\/uploads\/Rodizio-de-tilapia-na-fazendinha-1030x365.jpg 1030w, https:\/\/sebraepr.com.br\/experienciasturisticas\/wp-content\/uploads\/Rodizio-de-tilapia-na-fazendinha-768x272.jpg 768w, https:\/\/sebraepr.com.br\/experienciasturisticas\/wp-content\/uploads\/Rodizio-de-tilapia-na-fazendinha-705x250.jpg 705w\" sizes=\"(max-width: 1200px) 100vw, 1200px\" \/><\/div><\/li><\/ul><\/div><\/div>\n<div class='flex_column av-i2laeg-15f8bc4c1fd1e29045bbb63a93bdad83 av_one_full  avia-builder-el-3  el_after_av_one_full  el_before_av_one_half  gastronomia first flex_column_div  av-animated-generic pop-up column-top-margin'   ><section class=\"av_textblock_section \"  itemscope=\"itemscope\" itemtype=\"https:\/\/schema.org\/BlogPosting\" itemprop=\"blogPost\" ><div class='avia_textblock  '   itemprop=\"text\" ><p><strong>Que tal saborear uma sequ\u00eancia surpreendente de til\u00e1pia em cinco vers\u00f5es irresist\u00edveis harmonizadas com vinhos regionais? Da entrada \u00e0 sobremesa, cada prato vai despertar seus sentidos&#8230; Voc\u00ea est\u00e1 pronto para essa deliciosa viagem de sabores?<\/strong><\/p>\n<\/div><\/section><\/div>\n<div class='flex_column_table av-fsgji0-def06d54c36aa25fc332c3d4b668c833 sc-av_one_half av-equal-height-column-flextable'><div class='flex_column av-fsgji0-def06d54c36aa25fc332c3d4b668c833 av_one_half  avia-builder-el-5  el_after_av_one_full  el_before_av_one_half  gastronomia first flex_column_table_cell av-equal-height-column av-align-middle  av-animated-generic bottom-to-top column-top-margin'   ><section class=\"av_textblock_section \"  itemscope=\"itemscope\" itemtype=\"https:\/\/schema.org\/BlogPosting\" itemprop=\"blogPost\" ><div class='avia_textblock  '   itemprop=\"text\" ><p><strong>Dias e hor\u00e1rios de funcionamento:<\/strong> 2\u00ba S\u00e1bado de cada m\u00eas<br \/>\n<strong>O que a experi\u00eancia inclui: <\/strong> Entrada: Ensopado de til\u00e1pia com torradinha;<br \/>\nAcompanhamentos: Mix de folhas, arroz branco, macarr\u00e3o ao molho branco com br\u00f3colis, farofa crocante e batata frita;<br \/>\nSequ\u00eancia de 5 sabores de til\u00e1pia: alho e \u00f3leo, parmediana, na mostarda, ao lim\u00e3o e iscas de til\u00e1pia frita.<br \/>\nSobremesa: Manjar de amora<br \/>\nE voc\u00ea pode harmonizar tudo isso com a carta de vinhos regionais com sele\u00e7\u00f5es especiais!<br \/>\n<strong>Anteced\u00eancia para reserva: <\/strong> 10 dias<br \/>\n<strong>N\u00famero m\u00ednimo e m\u00e1ximo de pessoas: <\/strong> M\u00ednimo 15 pessoas e m\u00e1ximo 150 pessoas<br \/>\n<strong>Indicado para: <\/strong> Fam\u00edlias, casais, grupo de amigos<\/p>\n<\/div><\/section><\/div>\n<div class='av-flex-placeholder'><\/div><div class='flex_column av-dvjty0-5bcdc2cb9afa8d0baa0f22697fc90d6a av_one_half  avia-builder-el-7  el_after_av_one_half  el_before_av_one_half  cultura flex_column_table_cell av-equal-height-column av-align-middle  av-animated-generic bottom-to-top column-top-margin'   ><style type=\"text\/css\" id=\"style-css-av-m2m2lz04-8053bcd40fafc5a9f47febe8d5927586\">\n.avia-image-container.av-m2m2lz04-8053bcd40fafc5a9f47febe8d5927586 .av-image-caption-overlay-center{\ncolor:#ffffff;\n}\n<\/style>\n<div  class='avia-image-container av-m2m2lz04-8053bcd40fafc5a9f47febe8d5927586 av-styling- avia-align-center  avia-builder-el-8  avia-builder-el-no-sibling  '  itemprop=\"image\" itemscope=\"itemscope\" itemtype=\"https:\/\/schema.org\/ImageObject\" ><div class=\"avia-image-container-inner\"><div class=\"avia-image-overlay-wrap\"><img decoding=\"async\" class='wp-image-3657 avia-img-lazy-loading-not-3657 avia_image' src=\"https:\/\/sebraepr.com.br\/experienciasturisticas\/wp-content\/uploads\/Pesque-Pague-Baur.jpg\" alt='' title='Pesque Pague Baur'  height=\"315\" width=\"347\"  itemprop=\"thumbnailUrl\" srcset=\"https:\/\/sebraepr.com.br\/experienciasturisticas\/wp-content\/uploads\/Pesque-Pague-Baur.jpg 347w, https:\/\/sebraepr.com.br\/experienciasturisticas\/wp-content\/uploads\/Pesque-Pague-Baur-300x272.jpg 300w\" sizes=\"(max-width: 347px) 100vw, 347px\" \/><\/div><\/div><\/div><\/div><\/div><!--close column table wrapper. Autoclose: 1 -->\n<div class='flex_column_table av-d646zc-0be1f85f8afa4fae5c41aa07c1cf6787 sc-av_one_half av-equal-height-column-flextable'><div class='flex_column av-d646zc-0be1f85f8afa4fae5c41aa07c1cf6787 av_one_half  avia-builder-el-9  el_after_av_one_half  el_before_av_one_half  imgarga first flex_column_table_cell av-equal-height-column av-align-top  av-animated-generic bottom-to-top column-top-margin'   ><style type=\"text\/css\" id=\"style-css-av-m2m2m71i-f9c9a10ebf7227538ab73ccf95434e27\">\n.avia-image-container.av-m2m2m71i-f9c9a10ebf7227538ab73ccf95434e27 .av-image-caption-overlay-center{\ncolor:#ffffff;\n}\n<\/style>\n<div  class='avia-image-container av-m2m2m71i-f9c9a10ebf7227538ab73ccf95434e27 av-styling- avia-align-center  avia-builder-el-10  avia-builder-el-no-sibling  '  itemprop=\"image\" itemscope=\"itemscope\" itemtype=\"https:\/\/schema.org\/ImageObject\" ><div class=\"avia-image-container-inner\"><div class=\"avia-image-overlay-wrap\"><img decoding=\"async\" class='wp-image-3658 avia-img-lazy-loading-not-3658 avia_image' src=\"https:\/\/sebraepr.com.br\/experienciasturisticas\/wp-content\/uploads\/Rodizio-de-tilapia-na-fazendinha2.jpg\" alt='' title='Rod\u00edzio de til\u00e1pia na fazendinha2'  height=\"779\" width=\"666\"  itemprop=\"thumbnailUrl\" srcset=\"https:\/\/sebraepr.com.br\/experienciasturisticas\/wp-content\/uploads\/Rodizio-de-tilapia-na-fazendinha2.jpg 666w, https:\/\/sebraepr.com.br\/experienciasturisticas\/wp-content\/uploads\/Rodizio-de-tilapia-na-fazendinha2-256x300.jpg 256w, https:\/\/sebraepr.com.br\/experienciasturisticas\/wp-content\/uploads\/Rodizio-de-tilapia-na-fazendinha2-603x705.jpg 603w\" sizes=\"(max-width: 666px) 100vw, 666px\" \/><\/div><\/div><\/div><\/div>\n<div class='av-flex-placeholder'><\/div>\n<style type=\"text\/css\" id=\"style-css-av-axa66g-ce3cafce61dcae7d0a881b23b81c8b09\">\n.flex_column.av-axa66g-ce3cafce61dcae7d0a881b23b81c8b09{\nborder-radius:20px 20px 20px 20px;\n-webkit-border-radius:20px 20px 20px 20px;\n-moz-border-radius:20px 20px 20px 20px;\npadding:20px 20px 20px 20px;\nbackground-color:#831927;\n}\n<\/style>\n<div class='flex_column av-axa66g-ce3cafce61dcae7d0a881b23b81c8b09 av_one_half  avia-builder-el-11  el_after_av_one_half  avia-builder-el-last  cont-mapas flex_column_table_cell av-equal-height-column av-align-top  av-animated-generic bottom-to-top column-top-margin'   id=\"cont-mapas-li\"  ><p>\n<style type=\"text\/css\" id=\"style-css-av-90dgmg-cd1a37a680124a49a94c3c9132624bf5\">\n.avia-image-container.av-90dgmg-cd1a37a680124a49a94c3c9132624bf5 .av-image-caption-overlay-center{\ncolor:#ffffff;\n}\n<\/style>\n<div  class='avia-image-container av-90dgmg-cd1a37a680124a49a94c3c9132624bf5 av-styling- av-hover-grow avia-align-center  avia-builder-el-12  el_before_av_textblock  avia-builder-el-first  '  itemprop=\"image\" itemscope=\"itemscope\" itemtype=\"https:\/\/schema.org\/ImageObject\" ><div class=\"avia-image-container-inner\"><div class=\"avia-image-overlay-wrap\"><a href=\"https:\/\/sebraepr.com.br\/experienciasturisticas\/category\/locais\/sul-do-parana\/\" class='avia_image' ><img decoding=\"async\" width=\"300\" height=\"206\" class='wp-image-267 avia-img-lazy-loading-not-267 avia_image' src=\"https:\/\/sebraepr.com.br\/experienciasturisticas\/wp-content\/uploads\/Parana-Sul-300x206.png\" alt='' title='Paran\u00e1 Sul'  itemprop=\"thumbnailUrl\" srcset=\"https:\/\/sebraepr.com.br\/experienciasturisticas\/wp-content\/uploads\/Parana-Sul-300x206.png 300w, https:\/\/sebraepr.com.br\/experienciasturisticas\/wp-content\/uploads\/Parana-Sul.png 600w\" sizes=\"(max-width: 300px) 100vw, 300px\" \/><\/a><\/div><\/div><\/div><br \/>\n<section class=\"av_textblock_section \"  itemscope=\"itemscope\" itemtype=\"https:\/\/schema.org\/BlogPosting\" itemprop=\"blogPost\" ><div class='avia_textblock  av_inherit_color '  style='color:#ffffff; '  itemprop=\"text\" ><p><strong>Empresa:<\/strong> Pesque Pague Baur<br \/>\n<strong>Munic\u00edpio:<\/strong> Uni\u00e3o da Vit\u00f3ria<\/p>\n<\/div><\/section><br \/>\n<section class=\"av_textblock_section \"  itemscope=\"itemscope\" itemtype=\"https:\/\/schema.org\/BlogPosting\" itemprop=\"blogPost\" ><div class='avia_textblock  av_inherit_color '  style='color:#ffffff; '  itemprop=\"text\" ><p>\n<style type=\"text\/css\" id=\"style-css-av-85hhrc-b3d872905209718df705ed9b8260311a\">\n.av_font_icon.av-85hhrc-b3d872905209718df705ed9b8260311a .av-icon-char{\nfont-size:30px;\nline-height:30px;\n}\n<\/style>\n<span  class=\"av_font_icon av-85hhrc-b3d872905209718df705ed9b8260311a avia_animate_when_visible av-icon-style- avia-icon-pos-left av-no-color avia-icon-animate \"><span class='av-icon-char' aria-hidden='true' data-av_icon='\ue842' data-av_iconfont='entypo-fontello' ><\/span><\/span> <a href=\"https:\/\/maps.app.goo.gl\/wVcyqPqZ7pXge3qu5\" target=\"_blank\" rel=\"noopener\">Rodovia Prefeito Affonso Nadolny, Km 12<\/a><\/p>\n<p>\n<style type=\"text\/css\" id=\"style-css-av-56kwdk-c380e64c71dcdd0d427738c013c3b026\">\n.av_font_icon.av-56kwdk-c380e64c71dcdd0d427738c013c3b026 .av-icon-char{\nfont-size:30px;\nline-height:30px;\n}\n<\/style>\n<span  class=\"av_font_icon av-56kwdk-c380e64c71dcdd0d427738c013c3b026 avia_animate_when_visible av-icon-style- avia-icon-pos-left av-no-color avia-icon-animate \"><span class='av-icon-char' aria-hidden='true' data-av_icon='\ue8ac' data-av_iconfont='entypo-fontello' ><\/span><\/span> (42) 99804-5585<\/p>\n<p>\n<style type=\"text\/css\" id=\"style-css-av-45vqnc-8eae06e564063b1df476fd0896467540\">\n.av_font_icon.av-45vqnc-8eae06e564063b1df476fd0896467540 .av-icon-char{\nfont-size:30px;\nline-height:30px;\n}\n<\/style>\n<span  class=\"av_font_icon av-45vqnc-8eae06e564063b1df476fd0896467540 avia_animate_when_visible av-icon-style- avia-icon-pos-left av-no-color avia-icon-animate \"><span class='av-icon-char' aria-hidden='true' data-av_icon='\ue909' data-av_iconfont='entypo-fontello' ><\/span><\/span><a href=\"https:\/\/www.instagram.com\/baurpesquepague\/\" target=\"_blank\" rel=\"noopener\">@baurpesquepague<\/a><\/p>\n<p>\n<style type=\"text\/css\" id=\"style-css-av-awb6w-71288fdf99b75ac7ec6d15eaaf613e53\">\n.av_font_icon.av-awb6w-71288fdf99b75ac7ec6d15eaaf613e53 .av-icon-char{\nfont-size:30px;\nline-height:30px;\n}\n<\/style>\n<span  class=\"av_font_icon av-awb6w-71288fdf99b75ac7ec6d15eaaf613e53 avia_animate_when_visible av-icon-style- avia-icon-pos-left av-no-color avia-icon-animate \"><span class='av-icon-char' aria-hidden='true' data-av_icon='\ue8f5' data-av_iconfont='entypo-fontello' ><\/span><\/span><a href=\"https:\/\/www.facebook.com\/PesquePagueBaur\/\" target=\"_blank\" rel=\"noopener\">\/PesquePagueBaur<\/a><\/p>\n<\/div><\/section><\/p><\/div><\/div><!--close column table wrapper. Autoclose: 1 -->\n","protected":false},"excerpt":{"rendered":"<p>Que tal saborear uma sequ\u00eancia surpreendente de til\u00e1pia em cinco vers\u00f5es irresist\u00edveis harmonizadas com vinhos regionais?<br \/>\nEmpresa: <strong>Pesque Pague Baur<\/strong><br \/>\nMunic\u00edpio: <strong>Uni\u00e3o da Vit\u00f3ria<\/strong><\/p>\n","protected":false},"author":2,"featured_media":3658,"comment_status":"closed","ping_status":"open","sticky":false,"template":"","format":"standard","meta":{"footnotes":""},"categories":[2,12,8,17],"tags":[164],"class_list":["post-3656","post","type-post","status-publish","format-standard","has-post-thumbnail","hentry","category-gastronomia","category-locais","category-segmentos","category-sul-do-parana","tag-tilapia"],"_links":{"self":[{"href":"https:\/\/sebraepr.com.br\/experienciasturisticas\/wp-json\/wp\/v2\/posts\/3656","targetHints":{"allow":["GET"]}}],"collection":[{"href":"https:\/\/sebraepr.com.br\/experienciasturisticas\/wp-json\/wp\/v2\/posts"}],"about":[{"href":"https:\/\/sebraepr.com.br\/experienciasturisticas\/wp-json\/wp\/v2\/types\/post"}],"author":[{"embeddable":true,"href":"https:\/\/sebraepr.com.br\/experienciasturisticas\/wp-json\/wp\/v2\/users\/2"}],"replies":[{"embeddable":true,"href":"https:\/\/sebraepr.com.br\/experienciasturisticas\/wp-json\/wp\/v2\/comments?post=3656"}],"version-history":[{"count":3,"href":"https:\/\/sebraepr.com.br\/experienciasturisticas\/wp-json\/wp\/v2\/posts\/3656\/revisions"}],"predecessor-version":[{"id":3661,"href":"https:\/\/sebraepr.com.br\/experienciasturisticas\/wp-json\/wp\/v2\/posts\/3656\/revisions\/3661"}],"wp:featuredmedia":[{"embeddable":true,"href":"https:\/\/sebraepr.com.br\/experienciasturisticas\/wp-json\/wp\/v2\/media\/3658"}],"wp:attachment":[{"href":"https:\/\/sebraepr.com.br\/experienciasturisticas\/wp-json\/wp\/v2\/media?parent=3656"}],"wp:term":[{"taxonomy":"category","embeddable":true,"href":"https:\/\/sebraepr.com.br\/experienciasturisticas\/wp-json\/wp\/v2\/categories?post=3656"},{"taxonomy":"post_tag","embeddable":true,"href":"https:\/\/sebraepr.com.br\/experienciasturisticas\/wp-json\/wp\/v2\/tags?post=3656"}],"curies":[{"name":"wp","href":"https:\/\/api.w.org\/{rel}","templated":true}]}}