{"id":3611,"date":"2024-10-23T10:44:27","date_gmt":"2024-10-23T13:44:27","guid":{"rendered":"https:\/\/sebraepr.com.br\/experienciasturisticas\/?p=3611"},"modified":"2025-08-29T10:47:25","modified_gmt":"2025-08-29T13:47:25","slug":"breyer-tour-uma-experiencia-apicola","status":"publish","type":"post","link":"https:\/\/sebraepr.com.br\/experienciasturisticas\/breyer-tour-uma-experiencia-apicola\/","title":{"rendered":"Breyer Tour &#8211; Uma Experi\u00eancia Ap\u00edcola"},"content":{"rendered":"<div id='full_slider_1'  class='avia-fullwidth-slider main_color avia-shadow   avia-builder-el-0  el_before_av_one_full  avia-builder-el-first   container_wrap sidebar_right'  ><div   data-size='no scaling'  data-lightbox_size='large'  data-animation='slide'  data-conditional_play=''  data-ids='2212'  data-video_counter='0'  data-autoplay='false'  data-bg_slider='false'  data-slide_height=''  data-handle='av_slideshow_full'  data-interval='5'  data-class=' '  data-el_id=''  data-css_id=''  data-scroll_down=''  data-control_layout='av-control-default'  data-custom_markup=''  data-perma_caption=''  data-autoplay_stopper=''  data-image_attachment=''  data-min_height='0px'  data-lazy_loading='disabled'  data-src=''  data-position='top left'  data-repeat='no-repeat'  data-attach='scroll'  data-stretch=''  class='avia-slideshow avia-slideshow-1  av-control-default av-default-height-applied avia-slideshow-no scaling av_slideshow_full   avia-slide-slider '  itemprop=\"image\" itemscope=\"itemscope\" itemtype=\"https:\/\/schema.org\/ImageObject\" ><ul class='avia-slideshow-inner ' style='padding-bottom: 9.4791666666667%;' ><li  class=' av-single-slide slide-1 ' ><div data-rel='slideshow-1' class='avia-slide-wrap '   ><img decoding=\"async\" class=\"wp-image-2212 avia-img-lazy-loading-not-2212\"  src=\"https:\/\/sebraepr.com.br\/experienciasturisticas\/wp-content\/uploads\/Top-Gastronomia.png\" width=\"1920\" height=\"182\" title='Top Gastronomia' alt=''  itemprop=\"thumbnailUrl\" srcset=\"https:\/\/sebraepr.com.br\/experienciasturisticas\/wp-content\/uploads\/Top-Gastronomia.png 1920w, https:\/\/sebraepr.com.br\/experienciasturisticas\/wp-content\/uploads\/Top-Gastronomia-300x28.png 300w, https:\/\/sebraepr.com.br\/experienciasturisticas\/wp-content\/uploads\/Top-Gastronomia-1030x98.png 1030w, https:\/\/sebraepr.com.br\/experienciasturisticas\/wp-content\/uploads\/Top-Gastronomia-768x73.png 768w, https:\/\/sebraepr.com.br\/experienciasturisticas\/wp-content\/uploads\/Top-Gastronomia-1536x146.png 1536w, https:\/\/sebraepr.com.br\/experienciasturisticas\/wp-content\/uploads\/Top-Gastronomia-1500x142.png 1500w, https:\/\/sebraepr.com.br\/experienciasturisticas\/wp-content\/uploads\/Top-Gastronomia-705x67.png 705w\" sizes=\"(max-width: 1920px) 100vw, 1920px\" \/><\/div><\/li><\/ul><\/div><\/div><div id='after_full_slider_1'  class='main_color av_default_container_wrap container_wrap sidebar_right'  ><div class='container av-section-cont-open' ><div class='template-page content  av-content-small alpha units'><div class='post-entry post-entry-type-page post-entry-3611'><div class='entry-content-wrapper clearfix'>\n<div class='flex_column av-ktgj2z-b683333087cd5763cdb81d4497ade334 av_one_full  avia-builder-el-1  el_after_av_slideshow_full  el_before_av_one_full  avia-builder-el-first  cultura first flex_column_div '   ><div   data-size='no scaling'  data-lightbox_size='large'  data-animation='slide'  data-conditional_play=''  data-ids='3614'  data-video_counter='0'  data-autoplay='false'  data-bg_slider='false'  data-slide_height=''  data-handle='av_slideshow'  data-interval='5'  data-class=' avia-builder-el-2  avia-builder-el-no-sibling  gas-banner '  data-el_id=''  data-css_id=''  data-scroll_down=''  data-control_layout='av-control-default'  data-custom_markup=''  data-perma_caption=''  data-autoplay_stopper=''  data-image_attachment=''  data-min_height='0px'  data-lazy_loading='disabled'  class='avia-slideshow avia-slideshow-2  av-control-default av-default-height-applied avia-slideshow-no scaling av_slideshow  avia-builder-el-2  avia-builder-el-no-sibling  gas-banner  avia-slide-slider '  itemprop=\"image\" itemscope=\"itemscope\" itemtype=\"https:\/\/schema.org\/ImageObject\" ><ul class='avia-slideshow-inner ' style='padding-bottom: 59.457167090755%;' ><li  class=' av-single-slide slide-1 ' ><div data-rel='slideshow-2' class='avia-slide-wrap '   ><div class=\"avia-caption av-slideshow-caption\"><div class=\"avia-inner-caption\"><h2  class='avia-caption-title  '  itemprop=\"name\" >Breyer Tour<\/h2><div class='avia-caption-content  '  itemprop=\"description\"  ><p>Uma Experi\u00eancia Ap\u00edcola<\/p>\n<\/div><\/div><\/div><img decoding=\"async\" class=\"wp-image-3614 avia-img-lazy-loading-not-3614\"  src=\"https:\/\/sebraepr.com.br\/experienciasturisticas\/wp-content\/uploads\/Uma-Experiencia-Apicola.jpg\" width=\"1179\" height=\"701\" title='Uma Experi\u00eancia Ap\u00edcola' alt=''  itemprop=\"thumbnailUrl\" srcset=\"https:\/\/sebraepr.com.br\/experienciasturisticas\/wp-content\/uploads\/Uma-Experiencia-Apicola.jpg 1179w, https:\/\/sebraepr.com.br\/experienciasturisticas\/wp-content\/uploads\/Uma-Experiencia-Apicola-300x178.jpg 300w, https:\/\/sebraepr.com.br\/experienciasturisticas\/wp-content\/uploads\/Uma-Experiencia-Apicola-1030x612.jpg 1030w, https:\/\/sebraepr.com.br\/experienciasturisticas\/wp-content\/uploads\/Uma-Experiencia-Apicola-768x457.jpg 768w, https:\/\/sebraepr.com.br\/experienciasturisticas\/wp-content\/uploads\/Uma-Experiencia-Apicola-705x419.jpg 705w\" sizes=\"(max-width: 1179px) 100vw, 1179px\" \/><\/div><\/li><\/ul><\/div><\/div>\n<div class='flex_column av-jaf07f-994660570211b3865a7552e756258357 av_one_full  avia-builder-el-3  el_after_av_one_full  el_before_av_one_half  gastronomia first flex_column_div  av-animated-generic pop-up column-top-margin'   ><section class=\"av_textblock_section \"  itemscope=\"itemscope\" itemtype=\"https:\/\/schema.org\/BlogPosting\" itemprop=\"blogPost\" ><div class='avia_textblock  '   itemprop=\"text\" ><p><strong>J\u00e1 imaginou acompanhar o trajeto do mel da colmeia at\u00e9 o pote? Nesta visita voc\u00ea vai sentir o aroma doce da produ\u00e7\u00e3o, o fascinante trabalho das abelhas em uma colmeia modelo e degustar meles e p\u00f3len. Uma experi\u00eancia ap\u00edcola \u00fanica\u00a0e\u00a0inesquec\u00edvel.<\/strong><\/p>\n<\/div><\/section><\/div>\n<div class='flex_column_table av-ha5u8b-67d2f9a7c729e4eef717ff87a7b97c92 sc-av_one_half av-equal-height-column-flextable'><div class='flex_column av-ha5u8b-67d2f9a7c729e4eef717ff87a7b97c92 av_one_half  avia-builder-el-5  el_after_av_one_full  el_before_av_one_half  gastronomia first flex_column_table_cell av-equal-height-column av-align-middle  av-animated-generic bottom-to-top column-top-margin'   ><section class=\"av_textblock_section \"  itemscope=\"itemscope\" itemtype=\"https:\/\/schema.org\/BlogPosting\" itemprop=\"blogPost\" ><div class='avia_textblock  '   itemprop=\"text\" ><p><strong>Dias e hor\u00e1rios de funcionamento:<\/strong> Segunda \u00e0 sexta das 7h30 \u00e0s 11h45 e das 13h15 \u00e0s 17h45<br \/>\n<strong>O que a experi\u00eancia inclui: <\/strong> Guia, degusta\u00e7\u00e3o<br \/>\n<strong>Anteced\u00eancia para reserva: <\/strong> 7 dias conforme disponibilidade de agenda<br \/>\n<strong>N\u00famero m\u00ednimo e m\u00e1ximo de pessoas: <\/strong> M\u00ednimo 5, m\u00e1ximo 25 pessoas.<br \/>\n<strong>Indicado para: <\/strong> Grupos de Melhor Idade, Fam\u00edlias, Mulheres<\/p>\n<\/div><\/section><\/div><div class='av-flex-placeholder'><\/div><div class='flex_column av-1k293v-192b30c13b8182adc02a98be47ad3d6c av_one_half  avia-builder-el-7  el_after_av_one_half  el_before_av_one_half  cultura flex_column_table_cell av-equal-height-column av-align-middle  av-animated-generic bottom-to-top column-top-margin'   ><style type=\"text\/css\" id=\"style-css-av-m2lx5mtf-b94e9f8f39b20e1d445d26b4b46d1ed9\">\n.avia-image-container.av-m2lx5mtf-b94e9f8f39b20e1d445d26b4b46d1ed9 .av-image-caption-overlay-center{\ncolor:#ffffff;\n}\n<\/style>\n<div  class='avia-image-container av-m2lx5mtf-b94e9f8f39b20e1d445d26b4b46d1ed9 av-styling- avia-align-center  avia-builder-el-8  avia-builder-el-no-sibling  '  itemprop=\"image\" itemscope=\"itemscope\" itemtype=\"https:\/\/schema.org\/ImageObject\" ><div class=\"avia-image-container-inner\"><div class=\"avia-image-overlay-wrap\"><img decoding=\"async\" class='wp-image-3613 avia-img-lazy-loading-not-3613 avia_image' src=\"https:\/\/sebraepr.com.br\/experienciasturisticas\/wp-content\/uploads\/Breyer.jpg\" alt='' title='Breyer'  height=\"252\" width=\"664\"  itemprop=\"thumbnailUrl\" srcset=\"https:\/\/sebraepr.com.br\/experienciasturisticas\/wp-content\/uploads\/Breyer.jpg 664w, https:\/\/sebraepr.com.br\/experienciasturisticas\/wp-content\/uploads\/Breyer-300x114.jpg 300w\" sizes=\"(max-width: 664px) 100vw, 664px\" \/><\/div><\/div><\/div><\/div><\/div><!--close column table wrapper. Autoclose: 1 --><\/p>\n<div class='flex_column_table av-dxucl7-c0f9c3e46a05175c6cb6b48051031fa4 sc-av_one_half av-equal-height-column-flextable'><div class='flex_column av-dxucl7-c0f9c3e46a05175c6cb6b48051031fa4 av_one_half  avia-builder-el-9  el_after_av_one_half  el_before_av_one_half  imgarga first flex_column_table_cell av-equal-height-column av-align-top  av-animated-generic bottom-to-top column-top-margin'   ><style type=\"text\/css\" id=\"style-css-av-m2lx5u13-6e566f0323aa1bd7c343f05327fc61e0\">\n.avia-image-container.av-m2lx5u13-6e566f0323aa1bd7c343f05327fc61e0 .av-image-caption-overlay-center{\ncolor:#ffffff;\n}\n<\/style>\n<div  class='avia-image-container av-m2lx5u13-6e566f0323aa1bd7c343f05327fc61e0 av-styling- avia-align-center  avia-builder-el-10  avia-builder-el-no-sibling  '  itemprop=\"image\" itemscope=\"itemscope\" itemtype=\"https:\/\/schema.org\/ImageObject\" ><div class=\"avia-image-container-inner\"><div class=\"avia-image-overlay-wrap\"><img decoding=\"async\" class='wp-image-3612 avia-img-lazy-loading-not-3612 avia_image' src=\"https:\/\/sebraepr.com.br\/experienciasturisticas\/wp-content\/uploads\/Uma-Experiencia-Apicola2.jpg\" alt='' title='Uma Experi\u00eancia Ap\u00edcola2'  height=\"779\" width=\"592\"  itemprop=\"thumbnailUrl\" srcset=\"https:\/\/sebraepr.com.br\/experienciasturisticas\/wp-content\/uploads\/Uma-Experiencia-Apicola2.jpg 592w, https:\/\/sebraepr.com.br\/experienciasturisticas\/wp-content\/uploads\/Uma-Experiencia-Apicola2-228x300.jpg 228w, https:\/\/sebraepr.com.br\/experienciasturisticas\/wp-content\/uploads\/Uma-Experiencia-Apicola2-536x705.jpg 536w\" sizes=\"(max-width: 592px) 100vw, 592px\" \/><\/div><\/div><\/div><\/div>\n<div class='av-flex-placeholder'><\/div>\n<style type=\"text\/css\" id=\"style-css-av-c1ln8b-8bcea32383cd0ea463b7b426362f89ea\">\n.flex_column.av-c1ln8b-8bcea32383cd0ea463b7b426362f89ea{\nborder-radius:20px 20px 20px 20px;\n-webkit-border-radius:20px 20px 20px 20px;\n-moz-border-radius:20px 20px 20px 20px;\npadding:20px 20px 20px 20px;\nbackground-color:#831927;\n}\n<\/style>\n<div class='flex_column av-c1ln8b-8bcea32383cd0ea463b7b426362f89ea av_one_half  avia-builder-el-11  el_after_av_one_half  avia-builder-el-last  cont-mapas flex_column_table_cell av-equal-height-column av-align-top  av-animated-generic bottom-to-top column-top-margin'   id=\"cont-mapas-li\"  ><p>\n<style type=\"text\/css\" id=\"style-css-av-afc5yz-5ade5738dcd1d44c1786e40a6e2f09f1\">\n.avia-image-container.av-afc5yz-5ade5738dcd1d44c1786e40a6e2f09f1 .av-image-caption-overlay-center{\ncolor:#ffffff;\n}\n<\/style>\n<div  class='avia-image-container av-afc5yz-5ade5738dcd1d44c1786e40a6e2f09f1 av-styling- av-hover-grow avia-align-center  avia-builder-el-12  el_before_av_textblock  avia-builder-el-first  '  itemprop=\"image\" itemscope=\"itemscope\" itemtype=\"https:\/\/schema.org\/ImageObject\" ><div class=\"avia-image-container-inner\"><div class=\"avia-image-overlay-wrap\"><a href=\"https:\/\/sebraepr.com.br\/experienciasturisticas\/category\/locais\/sul-do-parana\/\" class='avia_image' ><img decoding=\"async\" width=\"300\" height=\"206\" class='wp-image-267 avia-img-lazy-loading-not-267 avia_image' src=\"https:\/\/sebraepr.com.br\/experienciasturisticas\/wp-content\/uploads\/Parana-Sul-300x206.png\" alt='' title='Paran\u00e1 Sul'  itemprop=\"thumbnailUrl\" srcset=\"https:\/\/sebraepr.com.br\/experienciasturisticas\/wp-content\/uploads\/Parana-Sul-300x206.png 300w, https:\/\/sebraepr.com.br\/experienciasturisticas\/wp-content\/uploads\/Parana-Sul.png 600w\" sizes=\"(max-width: 300px) 100vw, 300px\" \/><\/a><\/div><\/div><\/div><br \/>\n<section class=\"av_textblock_section \"  itemscope=\"itemscope\" itemtype=\"https:\/\/schema.org\/BlogPosting\" itemprop=\"blogPost\" ><div class='avia_textblock  av_inherit_color '  style='color:#ffffff; '  itemprop=\"text\" ><p><strong>Empresa:<\/strong> Breyer Produtos\u00a0das\u00a0Abelhas<br \/>\n<strong>Munic\u00edpio:<\/strong> Uni\u00e3o da Vit\u00f3ria<\/p>\n<\/div><\/section><br \/>\n<section class=\"av_textblock_section \"  itemscope=\"itemscope\" itemtype=\"https:\/\/schema.org\/BlogPosting\" itemprop=\"blogPost\" ><div class='avia_textblock  av_inherit_color '  style='color:#ffffff; '  itemprop=\"text\" ><p>\n<style type=\"text\/css\" id=\"style-css-av-940mt7-7b8dd14be763570d95c09b19b4be09df\">\n.av_font_icon.av-940mt7-7b8dd14be763570d95c09b19b4be09df .av-icon-char{\nfont-size:30px;\nline-height:30px;\n}\n<\/style>\n<span  class=\"av_font_icon av-940mt7-7b8dd14be763570d95c09b19b4be09df avia_animate_when_visible av-icon-style- avia-icon-pos-left av-no-color avia-icon-animate \"><span class='av-icon-char' aria-hidden='true' data-av_icon='\ue842' data-av_iconfont='entypo-fontello' ><\/span><\/span> <a href=\"https:\/\/maps.app.goo.gl\/dRYJHQR7TEzdszd46\" target=\"_blank\" rel=\"noopener\">Rodovia PR 447, Rodovia Prefeito Affonso Nadolny, KM 4<\/a><\/p>\n<p>\n<style type=\"text\/css\" id=\"style-css-av-7mzc8r-9afd5fd32ac25c3077eddd33ee61e960\">\n.av_font_icon.av-7mzc8r-9afd5fd32ac25c3077eddd33ee61e960 .av-icon-char{\nfont-size:30px;\nline-height:30px;\n}\n<\/style>\n<span  class=\"av_font_icon av-7mzc8r-9afd5fd32ac25c3077eddd33ee61e960 avia_animate_when_visible av-icon-style- avia-icon-pos-left av-no-color avia-icon-animate \"><span class='av-icon-char' aria-hidden='true' data-av_icon='\ue8ac' data-av_iconfont='entypo-fontello' ><\/span><\/span> (42) 3522-1725 e (42) 9115-8679<\/p>\n<p>\n<style type=\"text\/css\" id=\"style-css-av-5pcwrf-a370a205e5674e4b0bf36989fe0e10a7\">\n.av_font_icon.av-5pcwrf-a370a205e5674e4b0bf36989fe0e10a7 .av-icon-char{\nfont-size:30px;\nline-height:30px;\n}\n<\/style>\n<span  class=\"av_font_icon av-5pcwrf-a370a205e5674e4b0bf36989fe0e10a7 avia_animate_when_visible av-icon-style- avia-icon-pos-left av-no-color avia-icon-animate \"><span class='av-icon-char' aria-hidden='true' data-av_icon='\ue909' data-av_iconfont='entypo-fontello' ><\/span><\/span><a href=\"https:\/\/www.instagram.com\/empresabreyer\/\" target=\"_blank\" rel=\"noopener\">@empresabreyer<\/a><\/p>\n<p>\n<style type=\"text\/css\" id=\"style-css-av-3nzg63-704c1670e8118b994bed2855a7424ed5\">\n.av_font_icon.av-3nzg63-704c1670e8118b994bed2855a7424ed5 .av-icon-char{\nfont-size:30px;\nline-height:30px;\n}\n<\/style>\n<span  class=\"av_font_icon av-3nzg63-704c1670e8118b994bed2855a7424ed5 avia_animate_when_visible av-icon-style- avia-icon-pos-left av-no-color avia-icon-animate \"><span class='av-icon-char' aria-hidden='true' data-av_icon='\ue8f5' data-av_iconfont='entypo-fontello' ><\/span><\/span><a href=\"https:\/\/www.facebook.com\/EmpresaBreyer\" target=\"_blank\" rel=\"noopener\">\/EmpresaBreyer<\/a><\/p>\n<p>\n<style type=\"text\/css\" id=\"style-css-av-2933nv-d3681549ec1f7e59f9a95689a8442298\">\n.av_font_icon.av-2933nv-d3681549ec1f7e59f9a95689a8442298 .av-icon-char{\nfont-size:30px;\nline-height:30px;\n}\n<\/style>\n<span  class=\"av_font_icon av-2933nv-d3681549ec1f7e59f9a95689a8442298 avia_animate_when_visible av-icon-style- avia-icon-pos-left av-no-color avia-icon-animate \"><span class='av-icon-char' aria-hidden='true' data-av_icon='\ue8ad' data-av_iconfont='entypo-fontello' ><\/span><\/span><a href=\"https:\/\/www.breyershop.com.br\" target=\"_blank\" rel=\"noopener\">breyershop.com.br <\/a><\/p>\n<\/div><\/section><\/p><\/div><\/div><!--close column table wrapper. Autoclose: 1 -->\n","protected":false},"excerpt":{"rendered":"<p>J\u00e1 imaginou acompanhar o trajeto do mel da colmeia at\u00e9 o pote? Uma experi\u00eancia ap\u00edcola \u00fanica\u00a0e\u00a0inesquec\u00edvel.<br \/>\nEmpresa: <strong>Breyer Produtos\u00a0das\u00a0Abelhas<\/strong><br \/>\nMunic\u00edpio: <strong>Uni\u00e3o da Vit\u00f3ria<\/strong><\/p>\n","protected":false},"author":2,"featured_media":3612,"comment_status":"closed","ping_status":"open","sticky":false,"template":"","format":"standard","meta":{"footnotes":""},"categories":[2,12,8,17],"tags":[159],"class_list":["post-3611","post","type-post","status-publish","format-standard","has-post-thumbnail","hentry","category-gastronomia","category-locais","category-segmentos","category-sul-do-parana","tag-mel"],"_links":{"self":[{"href":"https:\/\/sebraepr.com.br\/experienciasturisticas\/wp-json\/wp\/v2\/posts\/3611","targetHints":{"allow":["GET"]}}],"collection":[{"href":"https:\/\/sebraepr.com.br\/experienciasturisticas\/wp-json\/wp\/v2\/posts"}],"about":[{"href":"https:\/\/sebraepr.com.br\/experienciasturisticas\/wp-json\/wp\/v2\/types\/post"}],"author":[{"embeddable":true,"href":"https:\/\/sebraepr.com.br\/experienciasturisticas\/wp-json\/wp\/v2\/users\/2"}],"replies":[{"embeddable":true,"href":"https:\/\/sebraepr.com.br\/experienciasturisticas\/wp-json\/wp\/v2\/comments?post=3611"}],"version-history":[{"count":3,"href":"https:\/\/sebraepr.com.br\/experienciasturisticas\/wp-json\/wp\/v2\/posts\/3611\/revisions"}],"predecessor-version":[{"id":3616,"href":"https:\/\/sebraepr.com.br\/experienciasturisticas\/wp-json\/wp\/v2\/posts\/3611\/revisions\/3616"}],"wp:featuredmedia":[{"embeddable":true,"href":"https:\/\/sebraepr.com.br\/experienciasturisticas\/wp-json\/wp\/v2\/media\/3612"}],"wp:attachment":[{"href":"https:\/\/sebraepr.com.br\/experienciasturisticas\/wp-json\/wp\/v2\/media?parent=3611"}],"wp:term":[{"taxonomy":"category","embeddable":true,"href":"https:\/\/sebraepr.com.br\/experienciasturisticas\/wp-json\/wp\/v2\/categories?post=3611"},{"taxonomy":"post_tag","embeddable":true,"href":"https:\/\/sebraepr.com.br\/experienciasturisticas\/wp-json\/wp\/v2\/tags?post=3611"}],"curies":[{"name":"wp","href":"https:\/\/api.w.org\/{rel}","templated":true}]}}