{"id":2422,"date":"2024-05-14T14:54:17","date_gmt":"2024-05-14T17:54:17","guid":{"rendered":"https:\/\/sebraepr.com.br\/experienciasturisticas\/?p=2422"},"modified":"2024-05-14T14:59:14","modified_gmt":"2024-05-14T17:59:14","slug":"rota-da-fe-no-caminho-de-sao-miguel-arcanjo","status":"publish","type":"post","link":"https:\/\/sebraepr.com.br\/experienciasturisticas\/rota-da-fe-no-caminho-de-sao-miguel-arcanjo\/","title":{"rendered":"Rota da F\u00e9 no Caminho de S\u00e3o Miguel Arcanjo"},"content":{"rendered":"<div id='full_slider_1'  class='avia-fullwidth-slider main_color avia-shadow   avia-builder-el-0  el_before_av_one_full  avia-builder-el-first   container_wrap sidebar_right'  ><div   data-size='no scaling'  data-lightbox_size='large'  data-animation='slide'  data-conditional_play=''  data-ids='2307'  data-video_counter='0'  data-autoplay='false'  data-bg_slider='false'  data-slide_height=''  data-handle='av_slideshow_full'  data-interval='5'  data-class=' '  data-el_id=''  data-css_id=''  data-scroll_down=''  data-control_layout='av-control-default'  data-custom_markup=''  data-perma_caption=''  data-autoplay_stopper=''  data-image_attachment=''  data-min_height='0px'  data-lazy_loading='disabled'  data-src=''  data-position='top left'  data-repeat='no-repeat'  data-attach='scroll'  data-stretch=''  class='avia-slideshow avia-slideshow-1  av-control-default av-default-height-applied avia-slideshow-no scaling av_slideshow_full   avia-slide-slider '  itemprop=\"image\" itemscope=\"itemscope\" itemtype=\"https:\/\/schema.org\/ImageObject\" ><ul class='avia-slideshow-inner ' style='padding-bottom: 9.4791666666667%;' ><li  class=' av-single-slide slide-1 ' ><div data-rel='slideshow-1' class='avia-slide-wrap '   ><img decoding=\"async\" class=\"wp-image-2307 avia-img-lazy-loading-not-2307\"  src=\"https:\/\/sebraepr.com.br\/experienciasturisticas\/wp-content\/uploads\/Top-Turismo-Religioso.png\" width=\"1920\" height=\"182\" title='Top Turismo Religioso' alt=''  itemprop=\"thumbnailUrl\" srcset=\"https:\/\/sebraepr.com.br\/experienciasturisticas\/wp-content\/uploads\/Top-Turismo-Religioso.png 1920w, https:\/\/sebraepr.com.br\/experienciasturisticas\/wp-content\/uploads\/Top-Turismo-Religioso-300x28.png 300w, https:\/\/sebraepr.com.br\/experienciasturisticas\/wp-content\/uploads\/Top-Turismo-Religioso-1030x98.png 1030w, https:\/\/sebraepr.com.br\/experienciasturisticas\/wp-content\/uploads\/Top-Turismo-Religioso-768x73.png 768w, https:\/\/sebraepr.com.br\/experienciasturisticas\/wp-content\/uploads\/Top-Turismo-Religioso-1536x146.png 1536w, https:\/\/sebraepr.com.br\/experienciasturisticas\/wp-content\/uploads\/Top-Turismo-Religioso-1500x142.png 1500w, https:\/\/sebraepr.com.br\/experienciasturisticas\/wp-content\/uploads\/Top-Turismo-Religioso-705x67.png 705w\" sizes=\"(max-width: 1920px) 100vw, 1920px\" \/><\/div><\/li><\/ul><\/div><\/div><div id='after_full_slider_1'  class='main_color av_default_container_wrap container_wrap sidebar_right'  ><div class='container av-section-cont-open' ><div class='template-page content  av-content-small alpha units'><div class='post-entry post-entry-type-page post-entry-2422'><div class='entry-content-wrapper clearfix'>\n<div class='flex_column av-av_one_full-557fbd3e5c92d202a51a2c4f9e35573b av_one_full  avia-builder-el-1  el_after_av_slideshow_full  el_before_av_hr  avia-builder-el-first  cultura first flex_column_div '   ><div   data-size='no scaling'  data-lightbox_size='large'  data-animation='slide'  data-conditional_play=''  data-ids='2423'  data-video_counter='0'  data-autoplay='false'  data-bg_slider='false'  data-slide_height=''  data-handle='av_slideshow'  data-interval='5'  data-class=' avia-builder-el-2  avia-builder-el-no-sibling  religioso-banner '  data-el_id=''  data-css_id=''  data-scroll_down=''  data-control_layout='av-control-default'  data-custom_markup=''  data-perma_caption=''  data-autoplay_stopper=''  data-image_attachment=''  data-min_height='0px'  data-lazy_loading='disabled'  class='avia-slideshow avia-slideshow-2  av-control-default av-default-height-applied avia-slideshow-no scaling av_slideshow  avia-builder-el-2  avia-builder-el-no-sibling  religioso-banner  avia-slide-slider '  itemprop=\"image\" itemscope=\"itemscope\" itemtype=\"https:\/\/schema.org\/ImageObject\" ><ul class='avia-slideshow-inner ' style='padding-bottom: 47%;' ><li  class=' av-single-slide slide-1 ' ><div data-rel='slideshow-2' class='avia-slide-wrap '   ><div class=\"avia-caption av-slideshow-caption\"><div class=\"avia-inner-caption\"><h2  class='avia-caption-title  '  itemprop=\"name\" >Rota da F\u00e9 no Caminho de S\u00e3o Miguel Arcanjo<\/h2><div class='avia-caption-content  '  itemprop=\"description\"  ><p>Com a Prote\u00e7\u00e3o de S\u00e3o Miguel, elevamos nossa F\u00e9!<\/p>\n<\/div><\/div><\/div><img decoding=\"async\" class=\"wp-image-2423 avia-img-lazy-loading-not-2423\"  src=\"https:\/\/sebraepr.com.br\/experienciasturisticas\/wp-content\/uploads\/Rota-da-Fe-no-Caminho-de-Sao-Miguel-Arcanjo.jpg\" width=\"900\" height=\"423\" title='Rota da F\u00e9 no Caminho de S\u00e3o Miguel Arcanjo' alt=''  itemprop=\"thumbnailUrl\" srcset=\"https:\/\/sebraepr.com.br\/experienciasturisticas\/wp-content\/uploads\/Rota-da-Fe-no-Caminho-de-Sao-Miguel-Arcanjo.jpg 900w, https:\/\/sebraepr.com.br\/experienciasturisticas\/wp-content\/uploads\/Rota-da-Fe-no-Caminho-de-Sao-Miguel-Arcanjo-300x141.jpg 300w, https:\/\/sebraepr.com.br\/experienciasturisticas\/wp-content\/uploads\/Rota-da-Fe-no-Caminho-de-Sao-Miguel-Arcanjo-768x361.jpg 768w, https:\/\/sebraepr.com.br\/experienciasturisticas\/wp-content\/uploads\/Rota-da-Fe-no-Caminho-de-Sao-Miguel-Arcanjo-705x331.jpg 705w\" sizes=\"(max-width: 900px) 100vw, 900px\" \/><\/div><\/li><\/ul><\/div><\/div>\n<style type=\"text\/css\" id=\"style-css-av-av_hr-3a876428eececa9d35452247ddb053af\">\n#top .hr.hr-invisible.av-av_hr-3a876428eececa9d35452247ddb053af{\nheight:50px;\n}\n<\/style>\n<div  class='hr av-av_hr-3a876428eececa9d35452247ddb053af hr-invisible  avia-builder-el-3  el_after_av_one_full  el_before_av_one_full  '><span class='hr-inner '><span class=\"hr-inner-style\"><\/span><\/span><\/div><\/p>\n<div class='flex_column av-av_one_full-ea14183cdac8dbfc09f0e27b4d7f1a23 av_one_full  avia-builder-el-4  el_after_av_hr  el_before_av_one_half  religioso first no_margin flex_column_div  av-animated-generic pop-up '   ><section class=\"av_textblock_section \"  itemscope=\"itemscope\" itemtype=\"https:\/\/schema.org\/BlogPosting\" itemprop=\"blogPost\" ><div class='avia_textblock  '   itemprop=\"text\" ><p><strong>Com a Prote\u00e7\u00e3o de S\u00e3o Miguel, elevamos nossa F\u00e9, imerso a Cultura da Capital da Ora\u00e7\u00e3o, contemplando as belezas naturais do Nosso Criador<\/strong><\/p>\n<\/div><\/section><\/div><div class='flex_column_table av-av_one_half-c061c2da310c10de908505af36b8bef7 sc-av_one_half av-equal-height-column-flextable'><div class='flex_column av-av_one_half-c061c2da310c10de908505af36b8bef7 av_one_half  avia-builder-el-6  el_after_av_one_full  el_before_av_one_half  first flex_column_table_cell av-equal-height-column av-align-middle  av-animated-generic bottom-to-top column-top-margin'   ><section class=\"av_textblock_section \"  itemscope=\"itemscope\" itemtype=\"https:\/\/schema.org\/BlogPosting\" itemprop=\"blogPost\" ><div class='avia_textblock religioso '   itemprop=\"text\" ><p><strong>Dias e hor\u00e1rios de funcionamento:<\/strong> Durante o ano todo sob agendamento.<br \/>\n<strong>O que a experi\u00eancia inclui: <\/strong> Guia de turismo, ingressos, alimenta\u00e7\u00e3o, hospedagem, transporte<br \/>\n<strong>Anteced\u00eancia para reserva: <\/strong> 10 dias.<br \/>\n<strong>N\u00famero m\u00ednimo e m\u00e1ximo de pessoas: <\/strong> M\u00ednimo 10, m\u00e1ximo 120 pessoas.<br \/>\n<strong>Indicado para: <\/strong> Todos os p\u00fablicos.<\/p>\n<\/div><\/section><\/div><div class='av-flex-placeholder'><\/div><div class='flex_column av-av_one_half-cc8802e429df4eab1e594639eadfe83d av_one_half  avia-builder-el-8  el_after_av_one_half  el_before_av_one_half  flex_column_table_cell av-equal-height-column av-align-middle  av-animated-generic bottom-to-top column-top-margin'   ><style type=\"text\/css\" id=\"style-css-av-lw6ox6rw-6cd5b43ceb96065896fd7520edc65862\">\n.avia-image-container.av-lw6ox6rw-6cd5b43ceb96065896fd7520edc65862 .av-image-caption-overlay-center{\ncolor:#ffffff;\n}\n<\/style>\n<div  class='avia-image-container av-lw6ox6rw-6cd5b43ceb96065896fd7520edc65862 av-styling- avia-align-center  avia-builder-el-9  avia-builder-el-no-sibling  '  itemprop=\"image\" itemscope=\"itemscope\" itemtype=\"https:\/\/schema.org\/ImageObject\" ><div class=\"avia-image-container-inner\"><div class=\"avia-image-overlay-wrap\"><img decoding=\"async\" class='wp-image-1599 avia-img-lazy-loading-not-1599 avia_image' src=\"https:\/\/sebraepr.com.br\/experienciasturisticas\/wp-content\/uploads\/Topolis.png\" alt='' title='T\u00f3polis'  height=\"325\" width=\"400\"  itemprop=\"thumbnailUrl\" srcset=\"https:\/\/sebraepr.com.br\/experienciasturisticas\/wp-content\/uploads\/Topolis.png 400w, https:\/\/sebraepr.com.br\/experienciasturisticas\/wp-content\/uploads\/Topolis-300x244.png 300w\" sizes=\"(max-width: 400px) 100vw, 400px\" \/><\/div><\/div><\/div><\/div><\/div><!--close column table wrapper. Autoclose: 1 --><div class='flex_column_table av-av_one_half-d8da5e131a3fa7941ad0198d56a675bd sc-av_one_half av-equal-height-column-flextable'><div class='flex_column av-av_one_half-d8da5e131a3fa7941ad0198d56a675bd av_one_half  avia-builder-el-10  el_after_av_one_half  el_before_av_one_half  imgarr first flex_column_table_cell av-equal-height-column av-align-top  av-animated-generic bottom-to-top column-top-margin'   ><style type=\"text\/css\" id=\"style-css-av-lw6oxf4e-44d5c1806bbfc32f03d56866de77458e\">\n.avia-image-container.av-lw6oxf4e-44d5c1806bbfc32f03d56866de77458e .av-image-caption-overlay-center{\ncolor:#ffffff;\n}\n<\/style>\n<div  class='avia-image-container av-lw6oxf4e-44d5c1806bbfc32f03d56866de77458e av-styling- avia-align-center  avia-builder-el-11  avia-builder-el-no-sibling  '  itemprop=\"image\" itemscope=\"itemscope\" itemtype=\"https:\/\/schema.org\/ImageObject\" ><div class=\"avia-image-container-inner\"><div class=\"avia-image-overlay-wrap\"><img decoding=\"async\" class='wp-image-2424 avia-img-lazy-loading-not-2424 avia_image' src=\"https:\/\/sebraepr.com.br\/experienciasturisticas\/wp-content\/uploads\/Rota-da-Fe-no-Caminho-de-Sao-Miguel-Arcanjo2.jpg\" alt='' title='Rota da F\u00e9 no Caminho de S\u00e3o Miguel Arcanjo2'  height=\"900\" width=\"695\"  itemprop=\"thumbnailUrl\" srcset=\"https:\/\/sebraepr.com.br\/experienciasturisticas\/wp-content\/uploads\/Rota-da-Fe-no-Caminho-de-Sao-Miguel-Arcanjo2.jpg 695w, https:\/\/sebraepr.com.br\/experienciasturisticas\/wp-content\/uploads\/Rota-da-Fe-no-Caminho-de-Sao-Miguel-Arcanjo2-232x300.jpg 232w, https:\/\/sebraepr.com.br\/experienciasturisticas\/wp-content\/uploads\/Rota-da-Fe-no-Caminho-de-Sao-Miguel-Arcanjo2-544x705.jpg 544w\" sizes=\"(max-width: 695px) 100vw, 695px\" \/><\/div><\/div><\/div><\/div><div class='av-flex-placeholder'><\/div>\n<style type=\"text\/css\" id=\"style-css-av-av_one_half-8a29c0c33fe8db60e57cc458a9b11e94\">\n.flex_column.av-av_one_half-8a29c0c33fe8db60e57cc458a9b11e94{\nborder-radius:20px 20px 20px 20px;\n-webkit-border-radius:20px 20px 20px 20px;\n-moz-border-radius:20px 20px 20px 20px;\npadding:20px 20px 20px 20px;\nbackground-color:#22afaa;\n}\n<\/style>\n<div class='flex_column av-av_one_half-8a29c0c33fe8db60e57cc458a9b11e94 av_one_half  avia-builder-el-12  el_after_av_one_half  avia-builder-el-last  cont-mapas flex_column_table_cell av-equal-height-column av-align-top  av-animated-generic bottom-to-top column-top-margin'   id=\"cont-mapas-li\"  ><p>\n<style type=\"text\/css\" id=\"style-css-av-av_image-45ab5d9b0918d482a6546478ee273e58\">\n.avia-image-container.av-av_image-45ab5d9b0918d482a6546478ee273e58 .av-image-caption-overlay-center{\ncolor:#ffffff;\n}\n<\/style>\n<div  class='avia-image-container av-av_image-45ab5d9b0918d482a6546478ee273e58 av-styling- av-hover-grow avia-align-center  avia-builder-el-13  el_before_av_textblock  avia-builder-el-first  '  itemprop=\"image\" itemscope=\"itemscope\" itemtype=\"https:\/\/schema.org\/ImageObject\" ><div class=\"avia-image-container-inner\"><div class=\"avia-image-overlay-wrap\"><a href=\"https:\/\/sebraepr.com.br\/experienciasturisticas\/category\/locais\/terra-dos-pinheirais\/\" class='avia_image' ><img decoding=\"async\" width=\"300\" height=\"206\" class='wp-image-268 avia-img-lazy-loading-not-268 avia_image' src=\"https:\/\/sebraepr.com.br\/experienciasturisticas\/wp-content\/uploads\/Parana-Terra-dos-Pinheirais-300x206.png\" alt='' title='Paran\u00e1 Terra dos Pinheirais'  itemprop=\"thumbnailUrl\" srcset=\"https:\/\/sebraepr.com.br\/experienciasturisticas\/wp-content\/uploads\/Parana-Terra-dos-Pinheirais-300x206.png 300w, https:\/\/sebraepr.com.br\/experienciasturisticas\/wp-content\/uploads\/Parana-Terra-dos-Pinheirais.png 600w\" sizes=\"(max-width: 300px) 100vw, 300px\" \/><\/a><\/div><\/div><\/div><br \/>\n<section class=\"av_textblock_section \"  itemscope=\"itemscope\" itemtype=\"https:\/\/schema.org\/BlogPosting\" itemprop=\"blogPost\" ><div class='avia_textblock  av_inherit_color '  style='color:#ffffff; '  itemprop=\"text\" ><p><strong>Empresa: <\/strong>T\u00f3polis Turismo &amp; Aventura<br \/>\n<strong>Munic\u00edpio:<\/strong> Prudent\u00f3polis<\/p>\n<\/div><\/section><br \/>\n<section class=\"av_textblock_section \"  itemscope=\"itemscope\" itemtype=\"https:\/\/schema.org\/BlogPosting\" itemprop=\"blogPost\" ><div class='avia_textblock  av_inherit_color '  style='color:#ffffff; '  itemprop=\"text\" ><p>\n<style type=\"text\/css\" id=\"style-css-av-av_font_icon-5a31fb3f97e1c734d60dec3b7e5e8827\">\n.av_font_icon.av-av_font_icon-5a31fb3f97e1c734d60dec3b7e5e8827 .av-icon-char{\nfont-size:30px;\nline-height:30px;\n}\n<\/style>\n<span  class=\"av_font_icon av-av_font_icon-5a31fb3f97e1c734d60dec3b7e5e8827 avia_animate_when_visible av-icon-style- avia-icon-pos-left av-no-color avia-icon-animate \"><span class='av-icon-char' aria-hidden='true' data-av_icon='\ue842' data-av_iconfont='entypo-fontello' ><\/span><\/span> <a href=\"https:\/\/maps.app.goo.gl\/ymN5dnXGs2pSfUJD6\" target=\"_blank\" rel=\"noopener\">Esquina com a marginal BR 373, Rua Dr. Oz\u00f3rio Guimaraes &#8211; Vila das Flores<\/a><\/p>\n<p>\n<style type=\"text\/css\" id=\"style-css-av-av_font_icon-bd2a8b0e133824b13e0f9cc4ee22619f\">\n.av_font_icon.av-av_font_icon-bd2a8b0e133824b13e0f9cc4ee22619f .av-icon-char{\nfont-size:30px;\nline-height:30px;\n}\n<\/style>\n<span  class=\"av_font_icon av-av_font_icon-bd2a8b0e133824b13e0f9cc4ee22619f avia_animate_when_visible av-icon-style- avia-icon-pos-left av-no-color avia-icon-animate \"><span class='av-icon-char' aria-hidden='true' data-av_icon='\ue8ac' data-av_iconfont='entypo-fontello' ><\/span><\/span> (42) 99860-9127<\/p>\n<p>\n<style type=\"text\/css\" id=\"style-css-av-av_font_icon-3ba8aa5ee4b50f5db5e9ac4b8a999184\">\n.av_font_icon.av-av_font_icon-3ba8aa5ee4b50f5db5e9ac4b8a999184 .av-icon-char{\nfont-size:30px;\nline-height:30px;\n}\n<\/style>\n<span  class=\"av_font_icon av-av_font_icon-3ba8aa5ee4b50f5db5e9ac4b8a999184 avia_animate_when_visible av-icon-style- avia-icon-pos-left av-no-color avia-icon-animate \"><span class='av-icon-char' aria-hidden='true' data-av_icon='\uf232' data-av_iconfont='entypo-fontello' ><\/span><\/span> <a href=\"https:\/\/api.whatsapp.com\/send?phone=5542998609127&amp;text=Ol\u00e1!%20Vim%20pelo%20site%20de%20experi\u00eancias%20tur\u00edsticas%20e%20quero%20mais%20informa\u00e7\u00f5es\">5542998609127<\/a><\/p>\n<p>\n<style type=\"text\/css\" id=\"style-css-av-av_font_icon-b5e04dfcd1e8e0c66c0e451178508a65\">\n.av_font_icon.av-av_font_icon-b5e04dfcd1e8e0c66c0e451178508a65 .av-icon-char{\nfont-size:30px;\nline-height:30px;\n}\n<\/style>\n<span  class=\"av_font_icon av-av_font_icon-b5e04dfcd1e8e0c66c0e451178508a65 avia_animate_when_visible av-icon-style- avia-icon-pos-left av-no-color avia-icon-animate \"><span class='av-icon-char' aria-hidden='true' data-av_icon='\ue909' data-av_iconfont='entypo-fontello' ><\/span><\/span><a href=\"https:\/\/www.instagram.com\/topolisprude\/\" target=\"_blank\" rel=\"noopener\">@topolisprude<\/a><\/p>\n<p>\n<style type=\"text\/css\" id=\"style-css-av-av_font_icon-db3a616d684c371f0f73169020833d16\">\n.av_font_icon.av-av_font_icon-db3a616d684c371f0f73169020833d16 .av-icon-char{\nfont-size:30px;\nline-height:30px;\n}\n<\/style>\n<span  class=\"av_font_icon av-av_font_icon-db3a616d684c371f0f73169020833d16 avia_animate_when_visible av-icon-style- avia-icon-pos-left av-no-color avia-icon-animate \"><span class='av-icon-char' aria-hidden='true' data-av_icon='\ue8f5' data-av_iconfont='entypo-fontello' ><\/span><\/span><a href=\"https:\/\/facebook.com\/topolisprude\/\" target=\"_blank\" rel=\"noopener\">\/topolisprude<\/a><\/p>\n<\/div><\/section><\/p><\/div><\/div><!--close column table wrapper. Autoclose: 1 --><\/p>\n","protected":false},"excerpt":{"rendered":"<p>Com a Prote\u00e7\u00e3o de S\u00e3o Miguel, elevamos nossa F\u00e9, contemplando as belezas naturais do Nosso Criador<br \/>\nEmpresa: <strong>T\u00f3polis Turismo &amp; Aventura<\/strong><br \/>\nMunic\u00edpio: <strong>Prudent\u00f3polis<\/strong><\/p>\n","protected":false},"author":2,"featured_media":2424,"comment_status":"closed","ping_status":"open","sticky":false,"template":"","format":"standard","meta":{"footnotes":""},"categories":[12,8,15,131],"tags":[136],"class_list":["post-2422","post","type-post","status-publish","format-standard","has-post-thumbnail","hentry","category-locais","category-segmentos","category-terra-dos-pinheirais","category-turismo-religioso","tag-fe"],"_links":{"self":[{"href":"https:\/\/sebraepr.com.br\/experienciasturisticas\/wp-json\/wp\/v2\/posts\/2422","targetHints":{"allow":["GET"]}}],"collection":[{"href":"https:\/\/sebraepr.com.br\/experienciasturisticas\/wp-json\/wp\/v2\/posts"}],"about":[{"href":"https:\/\/sebraepr.com.br\/experienciasturisticas\/wp-json\/wp\/v2\/types\/post"}],"author":[{"embeddable":true,"href":"https:\/\/sebraepr.com.br\/experienciasturisticas\/wp-json\/wp\/v2\/users\/2"}],"replies":[{"embeddable":true,"href":"https:\/\/sebraepr.com.br\/experienciasturisticas\/wp-json\/wp\/v2\/comments?post=2422"}],"version-history":[{"count":2,"href":"https:\/\/sebraepr.com.br\/experienciasturisticas\/wp-json\/wp\/v2\/posts\/2422\/revisions"}],"predecessor-version":[{"id":2427,"href":"https:\/\/sebraepr.com.br\/experienciasturisticas\/wp-json\/wp\/v2\/posts\/2422\/revisions\/2427"}],"wp:featuredmedia":[{"embeddable":true,"href":"https:\/\/sebraepr.com.br\/experienciasturisticas\/wp-json\/wp\/v2\/media\/2424"}],"wp:attachment":[{"href":"https:\/\/sebraepr.com.br\/experienciasturisticas\/wp-json\/wp\/v2\/media?parent=2422"}],"wp:term":[{"taxonomy":"category","embeddable":true,"href":"https:\/\/sebraepr.com.br\/experienciasturisticas\/wp-json\/wp\/v2\/categories?post=2422"},{"taxonomy":"post_tag","embeddable":true,"href":"https:\/\/sebraepr.com.br\/experienciasturisticas\/wp-json\/wp\/v2\/tags?post=2422"}],"curies":[{"name":"wp","href":"https:\/\/api.w.org\/{rel}","templated":true}]}}