{"id":2371,"date":"2024-05-09T10:30:54","date_gmt":"2024-05-09T13:30:54","guid":{"rendered":"https:\/\/sebraepr.com.br\/experienciasturisticas\/?p=2371"},"modified":"2024-05-14T08:51:00","modified_gmt":"2024-05-14T11:51:00","slug":"vivenciando-a-cultura-ucraniana","status":"publish","type":"post","link":"https:\/\/sebraepr.com.br\/experienciasturisticas\/vivenciando-a-cultura-ucraniana\/","title":{"rendered":"Vivenciando a Cultura Ucraniana"},"content":{"rendered":"<div id='full_slider_1'  class='avia-fullwidth-slider main_color avia-shadow   avia-builder-el-0  el_before_av_one_full  avia-builder-el-first   container_wrap sidebar_right'  ><div   data-size='no scaling'  data-lightbox_size='large'  data-animation='slide'  data-conditional_play=''  data-ids='2307'  data-video_counter='0'  data-autoplay='false'  data-bg_slider='false'  data-slide_height=''  data-handle='av_slideshow_full'  data-interval='5'  data-class=' '  data-el_id=''  data-css_id=''  data-scroll_down=''  data-control_layout='av-control-default'  data-custom_markup=''  data-perma_caption=''  data-autoplay_stopper=''  data-image_attachment=''  data-min_height='0px'  data-lazy_loading='disabled'  data-src=''  data-position='top left'  data-repeat='no-repeat'  data-attach='scroll'  data-stretch=''  class='avia-slideshow avia-slideshow-1  av-control-default av-default-height-applied avia-slideshow-no scaling av_slideshow_full   avia-slide-slider '  itemprop=\"image\" itemscope=\"itemscope\" itemtype=\"https:\/\/schema.org\/ImageObject\" ><ul class='avia-slideshow-inner ' style='padding-bottom: 9.4791666666667%;' ><li  class=' av-single-slide slide-1 ' ><div data-rel='slideshow-1' class='avia-slide-wrap '   ><img decoding=\"async\" class=\"wp-image-2307 avia-img-lazy-loading-not-2307\"  src=\"https:\/\/sebraepr.com.br\/experienciasturisticas\/wp-content\/uploads\/Top-Turismo-Religioso.png\" width=\"1920\" height=\"182\" title='Top Turismo Religioso' alt=''  itemprop=\"thumbnailUrl\" srcset=\"https:\/\/sebraepr.com.br\/experienciasturisticas\/wp-content\/uploads\/Top-Turismo-Religioso.png 1920w, https:\/\/sebraepr.com.br\/experienciasturisticas\/wp-content\/uploads\/Top-Turismo-Religioso-300x28.png 300w, https:\/\/sebraepr.com.br\/experienciasturisticas\/wp-content\/uploads\/Top-Turismo-Religioso-1030x98.png 1030w, https:\/\/sebraepr.com.br\/experienciasturisticas\/wp-content\/uploads\/Top-Turismo-Religioso-768x73.png 768w, https:\/\/sebraepr.com.br\/experienciasturisticas\/wp-content\/uploads\/Top-Turismo-Religioso-1536x146.png 1536w, https:\/\/sebraepr.com.br\/experienciasturisticas\/wp-content\/uploads\/Top-Turismo-Religioso-1500x142.png 1500w, https:\/\/sebraepr.com.br\/experienciasturisticas\/wp-content\/uploads\/Top-Turismo-Religioso-705x67.png 705w\" sizes=\"(max-width: 1920px) 100vw, 1920px\" \/><\/div><\/li><\/ul><\/div><\/div><div id='after_full_slider_1'  class='main_color av_default_container_wrap container_wrap sidebar_right'  ><div class='container av-section-cont-open' ><div class='template-page content  av-content-small alpha units'><div class='post-entry post-entry-type-page post-entry-2371'><div class='entry-content-wrapper clearfix'>\n<div class='flex_column av-av_one_full-557fbd3e5c92d202a51a2c4f9e35573b av_one_full  avia-builder-el-1  el_after_av_slideshow_full  el_before_av_hr  avia-builder-el-first  cultura first flex_column_div '   ><div   data-size='no scaling'  data-lightbox_size='large'  data-animation='slide'  data-conditional_play=''  data-ids='2373'  data-video_counter='0'  data-autoplay='false'  data-bg_slider='false'  data-slide_height=''  data-handle='av_slideshow'  data-interval='5'  data-class=' avia-builder-el-2  avia-builder-el-no-sibling  religioso-banner '  data-el_id=''  data-css_id=''  data-scroll_down=''  data-control_layout='av-control-default'  data-custom_markup=''  data-perma_caption=''  data-autoplay_stopper=''  data-image_attachment=''  data-min_height='0px'  data-lazy_loading='disabled'  class='avia-slideshow avia-slideshow-2  av-control-default av-default-height-applied avia-slideshow-no scaling av_slideshow  avia-builder-el-2  avia-builder-el-no-sibling  religioso-banner  avia-slide-slider '  itemprop=\"image\" itemscope=\"itemscope\" itemtype=\"https:\/\/schema.org\/ImageObject\" ><ul class='avia-slideshow-inner ' style='padding-bottom: 47%;' ><li  class=' av-single-slide slide-1 ' ><div data-rel='slideshow-2' class='avia-slide-wrap '   ><div class=\"avia-caption av-slideshow-caption\"><div class=\"avia-inner-caption\"><h2  class='avia-caption-title  '  itemprop=\"name\" >Vivenciando a Cultura Ucraniana<\/h2><div class='avia-caption-content  '  itemprop=\"description\"  ><p>O Museu do Mil\u00eanio apresenta um rico acervo sobre Prudent\u00f3polis e a hist\u00f3ria da imigra\u00e7\u00e3o ucraniana no munic\u00edpio<\/p>\n<\/div><\/div><\/div><img decoding=\"async\" class=\"wp-image-2373 avia-img-lazy-loading-not-2373\"  src=\"https:\/\/sebraepr.com.br\/experienciasturisticas\/wp-content\/uploads\/Vivenciando-a-Cultura-Ucraniana.jpg\" width=\"900\" height=\"423\" title='Vivenciando a Cultura Ucraniana' alt=''  itemprop=\"thumbnailUrl\" srcset=\"https:\/\/sebraepr.com.br\/experienciasturisticas\/wp-content\/uploads\/Vivenciando-a-Cultura-Ucraniana.jpg 900w, https:\/\/sebraepr.com.br\/experienciasturisticas\/wp-content\/uploads\/Vivenciando-a-Cultura-Ucraniana-300x141.jpg 300w, https:\/\/sebraepr.com.br\/experienciasturisticas\/wp-content\/uploads\/Vivenciando-a-Cultura-Ucraniana-768x361.jpg 768w, https:\/\/sebraepr.com.br\/experienciasturisticas\/wp-content\/uploads\/Vivenciando-a-Cultura-Ucraniana-705x331.jpg 705w\" sizes=\"(max-width: 900px) 100vw, 900px\" \/><\/div><\/li><\/ul><\/div><\/div>\n<style type=\"text\/css\" id=\"style-css-av-av_hr-3a876428eececa9d35452247ddb053af\">\n#top .hr.hr-invisible.av-av_hr-3a876428eececa9d35452247ddb053af{\nheight:50px;\n}\n<\/style>\n<div  class='hr av-av_hr-3a876428eececa9d35452247ddb053af hr-invisible  avia-builder-el-3  el_after_av_one_full  el_before_av_one_full  '><span class='hr-inner '><span class=\"hr-inner-style\"><\/span><\/span><\/div><\/p>\n<div class='flex_column av-j7e3hv-275f479455efd2647f17629c57285aa8 av_one_full  avia-builder-el-4  el_after_av_hr  el_before_av_one_half  religioso first no_margin flex_column_div  av-animated-generic pop-up '   ><section class=\"av_textblock_section \"  itemscope=\"itemscope\" itemtype=\"https:\/\/schema.org\/BlogPosting\" itemprop=\"blogPost\" ><div class='avia_textblock  '   itemprop=\"text\" ><p><strong>Nesta experi\u00eancia os visitantes s\u00e3o recepcionados com p\u00e3o e sal &#8211; s\u00edmbolo de vida farta e amizade. Ap\u00f3s a visita guiada \u00e9 poss\u00edvel colocar partes de trajes t\u00edpicos ucranianos ao som da Bandura, can\u00e7\u00f5es e dan\u00e7a da kolomeika.<\/strong><\/p>\n<\/div><\/section><\/div>\n<div class='flex_column_table av-1pw25v-1af957988014d1c7e3f380f8ea530d4a sc-av_one_half av-equal-height-column-flextable'><div class='flex_column av-1pw25v-1af957988014d1c7e3f380f8ea530d4a av_one_half  avia-builder-el-6  el_after_av_one_full  el_before_av_one_half  first flex_column_table_cell av-equal-height-column av-align-middle  av-animated-generic bottom-to-top column-top-margin'   ><section class=\"av_textblock_section \"  itemscope=\"itemscope\" itemtype=\"https:\/\/schema.org\/BlogPosting\" itemprop=\"blogPost\" ><div class='avia_textblock religioso '   itemprop=\"text\" ><p><strong>Dias e hor\u00e1rios de funcionamento: <\/strong>Das 09h as 11h30 \/ 14h as 17h<\/p>\n<p>S\u00e1bado e Domingo apenas pela manh\u00e3<br \/>\nQuarta-feira fechado<br \/>\nOutros hor\u00e1rios com agendamento<\/p>\n<p><strong>O que a experi\u00eancia inclui:<\/strong> Ingresso, Monitor, Vestimenta, Recep\u00e7\u00e3o, M\u00fasica, Degusta\u00e7\u00e3o de p\u00e3o<br \/>\n<strong>Anteced\u00eancia para reserva: <\/strong> 2 dias.<br \/>\n<strong>N\u00famero m\u00ednimo e m\u00e1ximo de pessoas: <\/strong> M\u00ednimo 3, m\u00e1ximo 20 pessoas.<br \/>\n<strong>Indicado para: <\/strong> Todos os p\u00fablicos.<\/p>\n<\/div><\/section><\/div>\n<div class='av-flex-placeholder'><\/div><div class='flex_column av-g30qs3-717f4a9837681045b970314f0afa4041 av_one_half  avia-builder-el-8  el_after_av_one_half  el_before_av_one_half  flex_column_table_cell av-equal-height-column av-align-middle  av-animated-generic bottom-to-top column-top-margin'   ><style type=\"text\/css\" id=\"style-css-av-lvza4y13-d06137944221a0d71fccccb37ef1fd1a\">\n.avia-image-container.av-lvza4y13-d06137944221a0d71fccccb37ef1fd1a .av-image-caption-overlay-center{\ncolor:#ffffff;\n}\n<\/style>\n<div  class='avia-image-container av-lvza4y13-d06137944221a0d71fccccb37ef1fd1a av-styling- avia-align-center  avia-builder-el-9  avia-builder-el-no-sibling  '  itemprop=\"image\" itemscope=\"itemscope\" itemtype=\"https:\/\/schema.org\/ImageObject\" ><div class=\"avia-image-container-inner\"><div class=\"avia-image-overlay-wrap\"><img decoding=\"async\" class='wp-image-2372 avia-img-lazy-loading-not-2372 avia_image' src=\"https:\/\/sebraepr.com.br\/experienciasturisticas\/wp-content\/uploads\/Museu-do-Milenio.png\" alt='' title='Museu do Milenio'  height=\"533\" width=\"533\"  itemprop=\"thumbnailUrl\" srcset=\"https:\/\/sebraepr.com.br\/experienciasturisticas\/wp-content\/uploads\/Museu-do-Milenio.png 533w, https:\/\/sebraepr.com.br\/experienciasturisticas\/wp-content\/uploads\/Museu-do-Milenio-300x300.png 300w, https:\/\/sebraepr.com.br\/experienciasturisticas\/wp-content\/uploads\/Museu-do-Milenio-80x80.png 80w, https:\/\/sebraepr.com.br\/experienciasturisticas\/wp-content\/uploads\/Museu-do-Milenio-36x36.png 36w, https:\/\/sebraepr.com.br\/experienciasturisticas\/wp-content\/uploads\/Museu-do-Milenio-180x180.png 180w\" sizes=\"(max-width: 533px) 100vw, 533px\" \/><\/div><\/div><\/div><\/div><\/div><!--close column table wrapper. Autoclose: 1 -->\n<div class='flex_column_table av-ea5zur-020d59c4d35567f6d177825b7e0185dc sc-av_one_half av-equal-height-column-flextable'><div class='flex_column av-ea5zur-020d59c4d35567f6d177825b7e0185dc av_one_half  avia-builder-el-10  el_after_av_one_half  el_before_av_one_half  imgarr first flex_column_table_cell av-equal-height-column av-align-top  av-animated-generic bottom-to-top column-top-margin'   ><style type=\"text\/css\" id=\"style-css-av-lvza5734-988ba666fca01dc636b98feef8012835\">\n.avia-image-container.av-lvza5734-988ba666fca01dc636b98feef8012835 .av-image-caption-overlay-center{\ncolor:#ffffff;\n}\n<\/style>\n<div  class='avia-image-container av-lvza5734-988ba666fca01dc636b98feef8012835 av-styling- avia-align-center  avia-builder-el-11  avia-builder-el-no-sibling  '  itemprop=\"image\" itemscope=\"itemscope\" itemtype=\"https:\/\/schema.org\/ImageObject\" ><div class=\"avia-image-container-inner\"><div class=\"avia-image-overlay-wrap\"><img decoding=\"async\" class='wp-image-2374 avia-img-lazy-loading-not-2374 avia_image' src=\"https:\/\/sebraepr.com.br\/experienciasturisticas\/wp-content\/uploads\/Vivenciando-a-Cultura-Ucraniana2.jpg\" alt='' title='Vivenciando a Cultura Ucraniana2'  height=\"900\" width=\"675\"  itemprop=\"thumbnailUrl\" srcset=\"https:\/\/sebraepr.com.br\/experienciasturisticas\/wp-content\/uploads\/Vivenciando-a-Cultura-Ucraniana2.jpg 675w, https:\/\/sebraepr.com.br\/experienciasturisticas\/wp-content\/uploads\/Vivenciando-a-Cultura-Ucraniana2-225x300.jpg 225w, https:\/\/sebraepr.com.br\/experienciasturisticas\/wp-content\/uploads\/Vivenciando-a-Cultura-Ucraniana2-529x705.jpg 529w\" sizes=\"(max-width: 675px) 100vw, 675px\" \/><\/div><\/div><\/div><\/div>\n<div class='av-flex-placeholder'><\/div>\n<style type=\"text\/css\" id=\"style-css-av-cbi22b-75177f1e94ba3a4a89557335026c2ea7\">\n.flex_column.av-cbi22b-75177f1e94ba3a4a89557335026c2ea7{\nborder-radius:20px 20px 20px 20px;\n-webkit-border-radius:20px 20px 20px 20px;\n-moz-border-radius:20px 20px 20px 20px;\npadding:20px 20px 20px 20px;\nbackground-color:#22afaa;\n}\n<\/style>\n<div class='flex_column av-cbi22b-75177f1e94ba3a4a89557335026c2ea7 av_one_half  avia-builder-el-12  el_after_av_one_half  avia-builder-el-last  cont-mapas flex_column_table_cell av-equal-height-column av-align-top  av-animated-generic bottom-to-top column-top-margin'   id=\"cont-mapas-li\"  ><p>\n<style type=\"text\/css\" id=\"style-css-av-az1sur-195ca9bce74fb33a8cfc067160116028\">\n.avia-image-container.av-az1sur-195ca9bce74fb33a8cfc067160116028 .av-image-caption-overlay-center{\ncolor:#ffffff;\n}\n<\/style>\n<div  class='avia-image-container av-az1sur-195ca9bce74fb33a8cfc067160116028 av-styling- av-hover-grow avia-align-center  avia-builder-el-13  el_before_av_textblock  avia-builder-el-first  '  itemprop=\"image\" itemscope=\"itemscope\" itemtype=\"https:\/\/schema.org\/ImageObject\" ><div class=\"avia-image-container-inner\"><div class=\"avia-image-overlay-wrap\"><a href=\"https:\/\/sebraepr.com.br\/experienciasturisticas\/category\/locais\/terra-dos-pinheirais\/\" class='avia_image' ><img decoding=\"async\" width=\"300\" height=\"206\" class='wp-image-268 avia-img-lazy-loading-not-268 avia_image' src=\"https:\/\/sebraepr.com.br\/experienciasturisticas\/wp-content\/uploads\/Parana-Terra-dos-Pinheirais-300x206.png\" alt='' title='Paran\u00e1 Terra dos Pinheirais'  itemprop=\"thumbnailUrl\" srcset=\"https:\/\/sebraepr.com.br\/experienciasturisticas\/wp-content\/uploads\/Parana-Terra-dos-Pinheirais-300x206.png 300w, https:\/\/sebraepr.com.br\/experienciasturisticas\/wp-content\/uploads\/Parana-Terra-dos-Pinheirais.png 600w\" sizes=\"(max-width: 300px) 100vw, 300px\" \/><\/a><\/div><\/div><\/div><br \/>\n<section class=\"av_textblock_section \"  itemscope=\"itemscope\" itemtype=\"https:\/\/schema.org\/BlogPosting\" itemprop=\"blogPost\" ><div class='avia_textblock  av_inherit_color '  style='color:#ffffff; '  itemprop=\"text\" ><p><strong>Empresa:<\/strong> Museu do Mil\u00eanio<br \/>\n<strong>Munic\u00edpio:<\/strong> Prudent\u00f3polis<\/p>\n<\/div><\/section><br \/>\n<section class=\"av_textblock_section \"  itemscope=\"itemscope\" itemtype=\"https:\/\/schema.org\/BlogPosting\" itemprop=\"blogPost\" ><div class='avia_textblock  av_inherit_color '  style='color:#ffffff; '  itemprop=\"text\" ><p>\n<style type=\"text\/css\" id=\"style-css-av-9qisir-7533e1a75fa5a201d64994ffa501bb75\">\n.av_font_icon.av-9qisir-7533e1a75fa5a201d64994ffa501bb75 .av-icon-char{\nfont-size:30px;\nline-height:30px;\n}\n<\/style>\n<span  class=\"av_font_icon av-9qisir-7533e1a75fa5a201d64994ffa501bb75 avia_animate_when_visible av-icon-style- avia-icon-pos-left av-no-color avia-icon-animate \"><span class='av-icon-char' aria-hidden='true' data-av_icon='\ue842' data-av_iconfont='entypo-fontello' ><\/span><\/span> <a href=\"https:\/\/maps.app.goo.gl\/j1CkPjmpCXQctB7M6\" target=\"_blank\" rel=\"noopener\">R. C\u00e2ndido de Abreu &#8211; Prudent\u00f3polis<\/a><\/p>\n<p>\n<style type=\"text\/css\" id=\"style-css-av-6t0coz-848c09a899fede5df09049f6c0e24775\">\n.av_font_icon.av-6t0coz-848c09a899fede5df09049f6c0e24775 .av-icon-char{\nfont-size:30px;\nline-height:30px;\n}\n<\/style>\n<span  class=\"av_font_icon av-6t0coz-848c09a899fede5df09049f6c0e24775 avia_animate_when_visible av-icon-style- avia-icon-pos-left av-no-color avia-icon-animate \"><span class='av-icon-char' aria-hidden='true' data-av_icon='\ue8ac' data-av_iconfont='entypo-fontello' ><\/span><\/span> (42) 99817-0210<\/p>\n<p>\n<style type=\"text\/css\" id=\"style-css-av-5otdn7-950cd409826df548c9c327a383f30c7d\">\n.av_font_icon.av-5otdn7-950cd409826df548c9c327a383f30c7d .av-icon-char{\nfont-size:30px;\nline-height:30px;\n}\n<\/style>\n<span  class=\"av_font_icon av-5otdn7-950cd409826df548c9c327a383f30c7d avia_animate_when_visible av-icon-style- avia-icon-pos-left av-no-color avia-icon-animate \"><span class='av-icon-char' aria-hidden='true' data-av_icon='\uf232' data-av_iconfont='entypo-fontello' ><\/span><\/span> <a href=\"https:\/\/api.whatsapp.com\/send?phone=5542998170210&#038;text=Ol\u00e1!%20Vim%20pelo%20site%20de%20experi\u00eancias%20tur\u00edsticas%20e%20quero%20mais%20informa\u00e7\u00f5es\">5542998170210<\/a><\/p>\n<p>\n<style type=\"text\/css\" id=\"style-css-av-4vlupf-9eea5db25df6253e9576bd40d4ccf2af\">\n.av_font_icon.av-4vlupf-9eea5db25df6253e9576bd40d4ccf2af .av-icon-char{\nfont-size:30px;\nline-height:30px;\n}\n<\/style>\n<span  class=\"av_font_icon av-4vlupf-9eea5db25df6253e9576bd40d4ccf2af avia_animate_when_visible av-icon-style- avia-icon-pos-left av-no-color avia-icon-animate \"><span class='av-icon-char' aria-hidden='true' data-av_icon='\ue909' data-av_iconfont='entypo-fontello' ><\/span><\/span><a href=\"https:\/\/www.instagram.com\/museudomilenio\/\" target=\"_blank\" rel=\"noopener\">@museudomilenio<\/a><\/p>\n<p>\n<style type=\"text\/css\" id=\"style-css-av-7q1jn-a962c8aa7d75deae2fa4b2fcf7231eff\">\n.av_font_icon.av-7q1jn-a962c8aa7d75deae2fa4b2fcf7231eff .av-icon-char{\nfont-size:30px;\nline-height:30px;\n}\n<\/style>\n<span  class=\"av_font_icon av-7q1jn-a962c8aa7d75deae2fa4b2fcf7231eff avia_animate_when_visible av-icon-style- avia-icon-pos-left av-no-color avia-icon-animate \"><span class='av-icon-char' aria-hidden='true' data-av_icon='\ue8f5' data-av_iconfont='entypo-fontello' ><\/span><\/span><a href=\"https:\/\/facebook.com\/museudomilenioprudentopolis\/\" target=\"_blank\" rel=\"noopener\">\/museudomilenioprudentopolis<\/a><\/p>\n<\/div><\/section><\/p><\/div><\/div><!--close column table wrapper. Autoclose: 1 -->\n","protected":false},"excerpt":{"rendered":"<p>Empresa: <strong>Museu do Mil\u00eanio<\/strong><br \/>\nMunic\u00edpio: <strong>Prudent\u00f3polis<\/strong><\/p>\n","protected":false},"author":2,"featured_media":2374,"comment_status":"closed","ping_status":"open","sticky":false,"template":"","format":"standard","meta":{"footnotes":""},"categories":[12,8,15,131],"tags":[133,94],"class_list":["post-2371","post","type-post","status-publish","format-standard","has-post-thumbnail","hentry","category-locais","category-segmentos","category-terra-dos-pinheirais","category-turismo-religioso","tag-museu","tag-tradicionalismo"],"_links":{"self":[{"href":"https:\/\/sebraepr.com.br\/experienciasturisticas\/wp-json\/wp\/v2\/posts\/2371","targetHints":{"allow":["GET"]}}],"collection":[{"href":"https:\/\/sebraepr.com.br\/experienciasturisticas\/wp-json\/wp\/v2\/posts"}],"about":[{"href":"https:\/\/sebraepr.com.br\/experienciasturisticas\/wp-json\/wp\/v2\/types\/post"}],"author":[{"embeddable":true,"href":"https:\/\/sebraepr.com.br\/experienciasturisticas\/wp-json\/wp\/v2\/users\/2"}],"replies":[{"embeddable":true,"href":"https:\/\/sebraepr.com.br\/experienciasturisticas\/wp-json\/wp\/v2\/comments?post=2371"}],"version-history":[{"count":4,"href":"https:\/\/sebraepr.com.br\/experienciasturisticas\/wp-json\/wp\/v2\/posts\/2371\/revisions"}],"predecessor-version":[{"id":2395,"href":"https:\/\/sebraepr.com.br\/experienciasturisticas\/wp-json\/wp\/v2\/posts\/2371\/revisions\/2395"}],"wp:featuredmedia":[{"embeddable":true,"href":"https:\/\/sebraepr.com.br\/experienciasturisticas\/wp-json\/wp\/v2\/media\/2374"}],"wp:attachment":[{"href":"https:\/\/sebraepr.com.br\/experienciasturisticas\/wp-json\/wp\/v2\/media?parent=2371"}],"wp:term":[{"taxonomy":"category","embeddable":true,"href":"https:\/\/sebraepr.com.br\/experienciasturisticas\/wp-json\/wp\/v2\/categories?post=2371"},{"taxonomy":"post_tag","embeddable":true,"href":"https:\/\/sebraepr.com.br\/experienciasturisticas\/wp-json\/wp\/v2\/tags?post=2371"}],"curies":[{"name":"wp","href":"https:\/\/api.w.org\/{rel}","templated":true}]}}