{"id":1874,"date":"2023-11-28T11:10:29","date_gmt":"2023-11-28T14:10:29","guid":{"rendered":"https:\/\/sebraepr.com.br\/experienciasturisticas\/?p=1874"},"modified":"2025-08-05T11:10:40","modified_gmt":"2025-08-05T14:10:40","slug":"escola-no-parque","status":"publish","type":"post","link":"https:\/\/sebraepr.com.br\/experienciasturisticas\/escola-no-parque\/","title":{"rendered":"Escola no Parque"},"content":{"rendered":"<div id='full_slider_1'  class='avia-fullwidth-slider main_color avia-shadow   avia-builder-el-0  el_before_av_one_full  avia-builder-el-first   container_wrap sidebar_right'  ><div   data-size='no scaling'  data-lightbox_size='large'  data-animation='slide'  data-conditional_play=''  data-ids='330'  data-video_counter='0'  data-autoplay='false'  data-bg_slider='false'  data-slide_height=''  data-handle='av_slideshow_full'  data-interval='5'  data-class=' '  data-el_id=''  data-css_id=''  data-scroll_down=''  data-control_layout='av-control-default'  data-custom_markup=''  data-perma_caption=''  data-autoplay_stopper=''  data-image_attachment=''  data-min_height='0px'  data-lazy_loading='disabled'  data-src=''  data-position='top left'  data-repeat='no-repeat'  data-attach='scroll'  data-stretch=''  class='avia-slideshow avia-slideshow-1  av-control-default av-default-height-applied avia-slideshow-no scaling av_slideshow_full   avia-slide-slider '  itemprop=\"image\" itemscope=\"itemscope\" itemtype=\"https:\/\/schema.org\/ImageObject\" ><ul class='avia-slideshow-inner ' style='padding-bottom: 9.4791666666667%;' ><li  class=' av-single-slide slide-1 ' ><div data-rel='slideshow-1' class='avia-slide-wrap '   ><img decoding=\"async\" class=\"wp-image-330 avia-img-lazy-loading-not-330\"  src=\"https:\/\/sebraepr.com.br\/experienciasturisticas\/wp-content\/uploads\/Top-Ecoturismo-Aventura-e-Natureza.png\" width=\"1920\" height=\"182\" title='Top Ecoturismo Aventura e Natureza' alt=''  itemprop=\"thumbnailUrl\" srcset=\"https:\/\/sebraepr.com.br\/experienciasturisticas\/wp-content\/uploads\/Top-Ecoturismo-Aventura-e-Natureza.png 1920w, https:\/\/sebraepr.com.br\/experienciasturisticas\/wp-content\/uploads\/Top-Ecoturismo-Aventura-e-Natureza-300x28.png 300w, https:\/\/sebraepr.com.br\/experienciasturisticas\/wp-content\/uploads\/Top-Ecoturismo-Aventura-e-Natureza-1030x98.png 1030w, https:\/\/sebraepr.com.br\/experienciasturisticas\/wp-content\/uploads\/Top-Ecoturismo-Aventura-e-Natureza-768x73.png 768w, https:\/\/sebraepr.com.br\/experienciasturisticas\/wp-content\/uploads\/Top-Ecoturismo-Aventura-e-Natureza-1536x146.png 1536w, https:\/\/sebraepr.com.br\/experienciasturisticas\/wp-content\/uploads\/Top-Ecoturismo-Aventura-e-Natureza-1500x142.png 1500w, https:\/\/sebraepr.com.br\/experienciasturisticas\/wp-content\/uploads\/Top-Ecoturismo-Aventura-e-Natureza-705x67.png 705w\" sizes=\"(max-width: 1920px) 100vw, 1920px\" \/><\/div><\/li><\/ul><\/div><\/div><div id='after_full_slider_1'  class='main_color av_default_container_wrap container_wrap sidebar_right'  ><div class='container av-section-cont-open' ><div class='template-page content  av-content-small alpha units'><div class='post-entry post-entry-type-page post-entry-1874'><div class='entry-content-wrapper clearfix'>\n<div class='flex_column av-3utoki-d93c95007c2b157b34a9243f3491d544 av_one_full  avia-builder-el-1  el_after_av_slideshow_full  el_before_av_one_full  avia-builder-el-first  cultura first flex_column_div '   ><div   data-size='no scaling'  data-lightbox_size='large'  data-animation='slide'  data-conditional_play=''  data-ids='2891'  data-video_counter='0'  data-autoplay='false'  data-bg_slider='false'  data-slide_height=''  data-handle='av_slideshow'  data-interval='5'  data-class=' avia-builder-el-2  avia-builder-el-no-sibling  eco-banner '  data-el_id=''  data-css_id=''  data-scroll_down=''  data-control_layout='av-control-default'  data-custom_markup=''  data-perma_caption=''  data-autoplay_stopper=''  data-image_attachment=''  data-min_height='0px'  data-lazy_loading='disabled'  class='avia-slideshow avia-slideshow-2  av-control-default av-default-height-applied avia-slideshow-no scaling av_slideshow  avia-builder-el-2  avia-builder-el-no-sibling  eco-banner  avia-slide-slider '  itemprop=\"image\" itemscope=\"itemscope\" itemtype=\"https:\/\/schema.org\/ImageObject\" ><ul class='avia-slideshow-inner ' style='padding-bottom: 47%;' ><li  class=' av-single-slide slide-1 ' ><div data-rel='slideshow-2' class='avia-slide-wrap '   ><div class=\"avia-caption av-slideshow-caption\"><div class=\"avia-inner-caption\"><h2  class='avia-caption-title  '  itemprop=\"name\" >Escola no Parque<\/h2><div class='avia-caption-content  '  itemprop=\"description\"  ><p>Venha conhecer o parque com a sua turma!<\/p>\n<\/div><\/div><\/div><img decoding=\"async\" class=\"wp-image-2891 avia-img-lazy-loading-not-2891\"  src=\"https:\/\/sebraepr.com.br\/experienciasturisticas\/wp-content\/uploads\/Escola-no-Parque.jpg\" width=\"900\" height=\"423\" title='Escola no Parque' alt=''  itemprop=\"thumbnailUrl\" srcset=\"https:\/\/sebraepr.com.br\/experienciasturisticas\/wp-content\/uploads\/Escola-no-Parque.jpg 900w, https:\/\/sebraepr.com.br\/experienciasturisticas\/wp-content\/uploads\/Escola-no-Parque-300x141.jpg 300w, https:\/\/sebraepr.com.br\/experienciasturisticas\/wp-content\/uploads\/Escola-no-Parque-768x361.jpg 768w, https:\/\/sebraepr.com.br\/experienciasturisticas\/wp-content\/uploads\/Escola-no-Parque-705x331.jpg 705w\" sizes=\"(max-width: 900px) 100vw, 900px\" \/><\/div><\/li><\/ul><\/div><\/div>\n<div class='flex_column av-fb1sea-177d1100465fb5e0b410579fe62fdebf av_one_full  avia-builder-el-3  el_after_av_one_full  el_before_av_one_half  ecotur first flex_column_div  av-animated-generic pop-up column-top-margin'   ><section class=\"av_textblock_section \"  itemscope=\"itemscope\" itemtype=\"https:\/\/schema.org\/BlogPosting\" itemprop=\"blogPost\" ><div class='avia_textblock  '   itemprop=\"text\" ><p><strong>A experi\u00eancia \u00e9 \u00fanica e essencial para o aprendizado, permitindo aos alunos explorarem na pr\u00e1tica a teoria e interagir com a natureza. Isso promove um entendimento mais profundo da biodiversidade e motiva os alunos a se tornarem defensores ativos do meio ambiente.<\/strong><\/p>\n<\/div><\/section><\/div>\n<div class='flex_column_table av-djah82-ae9ada13212605598345b29624020b17 sc-av_one_half av-equal-height-column-flextable'><div class='flex_column av-djah82-ae9ada13212605598345b29624020b17 av_one_half  avia-builder-el-5  el_after_av_one_full  el_before_av_one_half  ecotur first flex_column_table_cell av-equal-height-column av-align-middle  av-animated-generic bottom-to-top column-top-margin'   ><section class=\"av_textblock_section \"  itemscope=\"itemscope\" itemtype=\"https:\/\/schema.org\/BlogPosting\" itemprop=\"blogPost\" ><div class='avia_textblock  '   itemprop=\"text\" ><p><strong>Dias e hor\u00e1rios de funcionamento:<\/strong> De quarta a segunda, das 9 \u00e0s 15 horas.<br \/><strong>O que a experi\u00eancia inclui: <\/strong> Monitor do Parque (apenas dias de semana), que abordar\u00e1 sobre os Arenitos e a hist\u00f3ria das forma\u00e7\u00f5es rochosas, sobre Furnas e a hist\u00f3ria do antigo elevador, sobre a Lagoa Dourada e as esp\u00e9cies de animais da regi\u00e3o, sobre o projeto sustent\u00e1vel Aterro Zero.<br \/><strong>Anteced\u00eancia para reserva: <\/strong> 05 dias.<br \/><strong>N\u00famero m\u00ednimo e m\u00e1ximo de pessoas: <\/strong>M\u00ednimo 10 pessoas e M\u00e1ximo de 150 pessoas.<br \/><strong>Indicado para: <\/strong> Apenas para grupos escolares, atendendo ensino fundamental 1 e 2, ensino m\u00e9dio. Dos 6 aos 17 anos.<\/p>\n<\/div><\/section><\/div><div class='av-flex-placeholder'><\/div><div class='flex_column av-c6e5b6-e8eeaf28b3aac43e8ff3b4618c12a1a5 av_one_half  avia-builder-el-7  el_after_av_one_half  el_before_av_one_half  cultura flex_column_table_cell av-equal-height-column av-align-middle  av-animated-generic bottom-to-top column-top-margin'   ><style type=\"text\/css\" id=\"style-css-av-lpieohjt-728f2bdb4e1d1609d1cd312698e0febf\">\n.avia-image-container.av-lpieohjt-728f2bdb4e1d1609d1cd312698e0febf .av-image-caption-overlay-center{\ncolor:#ffffff;\n}\n<\/style>\n<div  class='avia-image-container av-lpieohjt-728f2bdb4e1d1609d1cd312698e0febf av-styling- avia-align-center  avia-builder-el-8  avia-builder-el-no-sibling  '  itemprop=\"image\" itemscope=\"itemscope\" itemtype=\"https:\/\/schema.org\/ImageObject\" ><div class=\"avia-image-container-inner\"><div class=\"avia-image-overlay-wrap\"><img decoding=\"async\" class='wp-image-1877 avia-img-lazy-loading-not-1877 avia_image' src=\"https:\/\/sebraepr.com.br\/experienciasturisticas\/wp-content\/uploads\/Parque-Vila-Velha.jpg\" alt='' title='Parque Vila Velha'  height=\"315\" width=\"910\"  itemprop=\"thumbnailUrl\" srcset=\"https:\/\/sebraepr.com.br\/experienciasturisticas\/wp-content\/uploads\/Parque-Vila-Velha.jpg 910w, https:\/\/sebraepr.com.br\/experienciasturisticas\/wp-content\/uploads\/Parque-Vila-Velha-300x104.jpg 300w, https:\/\/sebraepr.com.br\/experienciasturisticas\/wp-content\/uploads\/Parque-Vila-Velha-768x266.jpg 768w, https:\/\/sebraepr.com.br\/experienciasturisticas\/wp-content\/uploads\/Parque-Vila-Velha-705x244.jpg 705w\" sizes=\"(max-width: 910px) 100vw, 910px\" \/><\/div><\/div><\/div><\/div><\/div><!--close column table wrapper. Autoclose: 1 --><\/p>\n<div class='flex_column_table av-2ogwle-91938425692e848bca49159ec73d8157 sc-av_one_half av-equal-height-column-flextable'><div class='flex_column av-2ogwle-91938425692e848bca49159ec73d8157 av_one_half  avia-builder-el-9  el_after_av_one_half  el_before_av_one_half  imgarec first flex_column_table_cell av-equal-height-column av-align-top  av-animated-generic bottom-to-top column-top-margin'   ><style type=\"text\/css\" id=\"style-css-av-lwgf3eup-ae5ad51fc7106ff3d6af3cd8cd8485ff\">\n.avia-image-container.av-lwgf3eup-ae5ad51fc7106ff3d6af3cd8cd8485ff .av-image-caption-overlay-center{\ncolor:#ffffff;\n}\n<\/style>\n<div  class='avia-image-container av-lwgf3eup-ae5ad51fc7106ff3d6af3cd8cd8485ff av-styling- avia-align-center  avia-builder-el-10  avia-builder-el-no-sibling  '  itemprop=\"image\" itemscope=\"itemscope\" itemtype=\"https:\/\/schema.org\/ImageObject\" ><div class=\"avia-image-container-inner\"><div class=\"avia-image-overlay-wrap\"><img decoding=\"async\" class='wp-image-2890 avia-img-lazy-loading-not-2890 avia_image' src=\"https:\/\/sebraepr.com.br\/experienciasturisticas\/wp-content\/uploads\/Escola-no-Parque2.jpg\" alt='' title='Escola no Parque2'  height=\"785\" width=\"524\"  itemprop=\"thumbnailUrl\" srcset=\"https:\/\/sebraepr.com.br\/experienciasturisticas\/wp-content\/uploads\/Escola-no-Parque2.jpg 524w, https:\/\/sebraepr.com.br\/experienciasturisticas\/wp-content\/uploads\/Escola-no-Parque2-200x300.jpg 200w, https:\/\/sebraepr.com.br\/experienciasturisticas\/wp-content\/uploads\/Escola-no-Parque2-471x705.jpg 471w\" sizes=\"(max-width: 524px) 100vw, 524px\" \/><\/div><\/div><\/div><\/div>\n<div class='av-flex-placeholder'><\/div>\n<style type=\"text\/css\" id=\"style-css-av-8remvm-4c1950f55522e67e7b4f81eb602e50f9\">\n.flex_column.av-8remvm-4c1950f55522e67e7b4f81eb602e50f9{\nborder-radius:20px 20px 20px 20px;\n-webkit-border-radius:20px 20px 20px 20px;\n-moz-border-radius:20px 20px 20px 20px;\npadding:20px 20px 20px 20px;\nbackground-color:#1a8136;\n}\n<\/style>\n<div class='flex_column av-8remvm-4c1950f55522e67e7b4f81eb602e50f9 av_one_half  avia-builder-el-11  el_after_av_one_half  avia-builder-el-last  cont-mapas flex_column_table_cell av-equal-height-column av-align-top  av-animated-generic bottom-to-top column-top-margin'   id=\"cont-mapas-li\"  ><p>\n<style type=\"text\/css\" id=\"style-css-av-lpiep68j-da944d7b1ba75b348031dc8d27f03ca1\">\n.avia-image-container.av-lpiep68j-da944d7b1ba75b348031dc8d27f03ca1 .av-image-caption-overlay-center{\ncolor:#ffffff;\n}\n<\/style>\n<div  class='avia-image-container av-lpiep68j-da944d7b1ba75b348031dc8d27f03ca1 av-styling- av-hover-grow avia-align-center  avia-builder-el-12  el_before_av_textblock  avia-builder-el-first  '  itemprop=\"image\" itemscope=\"itemscope\" itemtype=\"https:\/\/schema.org\/ImageObject\" ><div class=\"avia-image-container-inner\"><div class=\"avia-image-overlay-wrap\"><a href=\"https:\/\/sebraepr.com.br\/experienciasturisticas\/category\/locais\/campos-gerais\/\" class='avia_image' ><img decoding=\"async\" width=\"300\" height=\"206\" class='wp-image-247 avia-img-lazy-loading-not-247 avia_image' src=\"https:\/\/sebraepr.com.br\/experienciasturisticas\/wp-content\/uploads\/Parana-Campos-Gerais-300x206.png\" alt='' title='Paran\u00e1 Campos Gerais'  itemprop=\"thumbnailUrl\" srcset=\"https:\/\/sebraepr.com.br\/experienciasturisticas\/wp-content\/uploads\/Parana-Campos-Gerais-300x206.png 300w, https:\/\/sebraepr.com.br\/experienciasturisticas\/wp-content\/uploads\/Parana-Campos-Gerais.png 600w\" sizes=\"(max-width: 300px) 100vw, 300px\" \/><\/a><\/div><\/div><\/div><br \/>\n<section class=\"av_textblock_section \"  itemscope=\"itemscope\" itemtype=\"https:\/\/schema.org\/BlogPosting\" itemprop=\"blogPost\" ><div class='avia_textblock  av_inherit_color '  style='color:#ffffff; '  itemprop=\"text\" ><p><strong>Empresa:<\/strong> Soul Vila Vellha<br \/><strong>Munic\u00edpio:<\/strong> Ponta Grossa<\/p>\n<\/div><\/section><br \/>\n<section class=\"av_textblock_section \"  itemscope=\"itemscope\" itemtype=\"https:\/\/schema.org\/BlogPosting\" itemprop=\"blogPost\" ><div class='avia_textblock  av_inherit_color '  style='color:#ffffff; '  itemprop=\"text\" ><p>\n<style type=\"text\/css\" id=\"style-css-av-usdwb-075847e6e1bbd35687a4f4f14b55a75f\">\n.av_font_icon.av-usdwb-075847e6e1bbd35687a4f4f14b55a75f .av-icon-char{\nfont-size:30px;\nline-height:30px;\n}\n<\/style>\n<span  class=\"av_font_icon av-usdwb-075847e6e1bbd35687a4f4f14b55a75f avia_animate_when_visible av-icon-style- avia-icon-pos-left av-no-color avia-icon-animate \"><span class='av-icon-char' aria-hidden='true' data-av_icon='\ue842' data-av_iconfont='entypo-fontello' ><\/span><\/span> <a href=\"https:\/\/goo.gl\/maps\/6M6uixq77JvEX1Qt8\" target=\"_blank\" rel=\"noopener\">BR-376, km 515<\/a><\/p>\n<p>\n<style type=\"text\/css\" id=\"style-css-av-stm23-270be598a2058fd4a9d5577ed1d1f1e4\">\n.av_font_icon.av-stm23-270be598a2058fd4a9d5577ed1d1f1e4 .av-icon-char{\nfont-size:30px;\nline-height:30px;\n}\n<\/style>\n<span  class=\"av_font_icon av-stm23-270be598a2058fd4a9d5577ed1d1f1e4 avia_animate_when_visible av-icon-style- avia-icon-pos-left av-no-color avia-icon-animate \"><span class='av-icon-char' aria-hidden='true' data-av_icon='\ue8ac' data-av_iconfont='entypo-fontello' ><\/span><\/span> (42) 3122-4488<\/p>\n<p>\n<style type=\"text\/css\" id=\"style-css-av-kzrgb-e53b62a312b4a5dcee11fcc77d77ad3b\">\n.av_font_icon.av-kzrgb-e53b62a312b4a5dcee11fcc77d77ad3b .av-icon-char{\nfont-size:30px;\nline-height:30px;\n}\n<\/style>\n<span  class=\"av_font_icon av-kzrgb-e53b62a312b4a5dcee11fcc77d77ad3b avia_animate_when_visible av-icon-style- avia-icon-pos-left av-no-color avia-icon-animate \"><span class='av-icon-char' aria-hidden='true' data-av_icon='\ue909' data-av_iconfont='entypo-fontello' ><\/span><\/span><a href=\"https:\/\/www.instagram.com\/parquevilavelha\/\" target=\"_blank\" rel=\"noopener\">@parquevilavelha<\/a><\/p>\n<p>\n<style type=\"text\/css\" id=\"style-css-av-ga1vv-ba5517794413962d2daac221409980b9\">\n.av_font_icon.av-ga1vv-ba5517794413962d2daac221409980b9 .av-icon-char{\nfont-size:30px;\nline-height:30px;\n}\n<\/style>\n<span  class=\"av_font_icon av-ga1vv-ba5517794413962d2daac221409980b9 avia_animate_when_visible av-icon-style- avia-icon-pos-left av-no-color avia-icon-animate \"><span class='av-icon-char' aria-hidden='true' data-av_icon='\ue8f3' data-av_iconfont='entypo-fontello' ><\/span><\/span><a href=\"https:\/\/www.facebook.com\/parquevilavelha\" target=\"_blank\" rel=\"noopener\">@parquevilavelha<\/a><\/p>\n<p>\n<style type=\"text\/css\" id=\"style-css-av-aibhn-757649dee2af84e74dfc321209396514\">\n.av_font_icon.av-aibhn-757649dee2af84e74dfc321209396514 .av-icon-char{\nfont-size:30px;\nline-height:30px;\n}\n<\/style>\n<span  class=\"av_font_icon av-aibhn-757649dee2af84e74dfc321209396514 avia_animate_when_visible av-icon-style- avia-icon-pos-left av-no-color avia-icon-animate \"><span class='av-icon-char' aria-hidden='true' data-av_icon='\ue8ad' data-av_iconfont='entypo-fontello' ><\/span><\/span><a href=\"https:\/\/parquevilavelha.com.br\/\" target=\"_blank\" rel=\"noopener\">parquevilavelha.com.br<\/a><\/p>\n<\/div><\/section><\/p><\/div><\/div><!--close column table wrapper. Autoclose: 1 -->\n","protected":false},"excerpt":{"rendered":"<p>A experi\u00eancia promove um entendimento mais profundo da biodiversidade e motiva os alunos a se tornarem defensores ativos do meio ambiente.<br \/>\nEmpresa: <strong>Soul Vila Vellha<\/strong><br \/>\nMunic\u00edpio: <strong>Ponta Grossa<\/strong><\/p>\n","protected":false},"author":2,"featured_media":2890,"comment_status":"closed","ping_status":"open","sticky":false,"template":"","format":"standard","meta":{"footnotes":""},"categories":[21,4,12,8],"tags":[118],"class_list":["post-1874","post","type-post","status-publish","format-standard","has-post-thumbnail","hentry","category-campos-gerais","category-ecoturismo-e-natureza","category-locais","category-segmentos","tag-meio-ambiente"],"_links":{"self":[{"href":"https:\/\/sebraepr.com.br\/experienciasturisticas\/wp-json\/wp\/v2\/posts\/1874","targetHints":{"allow":["GET"]}}],"collection":[{"href":"https:\/\/sebraepr.com.br\/experienciasturisticas\/wp-json\/wp\/v2\/posts"}],"about":[{"href":"https:\/\/sebraepr.com.br\/experienciasturisticas\/wp-json\/wp\/v2\/types\/post"}],"author":[{"embeddable":true,"href":"https:\/\/sebraepr.com.br\/experienciasturisticas\/wp-json\/wp\/v2\/users\/2"}],"replies":[{"embeddable":true,"href":"https:\/\/sebraepr.com.br\/experienciasturisticas\/wp-json\/wp\/v2\/comments?post=1874"}],"version-history":[{"count":5,"href":"https:\/\/sebraepr.com.br\/experienciasturisticas\/wp-json\/wp\/v2\/posts\/1874\/revisions"}],"predecessor-version":[{"id":4344,"href":"https:\/\/sebraepr.com.br\/experienciasturisticas\/wp-json\/wp\/v2\/posts\/1874\/revisions\/4344"}],"wp:featuredmedia":[{"embeddable":true,"href":"https:\/\/sebraepr.com.br\/experienciasturisticas\/wp-json\/wp\/v2\/media\/2890"}],"wp:attachment":[{"href":"https:\/\/sebraepr.com.br\/experienciasturisticas\/wp-json\/wp\/v2\/media?parent=1874"}],"wp:term":[{"taxonomy":"category","embeddable":true,"href":"https:\/\/sebraepr.com.br\/experienciasturisticas\/wp-json\/wp\/v2\/categories?post=1874"},{"taxonomy":"post_tag","embeddable":true,"href":"https:\/\/sebraepr.com.br\/experienciasturisticas\/wp-json\/wp\/v2\/tags?post=1874"}],"curies":[{"name":"wp","href":"https:\/\/api.w.org\/{rel}","templated":true}]}}