{"id":1752,"date":"2023-11-24T14:17:40","date_gmt":"2023-11-24T17:17:40","guid":{"rendered":"https:\/\/sebraepr.com.br\/experienciasturisticas\/?p=1752"},"modified":"2024-05-15T11:05:46","modified_gmt":"2024-05-15T14:05:46","slug":"natureza-inspira","status":"publish","type":"post","link":"https:\/\/sebraepr.com.br\/experienciasturisticas\/natureza-inspira\/","title":{"rendered":"Natureza Inspira"},"content":{"rendered":"<div id='full_slider_1'  class='avia-fullwidth-slider main_color avia-shadow   avia-builder-el-0  el_before_av_one_full  avia-builder-el-first   container_wrap sidebar_right'  ><div   data-size='no scaling'  data-lightbox_size='large'  data-animation='slide'  data-conditional_play=''  data-ids='367'  data-video_counter='0'  data-autoplay='false'  data-bg_slider='false'  data-slide_height=''  data-handle='av_slideshow_full'  data-interval='5'  data-class=' '  data-el_id=''  data-css_id=''  data-scroll_down=''  data-control_layout='av-control-default'  data-custom_markup=''  data-perma_caption=''  data-autoplay_stopper=''  data-image_attachment=''  data-min_height='0px'  data-lazy_loading='disabled'  data-src=''  data-position='top left'  data-repeat='no-repeat'  data-attach='scroll'  data-stretch=''  class='avia-slideshow avia-slideshow-1  av-control-default av-default-height-applied avia-slideshow-no scaling av_slideshow_full   avia-slide-slider '  itemprop=\"image\" itemscope=\"itemscope\" itemtype=\"https:\/\/schema.org\/ImageObject\" ><ul class='avia-slideshow-inner ' style='padding-bottom: 9.4791666666667%;' ><li  class=' av-single-slide slide-1 ' ><div data-rel='slideshow-1' class='avia-slide-wrap '   ><img decoding=\"async\" class=\"wp-image-367 avia-img-lazy-loading-not-367\"  src=\"https:\/\/sebraepr.com.br\/experienciasturisticas\/wp-content\/uploads\/Top-Saude-e-Beleza.png\" width=\"1920\" height=\"182\" title='Top Sa\u00fade e Beleza' alt=''  itemprop=\"thumbnailUrl\" srcset=\"https:\/\/sebraepr.com.br\/experienciasturisticas\/wp-content\/uploads\/Top-Saude-e-Beleza.png 1920w, https:\/\/sebraepr.com.br\/experienciasturisticas\/wp-content\/uploads\/Top-Saude-e-Beleza-300x28.png 300w, https:\/\/sebraepr.com.br\/experienciasturisticas\/wp-content\/uploads\/Top-Saude-e-Beleza-1030x98.png 1030w, https:\/\/sebraepr.com.br\/experienciasturisticas\/wp-content\/uploads\/Top-Saude-e-Beleza-768x73.png 768w, https:\/\/sebraepr.com.br\/experienciasturisticas\/wp-content\/uploads\/Top-Saude-e-Beleza-1536x146.png 1536w, https:\/\/sebraepr.com.br\/experienciasturisticas\/wp-content\/uploads\/Top-Saude-e-Beleza-1500x142.png 1500w, https:\/\/sebraepr.com.br\/experienciasturisticas\/wp-content\/uploads\/Top-Saude-e-Beleza-705x67.png 705w\" sizes=\"(max-width: 1920px) 100vw, 1920px\" \/><\/div><\/li><\/ul><\/div><\/div><div id='after_full_slider_1'  class='main_color av_default_container_wrap container_wrap sidebar_right'  ><div class='container av-section-cont-open' ><div class='template-page content  av-content-small alpha units'><div class='post-entry post-entry-type-page post-entry-1752'><div class='entry-content-wrapper clearfix'>\n<div class='flex_column av-av_one_full-557fbd3e5c92d202a51a2c4f9e35573b av_one_full  avia-builder-el-1  el_after_av_slideshow_full  el_before_av_one_full  avia-builder-el-first  cultura first flex_column_div '   ><div   data-size='no scaling'  data-lightbox_size='large'  data-animation='slide'  data-conditional_play=''  data-ids='2464'  data-video_counter='0'  data-autoplay='false'  data-bg_slider='false'  data-slide_height=''  data-handle='av_slideshow'  data-interval='5'  data-class=' avia-builder-el-2  avia-builder-el-no-sibling  saude-banner '  data-el_id=''  data-css_id=''  data-scroll_down=''  data-control_layout='av-control-default'  data-custom_markup=''  data-perma_caption=''  data-autoplay_stopper=''  data-image_attachment=''  data-min_height='0px'  data-lazy_loading='disabled'  class='avia-slideshow avia-slideshow-2  av-control-default av-default-height-applied avia-slideshow-no scaling av_slideshow  avia-builder-el-2  avia-builder-el-no-sibling  saude-banner  avia-slide-slider '  itemprop=\"image\" itemscope=\"itemscope\" itemtype=\"https:\/\/schema.org\/ImageObject\" ><ul class='avia-slideshow-inner ' style='padding-bottom: 47%;' ><li  class=' av-single-slide slide-1 ' ><div data-rel='slideshow-2' class='avia-slide-wrap '   ><div class=\"avia-caption av-slideshow-caption\"><div class=\"avia-inner-caption\"><h2  class='avia-caption-title  '  itemprop=\"name\" >Natureza Inspira<\/h2><div class='avia-caption-content  '  itemprop=\"description\"  ><p>IKIGAI &#8211; Raz\u00e3o para viver!<\/p>\n<\/div><\/div><\/div><img decoding=\"async\" class=\"wp-image-2464 avia-img-lazy-loading-not-2464\"  src=\"https:\/\/sebraepr.com.br\/experienciasturisticas\/wp-content\/uploads\/Natureza-Inspira.jpg\" width=\"900\" height=\"423\" title='Natureza Inspira' alt=''  itemprop=\"thumbnailUrl\" srcset=\"https:\/\/sebraepr.com.br\/experienciasturisticas\/wp-content\/uploads\/Natureza-Inspira.jpg 900w, https:\/\/sebraepr.com.br\/experienciasturisticas\/wp-content\/uploads\/Natureza-Inspira-300x141.jpg 300w, https:\/\/sebraepr.com.br\/experienciasturisticas\/wp-content\/uploads\/Natureza-Inspira-768x361.jpg 768w, https:\/\/sebraepr.com.br\/experienciasturisticas\/wp-content\/uploads\/Natureza-Inspira-705x331.jpg 705w\" sizes=\"(max-width: 900px) 100vw, 900px\" \/><\/div><\/li><\/ul><\/div><\/div><div class='flex_column av-mt7v6w-c1c34bc24fe154748811aedf4b0919da av_one_full  avia-builder-el-3  el_after_av_one_full  el_before_av_one_half  saude first flex_column_div  av-animated-generic pop-up column-top-margin'   ><section class=\"av_textblock_section \"  itemscope=\"itemscope\" itemtype=\"https:\/\/schema.org\/BlogPosting\" itemprop=\"blogPost\" ><div class='avia_textblock  '   itemprop=\"text\" ><p><strong>Inspirados na atmosfera da floresta para promover o desenvolvimento humano por meio do prop\u00f3sito de vida, IKIGAI &#8220;raz\u00e3o para viver&#8221;, as pessoas ser\u00e3o convidadas a entrar num estado de presen\u00e7a, concentra\u00e7\u00e3o (Mindfulness), no despertar dos objetivos individuais e coletivos (Mindset) para grupos corporativos.<\/strong><\/p>\n<\/div><\/section><\/div><\/p>\n<div class='flex_column_table av-leqit4-690471a8d08cbc7e43398585d6e7b24b sc-av_one_half av-equal-height-column-flextable'><div class='flex_column av-leqit4-690471a8d08cbc7e43398585d6e7b24b av_one_half  avia-builder-el-5  el_after_av_one_full  el_before_av_one_half  saude first flex_column_table_cell av-equal-height-column av-align-middle  av-animated-generic bottom-to-top column-top-margin'   ><section class=\"av_textblock_section \"  itemscope=\"itemscope\" itemtype=\"https:\/\/schema.org\/BlogPosting\" itemprop=\"blogPost\" ><div class='avia_textblock  '   itemprop=\"text\" ><p><strong>Dias e hor\u00e1rios de funcionamento: <\/strong>De ter\u00e7a a domingo, com sa\u00eddas \u00e0s 8h, 9h ou 13h30.<br \/>\n<strong>O que a experi\u00eancia inclui: <\/strong>Instrutor de bem-estar.<br \/>\n<strong>Anteced\u00eancia para reserva: <\/strong>24 horas.<br \/>\n<strong>N\u00famero m\u00ednimo e m\u00e1ximo de pessoas: <\/strong>De 2 a 15 pessoas.<br \/>\n<strong>Indicado para: <\/strong>Todas as idades, ativistas, terapeutas, corporativos, pessoas que buscam por servi\u00e7os personalizados e conex\u00e3o com a natureza.<\/p>\n<\/div><\/section><\/div>\n<div class='av-flex-placeholder'><\/div><div class='flex_column av-h942rs-ed63a4d2473669ebc2547e944f3f2fec av_one_half  avia-builder-el-7  el_after_av_one_half  el_before_av_one_half  cultura flex_column_table_cell av-equal-height-column av-align-middle  av-animated-generic bottom-to-top column-top-margin'   ><style type=\"text\/css\" id=\"style-css-av-fl8xw8-9dd96ed385842d9656c3e4ab55ac219c\">\n.avia-image-container.av-fl8xw8-9dd96ed385842d9656c3e4ab55ac219c .av-image-caption-overlay-center{\ncolor:#ffffff;\n}\n<\/style>\n<div  class='avia-image-container av-fl8xw8-9dd96ed385842d9656c3e4ab55ac219c av-styling- avia-align-center  avia-builder-el-8  avia-builder-el-no-sibling  '  itemprop=\"image\" itemscope=\"itemscope\" itemtype=\"https:\/\/schema.org\/ImageObject\" ><div class=\"avia-image-container-inner\"><div class=\"avia-image-overlay-wrap\"><img decoding=\"async\" class='wp-image-371 avia-img-lazy-loading-not-371 avia_image' src=\"https:\/\/sebraepr.com.br\/experienciasturisticas\/wp-content\/uploads\/Iguazu-Wellness.png\" alt='' title='Iguazu Wellness'  height=\"287\" width=\"400\"  itemprop=\"thumbnailUrl\" srcset=\"https:\/\/sebraepr.com.br\/experienciasturisticas\/wp-content\/uploads\/Iguazu-Wellness.png 400w, https:\/\/sebraepr.com.br\/experienciasturisticas\/wp-content\/uploads\/Iguazu-Wellness-300x215.png 300w\" sizes=\"(max-width: 400px) 100vw, 400px\" \/><\/div><\/div><\/div><\/div><\/div><!--close column table wrapper. Autoclose: 1 -->\n<div class='flex_column_table av-lw7w2w1x-bcdc71ea48446120bef605969f7e19a0 sc-av_one_half av-equal-height-column-flextable'><div class='flex_column av-lw7w2w1x-bcdc71ea48446120bef605969f7e19a0 av_one_half  avia-builder-el-9  el_after_av_one_half  el_before_av_one_half  imgars first flex_column_table_cell av-equal-height-column av-align-top  av-animated-generic bottom-to-top column-top-margin'   ><style type=\"text\/css\" id=\"style-css-av-lw7w8hb7-65cdfef0e9106bb5efa9eaf6cfb4269c\">\n.avia-image-container.av-lw7w8hb7-65cdfef0e9106bb5efa9eaf6cfb4269c .av-image-caption-overlay-center{\ncolor:#ffffff;\n}\n<\/style>\n<div  class='avia-image-container av-lw7w8hb7-65cdfef0e9106bb5efa9eaf6cfb4269c av-styling- avia-align-center  avia-builder-el-10  avia-builder-el-no-sibling  '  itemprop=\"image\" itemscope=\"itemscope\" itemtype=\"https:\/\/schema.org\/ImageObject\" ><div class=\"avia-image-container-inner\"><div class=\"avia-image-overlay-wrap\"><img decoding=\"async\" class='wp-image-2463 avia-img-lazy-loading-not-2463 avia_image' src=\"https:\/\/sebraepr.com.br\/experienciasturisticas\/wp-content\/uploads\/Exercicios-de-oertencimento-com-a-natureza300.jpg\" alt='' title='Exerc\u00edcios de oertencimento com a natureza300'  height=\"1024\" width=\"768\"  itemprop=\"thumbnailUrl\" srcset=\"https:\/\/sebraepr.com.br\/experienciasturisticas\/wp-content\/uploads\/Exercicios-de-oertencimento-com-a-natureza300.jpg 768w, https:\/\/sebraepr.com.br\/experienciasturisticas\/wp-content\/uploads\/Exercicios-de-oertencimento-com-a-natureza300-225x300.jpg 225w, https:\/\/sebraepr.com.br\/experienciasturisticas\/wp-content\/uploads\/Exercicios-de-oertencimento-com-a-natureza300-529x705.jpg 529w\" sizes=\"(max-width: 768px) 100vw, 768px\" \/><\/div><\/div><\/div><\/div><div class='av-flex-placeholder'><\/div>\n<style type=\"text\/css\" id=\"style-css-av-4nv0o-c71dfe728ffd400cb78f27e9d33382a4\">\n.flex_column.av-4nv0o-c71dfe728ffd400cb78f27e9d33382a4{\nborder-radius:20px 20px 20px 20px;\n-webkit-border-radius:20px 20px 20px 20px;\n-moz-border-radius:20px 20px 20px 20px;\npadding:20px 20px 20px 20px;\nbackground-color:#158184;\n}\n<\/style>\n<div class='flex_column av-4nv0o-c71dfe728ffd400cb78f27e9d33382a4 av_one_half  avia-builder-el-11  el_after_av_one_half  avia-builder-el-last  cont-mapas flex_column_table_cell av-equal-height-column av-align-top  av-animated-generic bottom-to-top column-top-margin'   id=\"cont-mapas-li\"  ><p>\n<style type=\"text\/css\" id=\"style-css-av-biovmg-c7a9f85fde481f9e2c507cd813ef3ae1\">\n.avia-image-container.av-biovmg-c7a9f85fde481f9e2c507cd813ef3ae1 .av-image-caption-overlay-center{\ncolor:#ffffff;\n}\n<\/style>\n<div  class='avia-image-container av-biovmg-c7a9f85fde481f9e2c507cd813ef3ae1 av-styling- av-hover-grow avia-align-center  avia-builder-el-12  el_before_av_textblock  avia-builder-el-first  '  itemprop=\"image\" itemscope=\"itemscope\" itemtype=\"https:\/\/schema.org\/ImageObject\" ><div class=\"avia-image-container-inner\"><div class=\"avia-image-overlay-wrap\"><a href=\"https:\/\/sebraepr.com.br\/experienciasturisticas\/category\/locais\/cataratas-do-iguacu-e-caminhos-ao-lago-de-itaipu\/\" class='avia_image' ><img decoding=\"async\" width=\"300\" height=\"206\" class='wp-image-248 avia-img-lazy-loading-not-248 avia_image' src=\"https:\/\/sebraepr.com.br\/experienciasturisticas\/wp-content\/uploads\/Parana-Cataratas-300x206.png\" alt='' title='Cataratas do Igua\u00e7u e Caminho ao Lago de Itaip\u00fa'  itemprop=\"thumbnailUrl\" srcset=\"https:\/\/sebraepr.com.br\/experienciasturisticas\/wp-content\/uploads\/Parana-Cataratas-300x206.png 300w, https:\/\/sebraepr.com.br\/experienciasturisticas\/wp-content\/uploads\/Parana-Cataratas.png 600w\" sizes=\"(max-width: 300px) 100vw, 300px\" \/><\/a><\/div><\/div><\/div><br \/>\n<section class=\"av_textblock_section \"  itemscope=\"itemscope\" itemtype=\"https:\/\/schema.org\/BlogPosting\" itemprop=\"blogPost\" ><div class='avia_textblock  av_inherit_color '  style='color:#ffffff; '  itemprop=\"text\" ><p><strong>Empresa:<\/strong> Iguaz\u00fa Wellness<br \/>\n<strong>Munic\u00edpio:<\/strong> Foz do Igua\u00e7u<\/p>\n<\/div><\/section><br \/>\n<section class=\"av_textblock_section \"  itemscope=\"itemscope\" itemtype=\"https:\/\/schema.org\/BlogPosting\" itemprop=\"blogPost\" ><div class='avia_textblock  av_inherit_color '  style='color:#ffffff; '  itemprop=\"text\" ><p>\n<style type=\"text\/css\" id=\"style-css-av-wbns8-655306df0868cbf7a877eb24a3f4bd5d\">\n.av_font_icon.av-wbns8-655306df0868cbf7a877eb24a3f4bd5d .av-icon-char{\nfont-size:30px;\nline-height:30px;\n}\n<\/style>\n<span  class=\"av_font_icon av-wbns8-655306df0868cbf7a877eb24a3f4bd5d avia_animate_when_visible av-icon-style- avia-icon-pos-left av-no-color avia-icon-animate \"><span class='av-icon-char' aria-hidden='true' data-av_icon='\ue842' data-av_iconfont='entypo-fontello' ><\/span><\/span> <a href=\"https:\/\/goo.gl\/maps\/rnMJrXqjaLsVKigWA\" target=\"_blank\" rel=\"noopener\">Rua Porto Igua\u00e7u, 250, casa 02<\/a><\/p>\n<p>\n<style type=\"text\/css\" id=\"style-css-av-824508-289aadcdfc914b1d9e54a51d2681efe7\">\n.av_font_icon.av-824508-289aadcdfc914b1d9e54a51d2681efe7 .av-icon-char{\nfont-size:30px;\nline-height:30px;\n}\n<\/style>\n<span  class=\"av_font_icon av-824508-289aadcdfc914b1d9e54a51d2681efe7 avia_animate_when_visible av-icon-style- avia-icon-pos-left av-no-color avia-icon-animate \"><span class='av-icon-char' aria-hidden='true' data-av_icon='\ue8ac' data-av_iconfont='entypo-fontello' ><\/span><\/span> (45) 9 9138-7640<\/p>\n<p>\n<style type=\"text\/css\" id=\"style-css-av-5xhng8-87ae8b89999931a0b4d4ed4aec3b49e4\">\n.av_font_icon.av-5xhng8-87ae8b89999931a0b4d4ed4aec3b49e4 .av-icon-char{\nfont-size:30px;\nline-height:30px;\n}\n<\/style>\n<span  class=\"av_font_icon av-5xhng8-87ae8b89999931a0b4d4ed4aec3b49e4 avia_animate_when_visible av-icon-style- avia-icon-pos-left av-no-color avia-icon-animate \"><span class='av-icon-char' aria-hidden='true' data-av_icon='\uf232' data-av_iconfont='entypo-fontello' ><\/span><\/span> <a href=\"https:\/\/api.whatsapp.com\/send?phone=5545991387640&#038;text=Ol\u00e1!%20Vim%20pelo%20site%20de%20experi\u00eancias%20tur\u00edsticas%20e%20quero%20mais%20informa\u00e7\u00f5es\">5545991387640<\/a><\/p>\n<p>\n<style type=\"text\/css\" id=\"style-css-av-4q0kuw-df52a542e64e40d12bcb28f678322ef4\">\n.av_font_icon.av-4q0kuw-df52a542e64e40d12bcb28f678322ef4 .av-icon-char{\nfont-size:30px;\nline-height:30px;\n}\n<\/style>\n<span  class=\"av_font_icon av-4q0kuw-df52a542e64e40d12bcb28f678322ef4 avia_animate_when_visible av-icon-style- avia-icon-pos-left av-no-color avia-icon-animate \"><span class='av-icon-char' aria-hidden='true' data-av_icon='\ue909' data-av_iconfont='entypo-fontello' ><\/span><\/span><a href=\"https:\/\/www.instagram.com\/iguazuwellness\/\" target=\"_blank\" rel=\"noopener\">@iguazuwellness<\/a><\/p>\n<p>\n<style type=\"text\/css\" id=\"style-css-av-7eo48-6fd483535a387567e99cc25dfe568527\">\n.av_font_icon.av-7eo48-6fd483535a387567e99cc25dfe568527 .av-icon-char{\nfont-size:30px;\nline-height:30px;\n}\n<\/style>\n<span  class=\"av_font_icon av-7eo48-6fd483535a387567e99cc25dfe568527 avia_animate_when_visible av-icon-style- avia-icon-pos-left av-no-color avia-icon-animate \"><span class='av-icon-char' aria-hidden='true' data-av_icon='\ue8ad' data-av_iconfont='entypo-fontello' ><\/span><\/span><a href=\"https:\/\/linkr.bio\/iguazuwellness\/\" target=\"_blank\" rel=\"noopener\">linkr.bio\/iguazuwellness<\/a><\/p>\n<\/div><\/section><\/p><\/div><\/div><!--close column table wrapper. Autoclose: 1 --><\/p>\n","protected":false},"excerpt":{"rendered":"<p>As pessoas ser\u00e3o convidadas a entrar num estado de presen\u00e7a, concentra\u00e7\u00e3o no despertar dos objetivos individuais e coletivos<br \/>\nEmpresa: <strong>Iguaz\u00fa Wellness<\/strong><br \/>\nMunic\u00edpio: <strong>Foz do Igua\u00e7u<\/strong><\/p>\n","protected":false},"author":2,"featured_media":2463,"comment_status":"closed","ping_status":"open","sticky":false,"template":"","format":"standard","meta":{"footnotes":""},"categories":[19,12,5,8],"tags":[62],"class_list":["post-1752","post","type-post","status-publish","format-standard","has-post-thumbnail","hentry","category-cataratas-do-iguacu-e-caminhos-ao-lago-de-itaipu","category-locais","category-saude-e-beleza","category-segmentos","tag-yoga"],"_links":{"self":[{"href":"https:\/\/sebraepr.com.br\/experienciasturisticas\/wp-json\/wp\/v2\/posts\/1752","targetHints":{"allow":["GET"]}}],"collection":[{"href":"https:\/\/sebraepr.com.br\/experienciasturisticas\/wp-json\/wp\/v2\/posts"}],"about":[{"href":"https:\/\/sebraepr.com.br\/experienciasturisticas\/wp-json\/wp\/v2\/types\/post"}],"author":[{"embeddable":true,"href":"https:\/\/sebraepr.com.br\/experienciasturisticas\/wp-json\/wp\/v2\/users\/2"}],"replies":[{"embeddable":true,"href":"https:\/\/sebraepr.com.br\/experienciasturisticas\/wp-json\/wp\/v2\/comments?post=1752"}],"version-history":[{"count":5,"href":"https:\/\/sebraepr.com.br\/experienciasturisticas\/wp-json\/wp\/v2\/posts\/1752\/revisions"}],"predecessor-version":[{"id":2467,"href":"https:\/\/sebraepr.com.br\/experienciasturisticas\/wp-json\/wp\/v2\/posts\/1752\/revisions\/2467"}],"wp:featuredmedia":[{"embeddable":true,"href":"https:\/\/sebraepr.com.br\/experienciasturisticas\/wp-json\/wp\/v2\/media\/2463"}],"wp:attachment":[{"href":"https:\/\/sebraepr.com.br\/experienciasturisticas\/wp-json\/wp\/v2\/media?parent=1752"}],"wp:term":[{"taxonomy":"category","embeddable":true,"href":"https:\/\/sebraepr.com.br\/experienciasturisticas\/wp-json\/wp\/v2\/categories?post=1752"},{"taxonomy":"post_tag","embeddable":true,"href":"https:\/\/sebraepr.com.br\/experienciasturisticas\/wp-json\/wp\/v2\/tags?post=1752"}],"curies":[{"name":"wp","href":"https:\/\/api.w.org\/{rel}","templated":true}]}}