{"id":1622,"date":"2023-11-20T10:48:53","date_gmt":"2023-11-20T13:48:53","guid":{"rendered":"https:\/\/sebraepr.com.br\/experienciasturisticas\/?p=1622"},"modified":"2025-08-29T08:41:53","modified_gmt":"2025-08-29T11:41:53","slug":"guaratuba-aventura-trilha-morro-cabaraquara","status":"publish","type":"post","link":"https:\/\/sebraepr.com.br\/experienciasturisticas\/guaratuba-aventura-trilha-morro-cabaraquara\/","title":{"rendered":"Guaratuba Aventura Trilha Morro Cabaraquara"},"content":{"rendered":"<div id='full_slider_1'  class='avia-fullwidth-slider main_color avia-shadow   avia-builder-el-0  el_before_av_one_full  avia-builder-el-first   container_wrap sidebar_right'  ><div   data-size='no scaling'  data-lightbox_size='large'  data-animation='slide'  data-conditional_play=''  data-ids='330'  data-video_counter='0'  data-autoplay='false'  data-bg_slider='false'  data-slide_height=''  data-handle='av_slideshow_full'  data-interval='5'  data-class=' '  data-el_id=''  data-css_id=''  data-scroll_down=''  data-control_layout='av-control-default'  data-custom_markup=''  data-perma_caption=''  data-autoplay_stopper=''  data-image_attachment=''  data-min_height='0px'  data-lazy_loading='disabled'  data-src=''  data-position='top left'  data-repeat='no-repeat'  data-attach='scroll'  data-stretch=''  class='avia-slideshow avia-slideshow-1  av-control-default av-default-height-applied avia-slideshow-no scaling av_slideshow_full   avia-slide-slider '  itemprop=\"image\" itemscope=\"itemscope\" itemtype=\"https:\/\/schema.org\/ImageObject\" ><ul class='avia-slideshow-inner ' style='padding-bottom: 9.4791666666667%;' ><li  class=' av-single-slide slide-1 ' ><div data-rel='slideshow-1' class='avia-slide-wrap '   ><img decoding=\"async\" class=\"wp-image-330 avia-img-lazy-loading-not-330\"  src=\"https:\/\/sebraepr.com.br\/experienciasturisticas\/wp-content\/uploads\/Top-Ecoturismo-Aventura-e-Natureza.png\" width=\"1920\" height=\"182\" title='Top Ecoturismo Aventura e Natureza' alt=''  itemprop=\"thumbnailUrl\" srcset=\"https:\/\/sebraepr.com.br\/experienciasturisticas\/wp-content\/uploads\/Top-Ecoturismo-Aventura-e-Natureza.png 1920w, https:\/\/sebraepr.com.br\/experienciasturisticas\/wp-content\/uploads\/Top-Ecoturismo-Aventura-e-Natureza-300x28.png 300w, https:\/\/sebraepr.com.br\/experienciasturisticas\/wp-content\/uploads\/Top-Ecoturismo-Aventura-e-Natureza-1030x98.png 1030w, https:\/\/sebraepr.com.br\/experienciasturisticas\/wp-content\/uploads\/Top-Ecoturismo-Aventura-e-Natureza-768x73.png 768w, https:\/\/sebraepr.com.br\/experienciasturisticas\/wp-content\/uploads\/Top-Ecoturismo-Aventura-e-Natureza-1536x146.png 1536w, https:\/\/sebraepr.com.br\/experienciasturisticas\/wp-content\/uploads\/Top-Ecoturismo-Aventura-e-Natureza-1500x142.png 1500w, https:\/\/sebraepr.com.br\/experienciasturisticas\/wp-content\/uploads\/Top-Ecoturismo-Aventura-e-Natureza-705x67.png 705w\" sizes=\"(max-width: 1920px) 100vw, 1920px\" \/><\/div><\/li><\/ul><\/div><\/div><div id='after_full_slider_1'  class='main_color av_default_container_wrap container_wrap sidebar_right'  ><div class='container av-section-cont-open' ><div class='template-page content  av-content-small alpha units'><div class='post-entry post-entry-type-page post-entry-1622'><div class='entry-content-wrapper clearfix'>\n<div class='flex_column av-n25ie-488036fb45670f605513d67723770550 av_one_full  avia-builder-el-1  el_after_av_slideshow_full  el_before_av_one_full  avia-builder-el-first  cultura first flex_column_div '   ><div   data-size='no scaling'  data-lightbox_size='large'  data-animation='slide'  data-conditional_play=''  data-ids='3022'  data-video_counter='0'  data-autoplay='false'  data-bg_slider='false'  data-slide_height=''  data-handle='av_slideshow'  data-interval='5'  data-class=' avia-builder-el-2  avia-builder-el-no-sibling  eco-banner '  data-el_id=''  data-css_id=''  data-scroll_down=''  data-control_layout='av-control-default'  data-custom_markup=''  data-perma_caption=''  data-autoplay_stopper=''  data-image_attachment=''  data-min_height='0px'  data-lazy_loading='disabled'  class='avia-slideshow avia-slideshow-2  av-control-default av-default-height-applied avia-slideshow-no scaling av_slideshow  avia-builder-el-2  avia-builder-el-no-sibling  eco-banner  avia-slide-slider '  itemprop=\"image\" itemscope=\"itemscope\" itemtype=\"https:\/\/schema.org\/ImageObject\" ><ul class='avia-slideshow-inner ' style='padding-bottom: 47%;' ><li  class=' av-single-slide slide-1 ' ><div data-rel='slideshow-2' class='avia-slide-wrap '   ><div class=\"avia-caption av-slideshow-caption\"><div class=\"avia-inner-caption\"><h2  class='avia-caption-title  '  itemprop=\"name\" >Guaratuba Aventura: Trilha Morro Cabaraquara<\/h2><div class='avia-caption-content  '  itemprop=\"description\"  ><p>Sinta a adrenalina, viva a emo\u00e7\u00e3o, aventura em Guaratuba \u00e9 pura paix\u00e3o!<\/p>\n<\/div><\/div><\/div><img decoding=\"async\" class=\"wp-image-3022 avia-img-lazy-loading-not-3022\"  src=\"https:\/\/sebraepr.com.br\/experienciasturisticas\/wp-content\/uploads\/Morro-Cabaraquara.jpg\" width=\"900\" height=\"423\" title='Morro Cabaraquara' alt=''  itemprop=\"thumbnailUrl\" srcset=\"https:\/\/sebraepr.com.br\/experienciasturisticas\/wp-content\/uploads\/Morro-Cabaraquara.jpg 900w, https:\/\/sebraepr.com.br\/experienciasturisticas\/wp-content\/uploads\/Morro-Cabaraquara-300x141.jpg 300w, https:\/\/sebraepr.com.br\/experienciasturisticas\/wp-content\/uploads\/Morro-Cabaraquara-768x361.jpg 768w, https:\/\/sebraepr.com.br\/experienciasturisticas\/wp-content\/uploads\/Morro-Cabaraquara-705x331.jpg 705w\" sizes=\"(max-width: 900px) 100vw, 900px\" \/><\/div><\/li><\/ul><\/div><\/div>\n<div class='flex_column av-9f8eba-5e5e11c19a8ac2cbd1431518560596d7 av_one_full  avia-builder-el-3  el_after_av_one_full  el_before_av_one_half  ecotur first flex_column_div  av-animated-generic pop-up column-top-margin'   ><section class=\"av_textblock_section \"  itemscope=\"itemscope\" itemtype=\"https:\/\/schema.org\/BlogPosting\" itemprop=\"blogPost\" ><div class='avia_textblock  '   itemprop=\"text\" ><p><strong>Aventure-se no Morro do Cabaraquara, Parque Nacional Saint Hilaire-Lange, com 478m de altitude e vegeta\u00e7\u00e3o da Mata Atl\u00e2ntica. Atendimento personalizado por instrutor capacitado. Subida requer preparo f\u00edsico. Amantes de trilhas encontrar\u00e3o uma experi\u00eancia \u00fanica! Encerre a aventura em um incr\u00edvel restaurante tem\u00e1tico litor\u00e2neo, saboreando a gastronomia cai\u00e7ara.<\/strong><\/p>\n<\/div><\/section><\/div>\n<div class='flex_column_table av-qgr3a-586f1cda7357840783e16c445a6f71a4 sc-av_one_half av-equal-height-column-flextable'><div class='flex_column av-qgr3a-586f1cda7357840783e16c445a6f71a4 av_one_half  avia-builder-el-5  el_after_av_one_full  el_before_av_one_half  ecotur first flex_column_table_cell av-equal-height-column av-align-middle  av-animated-generic bottom-to-top column-top-margin'   ><section class=\"av_textblock_section \"  itemscope=\"itemscope\" itemtype=\"https:\/\/schema.org\/BlogPosting\" itemprop=\"blogPost\" ><div class='avia_textblock  '   itemprop=\"text\" ><p><strong>Dias e hor\u00e1rios de funcionamento:<\/strong> Aos s\u00e1bados das 9am \u00e0s 14 horas. Obs.: a realiza\u00e7\u00e3o se dar\u00e1 de acordo as condi\u00e7\u00f5es clim\u00e1ticas.<br \/><strong>O que a experi\u00eancia inclui: <\/strong><br \/>Para quem gosta de &#8220;conquistar&#8221; e superar suas limita\u00e7\u00f5es temos aqui a oportunidade de faz\u00ea-lo acompanhados por um condutor credenciado pelo ICMBio, especializado em Urg\u00eancia e Emerg\u00eancia.<\/p>\n<\/div><\/section><\/div><div class='av-flex-placeholder'><\/div><div class='flex_column av-5ggv5y-1b90fcc19996ce81bebf4c40f9de74ee av_one_half  avia-builder-el-7  el_after_av_one_half  el_before_av_one_full  cultura flex_column_table_cell av-equal-height-column av-align-middle  av-animated-generic bottom-to-top column-top-margin'   ><style type=\"text\/css\" id=\"style-css-av-lp6yhdyj-bd75431080f3aa9bd667dca0c3ffbfe5\">\n.avia-image-container.av-lp6yhdyj-bd75431080f3aa9bd667dca0c3ffbfe5 .av-image-caption-overlay-center{\ncolor:#ffffff;\n}\n<\/style>\n<div  class='avia-image-container av-lp6yhdyj-bd75431080f3aa9bd667dca0c3ffbfe5 av-styling- avia-align-center  avia-builder-el-8  avia-builder-el-no-sibling  '  itemprop=\"image\" itemscope=\"itemscope\" itemtype=\"https:\/\/schema.org\/ImageObject\" ><div class=\"avia-image-container-inner\"><div class=\"avia-image-overlay-wrap\"><img decoding=\"async\" class='wp-image-1625 avia-img-lazy-loading-not-1625 avia_image' src=\"https:\/\/sebraepr.com.br\/experienciasturisticas\/wp-content\/uploads\/APHSPA-300x300.jpg\" alt='' title='APHSPA'  height=\"300\" width=\"300\"  itemprop=\"thumbnailUrl\" srcset=\"https:\/\/sebraepr.com.br\/experienciasturisticas\/wp-content\/uploads\/APHSPA-300x300.jpg 300w, https:\/\/sebraepr.com.br\/experienciasturisticas\/wp-content\/uploads\/APHSPA-80x80.jpg 80w, https:\/\/sebraepr.com.br\/experienciasturisticas\/wp-content\/uploads\/APHSPA-36x36.jpg 36w, https:\/\/sebraepr.com.br\/experienciasturisticas\/wp-content\/uploads\/APHSPA-180x180.jpg 180w, https:\/\/sebraepr.com.br\/experienciasturisticas\/wp-content\/uploads\/APHSPA.jpg 350w\" sizes=\"(max-width: 300px) 100vw, 300px\" \/><\/div><\/div><\/div><\/div><\/div><!--close column table wrapper. Autoclose: 1 --><\/p>\n<div class='flex_column_table av-d3s9y-482d94c55cedaa0cfd0de07c2b12de63 sc-av_one_full av-equal-height-column-flextable'><div class='flex_column av-d3s9y-482d94c55cedaa0cfd0de07c2b12de63 av_one_full  avia-builder-el-9  el_after_av_one_half  el_before_av_one_half  ecotur first flex_column_table_cell av-equal-height-column av-align-middle  av-animated-generic bottom-to-top column-top-margin'   ><section class=\"av_textblock_section \"  itemscope=\"itemscope\" itemtype=\"https:\/\/schema.org\/BlogPosting\" itemprop=\"blogPost\" ><div class='avia_textblock  '   itemprop=\"text\" ><p>O acesso ao topo do Cabaraquara \u00e9 feito por meio de uma trilha considerada moderada mas com alguns obst\u00e1culos que requerem um pouco de preparo f\u00edsico e muita disposi\u00e7\u00e3o! Durante o caminho ser\u00e1 poss\u00edvel subir e descer alguns barrancos onde a corda ser\u00e1 um grande aliado&#8230; Por isso, este passeio conta com alguns cuidados especiais em sua realiza\u00e7\u00e3o:<br \/>1) A utiliza\u00e7\u00e3o de cal\u00e7a e camisa com mangas longas. Em ipotese alguma ser\u00e1 poss\u00edvel fazer de bermuda ou sapatos abertos!<br \/>2) O participante contar\u00e1 com Seguro emitido pela empresa contratada que tamb\u00e9m, emitir\u00e1 um termo de responsabilidade que ser\u00e1 assinada pelo aventureiro!<br \/>3) A utiliza\u00e7\u00e3o de equipamento de seguran\u00e7a como \u00f3culos, perneiras anti-picadas de serpentes e chap\u00e9u s\u00e3o obrigat\u00f3rios e poder\u00e3o ser contratadas junto a empresa.<br \/>4) \u00c9 importante manter-se hidratado! Por isso, a recomenda\u00e7\u00e3o \u00e9 levar 2 litros de \u00e1gua e tamb\u00e9m alguma fruta ou barra de cereal. Quanto ao almo\u00e7o! Hum&#8230; este sim ser\u00e1 especial&#8230; Opcionalmente voc\u00ea poder\u00e1 contratar e disfrutar de toda a tem\u00e1tica gastronomica do Vivere Parvo!<br \/><strong>Anteced\u00eancia para reserva: <\/strong> 24 horas.<br \/><strong>N\u00famero m\u00ednimo e m\u00e1ximo de pessoas: <\/strong> Minimo de 2 e m\u00e1ximo de 6 pessoas<br \/><strong>Indicado para: <\/strong> O produto se destina ao p\u00fablico tur\u00edstico que visita o litoral, crian\u00e7as a partir de 12 anos e \u00e9 poss\u00edvel at\u00e9 mesmo levar o papai. Desde que ele tenha mobilidade e bom preparo fisico!<\/p>\n<\/div><\/section><\/div><\/div><!--close column table wrapper. Autoclose: 1 -->\n<div class='flex_column_table av-1xbqxi-25c7da6245c51761285558cea29ad0ac sc-av_one_half av-equal-height-column-flextable'><div class='flex_column av-1xbqxi-25c7da6245c51761285558cea29ad0ac av_one_half  avia-builder-el-11  el_after_av_one_full  el_before_av_one_half  imgarec first flex_column_table_cell av-equal-height-column av-align-top  av-animated-generic bottom-to-top column-top-margin'   ><style type=\"text\/css\" id=\"style-css-av-lwhuaec8-d23af6778babeaf506c6289462a5e19a\">\n.avia-image-container.av-lwhuaec8-d23af6778babeaf506c6289462a5e19a .av-image-caption-overlay-center{\ncolor:#ffffff;\n}\n<\/style>\n<div  class='avia-image-container av-lwhuaec8-d23af6778babeaf506c6289462a5e19a av-styling- avia-align-center  avia-builder-el-12  avia-builder-el-no-sibling  '  itemprop=\"image\" itemscope=\"itemscope\" itemtype=\"https:\/\/schema.org\/ImageObject\" ><div class=\"avia-image-container-inner\"><div class=\"avia-image-overlay-wrap\"><img decoding=\"async\" class='wp-image-3021 avia-img-lazy-loading-not-3021 avia_image' src=\"https:\/\/sebraepr.com.br\/experienciasturisticas\/wp-content\/uploads\/Morro-Cabaraquara2.jpg\" alt='' title='Morro Cabaraquara2'  height=\"647\" width=\"442\"  itemprop=\"thumbnailUrl\" srcset=\"https:\/\/sebraepr.com.br\/experienciasturisticas\/wp-content\/uploads\/Morro-Cabaraquara2.jpg 442w, https:\/\/sebraepr.com.br\/experienciasturisticas\/wp-content\/uploads\/Morro-Cabaraquara2-205x300.jpg 205w\" sizes=\"(max-width: 442px) 100vw, 442px\" \/><\/div><\/div><\/div><\/div>\n<div class='av-flex-placeholder'><\/div>\n<style type=\"text\/css\" id=\"style-css-av-39j7s6-3f84ee698c401f06ec1bd818578a4f7f\">\n.flex_column.av-39j7s6-3f84ee698c401f06ec1bd818578a4f7f{\nborder-radius:20px 20px 20px 20px;\n-webkit-border-radius:20px 20px 20px 20px;\n-moz-border-radius:20px 20px 20px 20px;\npadding:20px 20px 20px 20px;\nbackground-color:#1a8136;\n}\n<\/style>\n<div class='flex_column av-39j7s6-3f84ee698c401f06ec1bd818578a4f7f av_one_half  avia-builder-el-13  el_after_av_one_half  avia-builder-el-last  cont-mapas flex_column_table_cell av-equal-height-column av-align-top  av-animated-generic bottom-to-top column-top-margin'   id=\"cont-mapas-li\"  ><p>\n<style type=\"text\/css\" id=\"style-css-av-lp6yj4mu-605d5f15693a7a5b5dde5406e3a25645\">\n.avia-image-container.av-lp6yj4mu-605d5f15693a7a5b5dde5406e3a25645 .av-image-caption-overlay-center{\ncolor:#ffffff;\n}\n<\/style>\n<div  class='avia-image-container av-lp6yj4mu-605d5f15693a7a5b5dde5406e3a25645 av-styling- av-hover-grow avia-align-center  avia-builder-el-14  el_before_av_textblock  avia-builder-el-first  '  itemprop=\"image\" itemscope=\"itemscope\" itemtype=\"https:\/\/schema.org\/ImageObject\" ><div class=\"avia-image-container-inner\"><div class=\"avia-image-overlay-wrap\"><a href=\"https:\/\/sebraepr.com.br\/experienciasturisticas\/category\/locais\/litoral\/\" class='avia_image' ><img decoding=\"async\" width=\"300\" height=\"206\" class='wp-image-263 avia-img-lazy-loading-not-263 avia_image' src=\"https:\/\/sebraepr.com.br\/experienciasturisticas\/wp-content\/uploads\/Parana-Litoral-1-300x206.png\" alt='' title='Paran\u00e1 Litoral'  itemprop=\"thumbnailUrl\" srcset=\"https:\/\/sebraepr.com.br\/experienciasturisticas\/wp-content\/uploads\/Parana-Litoral-1-300x206.png 300w, https:\/\/sebraepr.com.br\/experienciasturisticas\/wp-content\/uploads\/Parana-Litoral-1.png 600w\" sizes=\"(max-width: 300px) 100vw, 300px\" \/><\/a><\/div><\/div><\/div><br \/>\n<section class=\"av_textblock_section \"  itemscope=\"itemscope\" itemtype=\"https:\/\/schema.org\/BlogPosting\" itemprop=\"blogPost\" ><div class='avia_textblock  av_inherit_color '  style='color:#ffffff; '  itemprop=\"text\" ><p><strong>Empresa:<\/strong> APHSPA Guaratuba Aventura<br \/><strong>Munic\u00edpio:<\/strong> Guaratuba<\/p>\n<\/div><\/section><br \/>\n<section class=\"av_textblock_section \"  itemscope=\"itemscope\" itemtype=\"https:\/\/schema.org\/BlogPosting\" itemprop=\"blogPost\" ><div class='avia_textblock  av_inherit_color '  style='color:#ffffff; '  itemprop=\"text\" ><p>\n<style type=\"text\/css\" id=\"style-css-av-9exoi6-ed9a8db305510ff220542aa79d75e621\">\n.av_font_icon.av-9exoi6-ed9a8db305510ff220542aa79d75e621 .av-icon-char{\nfont-size:30px;\nline-height:30px;\n}\n<\/style>\n<span  class=\"av_font_icon av-9exoi6-ed9a8db305510ff220542aa79d75e621 avia_animate_when_visible av-icon-style- avia-icon-pos-left av-no-color avia-icon-animate \"><span class='av-icon-char' aria-hidden='true' data-av_icon='\ue842' data-av_iconfont='entypo-fontello' ><\/span><\/span> <a href=\"https:\/\/maps.app.goo.gl\/WsmmtVJa38qwzQ467\" target=\"_blank\" rel=\"noopener\">Estr. do Cabaraquara, 1203<\/a><\/p>\n<p>\n<style type=\"text\/css\" id=\"style-css-av-7dyd66-8e9a78810db821134175b93d98a7d6f0\">\n.av_font_icon.av-7dyd66-8e9a78810db821134175b93d98a7d6f0 .av-icon-char{\nfont-size:30px;\nline-height:30px;\n}\n<\/style>\n<span  class=\"av_font_icon av-7dyd66-8e9a78810db821134175b93d98a7d6f0 avia_animate_when_visible av-icon-style- avia-icon-pos-left av-no-color avia-icon-animate \"><span class='av-icon-char' aria-hidden='true' data-av_icon='\ue8ac' data-av_iconfont='entypo-fontello' ><\/span><\/span> (41) 99633-9719<\/p>\n<p>\n<style type=\"text\/css\" id=\"style-css-av-cvn26-28c96febab966417871fd6f7768b6ebe\">\n.av_font_icon.av-cvn26-28c96febab966417871fd6f7768b6ebe .av-icon-char{\nfont-size:30px;\nline-height:30px;\n}\n<\/style>\n<span  class=\"av_font_icon av-cvn26-28c96febab966417871fd6f7768b6ebe avia_animate_when_visible av-icon-style- avia-icon-pos-left av-no-color avia-icon-animate \"><span class='av-icon-char' aria-hidden='true' data-av_icon='\ue909' data-av_iconfont='entypo-fontello' ><\/span><\/span><a href=\"https:\/\/www.instagram.com\/aphspa_guaratubaaventura\/\" target=\"_blank\" rel=\"noopener\">@aphspa_guaratubaaventura<\/a><\/p>\n<p>\n<style type=\"text\/css\" id=\"style-css-av-2d4lbi-80bc6e3a6582445814925e33e6d77dbd\">\n.av_font_icon.av-2d4lbi-80bc6e3a6582445814925e33e6d77dbd .av-icon-char{\nfont-size:30px;\nline-height:30px;\n}\n<\/style>\n<span  class=\"av_font_icon av-2d4lbi-80bc6e3a6582445814925e33e6d77dbd avia_animate_when_visible av-icon-style- avia-icon-pos-left av-no-color avia-icon-animate \"><span class='av-icon-char' aria-hidden='true' data-av_icon='\ue8ad' data-av_iconfont='entypo-fontello' ><\/span><\/span><a href=\"https:\/\/www.turguaratuba.com.br\/\" target=\"_blank\" rel=\"noopener\">turguaratuba.com.br<\/a><\/p>\n<\/div><\/section><\/p><\/div><\/div><!--close column table wrapper. Autoclose: 1 -->\n","protected":false},"excerpt":{"rendered":"<p>Aventure-se no Morro do Cabaraquara, Parque Nacional Saint Hilaire-Lange, com 478m de altitude e vegeta\u00e7\u00e3o da Mata Atl\u00e2ntica.<br \/>\nEmpresa: <strong>APHSPA Guaratuba Aventura<\/strong><br \/>\nMunic\u00edpio: <strong>Guaratuba<\/strong><\/p>\n","protected":false},"author":2,"featured_media":3021,"comment_status":"closed","ping_status":"open","sticky":false,"template":"","format":"standard","meta":{"footnotes":""},"categories":[4,22,12,8],"tags":[109],"class_list":["post-1622","post","type-post","status-publish","format-standard","has-post-thumbnail","hentry","category-ecoturismo-e-natureza","category-litoral","category-locais","category-segmentos","tag-trilhas"],"_links":{"self":[{"href":"https:\/\/sebraepr.com.br\/experienciasturisticas\/wp-json\/wp\/v2\/posts\/1622","targetHints":{"allow":["GET"]}}],"collection":[{"href":"https:\/\/sebraepr.com.br\/experienciasturisticas\/wp-json\/wp\/v2\/posts"}],"about":[{"href":"https:\/\/sebraepr.com.br\/experienciasturisticas\/wp-json\/wp\/v2\/types\/post"}],"author":[{"embeddable":true,"href":"https:\/\/sebraepr.com.br\/experienciasturisticas\/wp-json\/wp\/v2\/users\/2"}],"replies":[{"embeddable":true,"href":"https:\/\/sebraepr.com.br\/experienciasturisticas\/wp-json\/wp\/v2\/comments?post=1622"}],"version-history":[{"count":7,"href":"https:\/\/sebraepr.com.br\/experienciasturisticas\/wp-json\/wp\/v2\/posts\/1622\/revisions"}],"predecessor-version":[{"id":4572,"href":"https:\/\/sebraepr.com.br\/experienciasturisticas\/wp-json\/wp\/v2\/posts\/1622\/revisions\/4572"}],"wp:featuredmedia":[{"embeddable":true,"href":"https:\/\/sebraepr.com.br\/experienciasturisticas\/wp-json\/wp\/v2\/media\/3021"}],"wp:attachment":[{"href":"https:\/\/sebraepr.com.br\/experienciasturisticas\/wp-json\/wp\/v2\/media?parent=1622"}],"wp:term":[{"taxonomy":"category","embeddable":true,"href":"https:\/\/sebraepr.com.br\/experienciasturisticas\/wp-json\/wp\/v2\/categories?post=1622"},{"taxonomy":"post_tag","embeddable":true,"href":"https:\/\/sebraepr.com.br\/experienciasturisticas\/wp-json\/wp\/v2\/tags?post=1622"}],"curies":[{"name":"wp","href":"https:\/\/api.w.org\/{rel}","templated":true}]}}