{"id":1338,"date":"2023-10-27T10:27:30","date_gmt":"2023-10-27T13:27:30","guid":{"rendered":"https:\/\/sebraepr.com.br\/experienciasturisticas\/?p=1338"},"modified":"2024-05-16T10:45:41","modified_gmt":"2024-05-16T13:45:41","slug":"day-use-senior","status":"publish","type":"post","link":"https:\/\/sebraepr.com.br\/experienciasturisticas\/day-use-senior\/","title":{"rendered":"Day Use S\u00eanior"},"content":{"rendered":"<div id='full_slider_1'  class='avia-fullwidth-slider main_color avia-shadow   avia-builder-el-0  el_before_av_one_full  avia-builder-el-first   container_wrap sidebar_right'  ><div   data-size='no scaling'  data-lightbox_size='large'  data-animation='slide'  data-conditional_play=''  data-ids='367'  data-video_counter='0'  data-autoplay='false'  data-bg_slider='false'  data-slide_height=''  data-handle='av_slideshow_full'  data-interval='5'  data-class=' '  data-el_id=''  data-css_id=''  data-scroll_down=''  data-control_layout='av-control-default'  data-custom_markup=''  data-perma_caption=''  data-autoplay_stopper=''  data-image_attachment=''  data-min_height='0px'  data-lazy_loading='disabled'  data-src=''  data-position='top left'  data-repeat='no-repeat'  data-attach='scroll'  data-stretch=''  class='avia-slideshow avia-slideshow-1  av-control-default av-default-height-applied avia-slideshow-no scaling av_slideshow_full   avia-slide-slider '  itemprop=\"image\" itemscope=\"itemscope\" itemtype=\"https:\/\/schema.org\/ImageObject\" ><ul class='avia-slideshow-inner ' style='padding-bottom: 9.4791666666667%;' ><li  class=' av-single-slide slide-1 ' ><div data-rel='slideshow-1' class='avia-slide-wrap '   ><img decoding=\"async\" class=\"wp-image-367 avia-img-lazy-loading-not-367\"  src=\"https:\/\/sebraepr.com.br\/experienciasturisticas\/wp-content\/uploads\/Top-Saude-e-Beleza.png\" width=\"1920\" height=\"182\" title='Top Sa\u00fade e Beleza' alt=''  itemprop=\"thumbnailUrl\" srcset=\"https:\/\/sebraepr.com.br\/experienciasturisticas\/wp-content\/uploads\/Top-Saude-e-Beleza.png 1920w, https:\/\/sebraepr.com.br\/experienciasturisticas\/wp-content\/uploads\/Top-Saude-e-Beleza-300x28.png 300w, https:\/\/sebraepr.com.br\/experienciasturisticas\/wp-content\/uploads\/Top-Saude-e-Beleza-1030x98.png 1030w, https:\/\/sebraepr.com.br\/experienciasturisticas\/wp-content\/uploads\/Top-Saude-e-Beleza-768x73.png 768w, https:\/\/sebraepr.com.br\/experienciasturisticas\/wp-content\/uploads\/Top-Saude-e-Beleza-1536x146.png 1536w, https:\/\/sebraepr.com.br\/experienciasturisticas\/wp-content\/uploads\/Top-Saude-e-Beleza-1500x142.png 1500w, https:\/\/sebraepr.com.br\/experienciasturisticas\/wp-content\/uploads\/Top-Saude-e-Beleza-705x67.png 705w\" sizes=\"(max-width: 1920px) 100vw, 1920px\" \/><\/div><\/li><\/ul><\/div><\/div><div id='after_full_slider_1'  class='main_color av_default_container_wrap container_wrap sidebar_right'  ><div class='container av-section-cont-open' ><div class='template-page content  av-content-small alpha units'><div class='post-entry post-entry-type-page post-entry-1338'><div class='entry-content-wrapper clearfix'>\n<div class='flex_column av-av_one_full-557fbd3e5c92d202a51a2c4f9e35573b av_one_full  avia-builder-el-1  el_after_av_slideshow_full  el_before_av_one_full  avia-builder-el-first  cultura first flex_column_div '   ><div   data-size='no scaling'  data-lightbox_size='large'  data-animation='slide'  data-conditional_play=''  data-ids='2528'  data-video_counter='0'  data-autoplay='false'  data-bg_slider='false'  data-slide_height=''  data-handle='av_slideshow'  data-interval='5'  data-class=' avia-builder-el-2  avia-builder-el-no-sibling  saude-banner '  data-el_id=''  data-css_id=''  data-scroll_down=''  data-control_layout='av-control-default'  data-custom_markup=''  data-perma_caption=''  data-autoplay_stopper=''  data-image_attachment=''  data-min_height='0px'  data-lazy_loading='disabled'  class='avia-slideshow avia-slideshow-2  av-control-default av-default-height-applied avia-slideshow-no scaling av_slideshow  avia-builder-el-2  avia-builder-el-no-sibling  saude-banner  avia-slide-slider '  itemprop=\"image\" itemscope=\"itemscope\" itemtype=\"https:\/\/schema.org\/ImageObject\" ><ul class='avia-slideshow-inner ' style='padding-bottom: 47%;' ><li  class=' av-single-slide slide-1 ' ><div data-rel='slideshow-2' class='avia-slide-wrap '   ><div class=\"avia-caption av-slideshow-caption\"><div class=\"avia-inner-caption\"><h2  class='avia-caption-title  '  itemprop=\"name\" >Day Use Senior<\/h2><div class='avia-caption-content  '  itemprop=\"description\"  ><p>Longevidade \u00e9 mais vida!<\/p>\n<\/div><\/div><\/div><img decoding=\"async\" class=\"wp-image-2528 avia-img-lazy-loading-not-2528\"  src=\"https:\/\/sebraepr.com.br\/experienciasturisticas\/wp-content\/uploads\/Day-Use-Senior.jpg\" width=\"900\" height=\"423\" title='Day Use S\u00eanior' alt=''  itemprop=\"thumbnailUrl\" srcset=\"https:\/\/sebraepr.com.br\/experienciasturisticas\/wp-content\/uploads\/Day-Use-Senior.jpg 900w, https:\/\/sebraepr.com.br\/experienciasturisticas\/wp-content\/uploads\/Day-Use-Senior-300x141.jpg 300w, https:\/\/sebraepr.com.br\/experienciasturisticas\/wp-content\/uploads\/Day-Use-Senior-768x361.jpg 768w, https:\/\/sebraepr.com.br\/experienciasturisticas\/wp-content\/uploads\/Day-Use-Senior-705x331.jpg 705w\" sizes=\"(max-width: 900px) 100vw, 900px\" \/><\/div><\/li><\/ul><\/div><\/div><div class='flex_column av-gr74uy-ec1c8aad0200fe68f8a7fc54c40d868c av_one_full  avia-builder-el-3  el_after_av_one_full  el_before_av_one_half  saude first flex_column_div  av-animated-generic pop-up column-top-margin'   ><section class=\"av_textblock_section \"  itemscope=\"itemscope\" itemtype=\"https:\/\/schema.org\/BlogPosting\" itemprop=\"blogPost\" ><div class='avia_textblock  '   itemprop=\"text\" ><p><strong>Desfrute de um dia revitalizante para idosos! Atividades, caf\u00e9 de boas-vindas, almo\u00e7o balanceado e o carinho dos animais de s\u00edtio esperam por voc\u00ea. Relaxamento e divers\u00e3o em um \u00fanico dia. Venha viver essa experi\u00eancia aqui na Ch\u00e1cara das Vaquinhas.<\/strong><\/p>\n<\/div><\/section><\/div><\/p>\n<div class='flex_column_table av-g2pkqy-70d6fd197b6749bad78397862d4d672a sc-av_one_half av-equal-height-column-flextable'><div class='flex_column av-g2pkqy-70d6fd197b6749bad78397862d4d672a av_one_half  avia-builder-el-5  el_after_av_one_full  el_before_av_one_half  saude first flex_column_table_cell av-equal-height-column av-align-middle  av-animated-generic bottom-to-top column-top-margin'   ><section class=\"av_textblock_section \"  itemscope=\"itemscope\" itemtype=\"https:\/\/schema.org\/BlogPosting\" itemprop=\"blogPost\" ><div class='avia_textblock  '   itemprop=\"text\" ><p><strong>Dias e hor\u00e1rios de funcionamento: <\/strong> Segunda a Sexta-feira das 10h \u00e0s 17h. Atendimento ao p\u00fablico na ch\u00e1cara conforme agenda divulgada em nosso canais.<br \/>\n<strong>O que a experi\u00eancia inclui: <\/strong> Caf\u00e9 de boas vindas, atividades f\u00edsicas e cognitivas, almo\u00e7o (sobremesa e bebidas n\u00e3o alcoolicas inclusas), atividades recreativas personalizadas para idosos, visita aos animais, toda a estrutura da Ch\u00e1cara<br \/>\n<strong>Anteced\u00eancia para reserva: <\/strong> 5 dias<br \/>\n<strong>N\u00famero m\u00ednimo e m\u00e1ximo de pessoas: <\/strong> M\u00ednimo de 70 e m\u00e1ximo de 150 idosos<br \/>\n**Aceita reservas individuais&#8221;<br \/>\n<strong>Indicado para: <\/strong> Idosos<\/p>\n<\/div><\/section><\/div>\n<div class='av-flex-placeholder'><\/div><div class='flex_column av-egyyi2-717b92d1f2cbb41bc7a1040f2cccea68 av_one_half  avia-builder-el-7  el_after_av_one_half  el_before_av_one_half  cultura flex_column_table_cell av-equal-height-column av-align-middle  av-animated-generic bottom-to-top column-top-margin'   ><style type=\"text\/css\" id=\"style-css-av-lo8n4y41-828deb4baa8f6fd819c93617d9b4d8b9\">\n.avia-image-container.av-lo8n4y41-828deb4baa8f6fd819c93617d9b4d8b9 .av-image-caption-overlay-center{\ncolor:#ffffff;\n}\n<\/style>\n<div  class='avia-image-container av-lo8n4y41-828deb4baa8f6fd819c93617d9b4d8b9 av-styling- avia-align-center  avia-builder-el-8  avia-builder-el-no-sibling  '  itemprop=\"image\" itemscope=\"itemscope\" itemtype=\"https:\/\/schema.org\/ImageObject\" ><div class=\"avia-image-container-inner\"><div class=\"avia-image-overlay-wrap\"><img decoding=\"async\" class='wp-image-1341 avia-img-lazy-loading-not-1341 avia_image' src=\"https:\/\/sebraepr.com.br\/experienciasturisticas\/wp-content\/uploads\/Chacara-das-Vaquinhas.png\" alt='' title='Chacara das Vaquinhas'  height=\"267\" width=\"300\"  itemprop=\"thumbnailUrl\"  \/><\/div><\/div><\/div><\/div><\/div><!--close column table wrapper. Autoclose: 1 -->\n<div class='flex_column_table av-av_one_half-490160f7809fe7170e1f9af12f4c8f62 sc-av_one_half av-equal-height-column-flextable'><div class='flex_column av-av_one_half-490160f7809fe7170e1f9af12f4c8f62 av_one_half  avia-builder-el-9  el_after_av_one_half  el_before_av_one_half  imgars first flex_column_table_cell av-equal-height-column av-align-top  av-animated-generic bottom-to-top column-top-margin'   ><style type=\"text\/css\" id=\"style-css-av-lw9az3ns-a413da947f218ef16872aa6688d59130\">\n.avia-image-container.av-lw9az3ns-a413da947f218ef16872aa6688d59130 .av-image-caption-overlay-center{\ncolor:#ffffff;\n}\n<\/style>\n<div  class='avia-image-container av-lw9az3ns-a413da947f218ef16872aa6688d59130 av-styling- avia-align-center  avia-builder-el-10  avia-builder-el-no-sibling  '  itemprop=\"image\" itemscope=\"itemscope\" itemtype=\"https:\/\/schema.org\/ImageObject\" ><div class=\"avia-image-container-inner\"><div class=\"avia-image-overlay-wrap\"><img decoding=\"async\" class='wp-image-2529 avia-img-lazy-loading-not-2529 avia_image' src=\"https:\/\/sebraepr.com.br\/experienciasturisticas\/wp-content\/uploads\/Day-Use-Senior2-1.jpg\" alt='' title='Day Use S\u00eanior2'  height=\"792\" width=\"590\"  itemprop=\"thumbnailUrl\" srcset=\"https:\/\/sebraepr.com.br\/experienciasturisticas\/wp-content\/uploads\/Day-Use-Senior2-1.jpg 590w, https:\/\/sebraepr.com.br\/experienciasturisticas\/wp-content\/uploads\/Day-Use-Senior2-1-223x300.jpg 223w, https:\/\/sebraepr.com.br\/experienciasturisticas\/wp-content\/uploads\/Day-Use-Senior2-1-525x705.jpg 525w\" sizes=\"(max-width: 590px) 100vw, 590px\" \/><\/div><\/div><\/div><\/div><div class='av-flex-placeholder'><\/div>\n<style type=\"text\/css\" id=\"style-css-av-avyjfe-8971bf7286553988f53e521d6b1da626\">\n.flex_column.av-avyjfe-8971bf7286553988f53e521d6b1da626{\nborder-radius:20px 20px 20px 20px;\n-webkit-border-radius:20px 20px 20px 20px;\n-moz-border-radius:20px 20px 20px 20px;\npadding:20px 20px 20px 20px;\nbackground-color:#158184;\n}\n<\/style>\n<div class='flex_column av-avyjfe-8971bf7286553988f53e521d6b1da626 av_one_half  avia-builder-el-11  el_after_av_one_half  avia-builder-el-last  cont-mapas flex_column_table_cell av-equal-height-column av-align-top  av-animated-generic bottom-to-top column-top-margin'   id=\"cont-mapas-li\"  ><p>\n<style type=\"text\/css\" id=\"style-css-av-lo8n9kif-52619cefdc6013097f5de119b219aa1b\">\n.avia-image-container.av-lo8n9kif-52619cefdc6013097f5de119b219aa1b .av-image-caption-overlay-center{\ncolor:#ffffff;\n}\n<\/style>\n<div  class='avia-image-container av-lo8n9kif-52619cefdc6013097f5de119b219aa1b av-styling- av-hover-grow avia-align-center  avia-builder-el-12  el_before_av_textblock  avia-builder-el-first  '  itemprop=\"image\" itemscope=\"itemscope\" itemtype=\"https:\/\/schema.org\/ImageObject\" ><div class=\"avia-image-container-inner\"><div class=\"avia-image-overlay-wrap\"><a href=\"https:\/\/sebraepr.com.br\/experienciasturisticas\/category\/locais\/rotas-do-pinhao\/\" class='avia_image' ><img decoding=\"async\" width=\"300\" height=\"206\" class='wp-image-266 avia-img-lazy-loading-not-266 avia_image' src=\"https:\/\/sebraepr.com.br\/experienciasturisticas\/wp-content\/uploads\/Parana-Rotas-do-Pinhao-300x206.png\" alt='' title='Paran\u00e1 Rotas do Pinh\u00e3o'  itemprop=\"thumbnailUrl\" srcset=\"https:\/\/sebraepr.com.br\/experienciasturisticas\/wp-content\/uploads\/Parana-Rotas-do-Pinhao-300x206.png 300w, https:\/\/sebraepr.com.br\/experienciasturisticas\/wp-content\/uploads\/Parana-Rotas-do-Pinhao.png 600w\" sizes=\"(max-width: 300px) 100vw, 300px\" \/><\/a><\/div><\/div><\/div><br \/>\n<section class=\"av_textblock_section \"  itemscope=\"itemscope\" itemtype=\"https:\/\/schema.org\/BlogPosting\" itemprop=\"blogPost\" ><div class='avia_textblock  av_inherit_color '  style='color:#ffffff; '  itemprop=\"text\" ><p><strong>Empresa:<\/strong> Ch\u00e1cara das Vaquinhas<br \/>\n<strong>Munic\u00edpio:<\/strong> S\u00e3o Jos\u00e9 dos Pinhais<\/p>\n<\/div><\/section><br \/>\n<section class=\"av_textblock_section \"  itemscope=\"itemscope\" itemtype=\"https:\/\/schema.org\/BlogPosting\" itemprop=\"blogPost\" ><div class='avia_textblock  av_inherit_color '  style='color:#ffffff; '  itemprop=\"text\" ><p>\n<style type=\"text\/css\" id=\"style-css-av-8wc3cq-9684806e4a6d0f0f1ecf3a91167ac169\">\n.av_font_icon.av-8wc3cq-9684806e4a6d0f0f1ecf3a91167ac169 .av-icon-char{\nfont-size:30px;\nline-height:30px;\n}\n<\/style>\n<span  class=\"av_font_icon av-8wc3cq-9684806e4a6d0f0f1ecf3a91167ac169 avia_animate_when_visible av-icon-style- avia-icon-pos-left av-no-color avia-icon-animate \"><span class='av-icon-char' aria-hidden='true' data-av_icon='\ue842' data-av_iconfont='entypo-fontello' ><\/span><\/span> <a href=\"https:\/\/maps.app.goo.gl\/z9a7QK3X1ioGFrqAA\" target=\"_blank\" rel=\"noopener\">Rua Vila Nova, 940, Cachoeira<\/a><\/p>\n<p>\n<style type=\"text\/css\" id=\"style-css-av-7zee62-732ee5090831d0827e4c9640901e3ef8\">\n.av_font_icon.av-7zee62-732ee5090831d0827e4c9640901e3ef8 .av-icon-char{\nfont-size:30px;\nline-height:30px;\n}\n<\/style>\n<span  class=\"av_font_icon av-7zee62-732ee5090831d0827e4c9640901e3ef8 avia_animate_when_visible av-icon-style- avia-icon-pos-left av-no-color avia-icon-animate \"><span class='av-icon-char' aria-hidden='true' data-av_icon='\ue8ac' data-av_iconfont='entypo-fontello' ><\/span><\/span> (41) 9 9815-2946 <\/p>\n<p>\n<style type=\"text\/css\" id=\"style-css-av-kmhfe-df9ab60ca1a2c4a370caf1c9ecacfdac\">\n.av_font_icon.av-kmhfe-df9ab60ca1a2c4a370caf1c9ecacfdac .av-icon-char{\nfont-size:30px;\nline-height:30px;\n}\n<\/style>\n<span  class=\"av_font_icon av-kmhfe-df9ab60ca1a2c4a370caf1c9ecacfdac avia_animate_when_visible av-icon-style- avia-icon-pos-left av-no-color avia-icon-animate \"><span class='av-icon-char' aria-hidden='true' data-av_icon='\ue909' data-av_iconfont='entypo-fontello' ><\/span><\/span><a href=\"https:\/\/www.instagram.com\/chacaradasvaquinhas\/\" target=\"_blank\" rel=\"noopener\">@chacaradasvaquinhas<\/a><\/p>\n<p>\n<style type=\"text\/css\" id=\"style-css-av-3mtti2-906a6474ec5bc48e60c7753f1f389ba2\">\n.av_font_icon.av-3mtti2-906a6474ec5bc48e60c7753f1f389ba2 .av-icon-char{\nfont-size:30px;\nline-height:30px;\n}\n<\/style>\n<span  class=\"av_font_icon av-3mtti2-906a6474ec5bc48e60c7753f1f389ba2 avia_animate_when_visible av-icon-style- avia-icon-pos-left av-no-color avia-icon-animate \"><span class='av-icon-char' aria-hidden='true' data-av_icon='\ue8f5' data-av_iconfont='entypo-fontello' ><\/span><\/span><a href=\"https:\/\/www.facebook.com\/\/chacaradasvaquinhas\" target=\"_blank\" rel=\"noopener\">\/\/chacaradasvaquinhas<\/a><\/p>\n<p>\n<style type=\"text\/css\" id=\"style-css-av-27ee9m-05644d405c41482eb56e4004bf90f5ee\">\n.av_font_icon.av-27ee9m-05644d405c41482eb56e4004bf90f5ee .av-icon-char{\nfont-size:30px;\nline-height:30px;\n}\n<\/style>\n<span  class=\"av_font_icon av-27ee9m-05644d405c41482eb56e4004bf90f5ee avia_animate_when_visible av-icon-style- avia-icon-pos-left av-no-color avia-icon-animate \"><span class='av-icon-char' aria-hidden='true' data-av_icon='\ue8ad' data-av_iconfont='entypo-fontello' ><\/span><\/span><a href=\"https:\/\/www.tiktok.com\/@chacaradas.vaquinhas\" target=\"_blank\" rel=\"noopener\">tiktok.com\/@chacaradas.vaquinhas<\/a><\/p>\n<\/div><\/section><\/p><\/div><\/div><!--close column table wrapper. Autoclose: 1 --><\/p>\n","protected":false},"excerpt":{"rendered":"<p>Desfrute de um dia revitalizante para idosos! Atividades, caf\u00e9 de boas-vindas, almo\u00e7o balanceado e o carinho dos animais de s\u00edtio esperam por voc\u00ea.<br \/>\nEmpresa: <strong>Ch\u00e1cara das Vaquinhas<\/strong><br \/>\nMunic\u00edpio: <strong>S\u00e3o Jos\u00e9 dos Pinhais<\/strong><\/p>\n","protected":false},"author":2,"featured_media":2529,"comment_status":"closed","ping_status":"open","sticky":false,"template":"","format":"standard","meta":{"footnotes":""},"categories":[12,24,5,8],"tags":[88,89,9],"class_list":["post-1338","post","type-post","status-publish","format-standard","has-post-thumbnail","hentry","category-locais","category-rotas-do-pinhao","category-saude-e-beleza","category-segmentos","tag-animais","tag-day-use","tag-natureza"],"_links":{"self":[{"href":"https:\/\/sebraepr.com.br\/experienciasturisticas\/wp-json\/wp\/v2\/posts\/1338","targetHints":{"allow":["GET"]}}],"collection":[{"href":"https:\/\/sebraepr.com.br\/experienciasturisticas\/wp-json\/wp\/v2\/posts"}],"about":[{"href":"https:\/\/sebraepr.com.br\/experienciasturisticas\/wp-json\/wp\/v2\/types\/post"}],"author":[{"embeddable":true,"href":"https:\/\/sebraepr.com.br\/experienciasturisticas\/wp-json\/wp\/v2\/users\/2"}],"replies":[{"embeddable":true,"href":"https:\/\/sebraepr.com.br\/experienciasturisticas\/wp-json\/wp\/v2\/comments?post=1338"}],"version-history":[{"count":2,"href":"https:\/\/sebraepr.com.br\/experienciasturisticas\/wp-json\/wp\/v2\/posts\/1338\/revisions"}],"predecessor-version":[{"id":2530,"href":"https:\/\/sebraepr.com.br\/experienciasturisticas\/wp-json\/wp\/v2\/posts\/1338\/revisions\/2530"}],"wp:featuredmedia":[{"embeddable":true,"href":"https:\/\/sebraepr.com.br\/experienciasturisticas\/wp-json\/wp\/v2\/media\/2529"}],"wp:attachment":[{"href":"https:\/\/sebraepr.com.br\/experienciasturisticas\/wp-json\/wp\/v2\/media?parent=1338"}],"wp:term":[{"taxonomy":"category","embeddable":true,"href":"https:\/\/sebraepr.com.br\/experienciasturisticas\/wp-json\/wp\/v2\/categories?post=1338"},{"taxonomy":"post_tag","embeddable":true,"href":"https:\/\/sebraepr.com.br\/experienciasturisticas\/wp-json\/wp\/v2\/tags?post=1338"}],"curies":[{"name":"wp","href":"https:\/\/api.w.org\/{rel}","templated":true}]}}